{"id":75968,"date":"2016-12-16T09:08:12","date_gmt":"2016-12-16T12:08:12","guid":{"rendered":"http:\/\/www.eltrabajo.cl\/portal\/?p=75968"},"modified":"2016-12-16T09:08:12","modified_gmt":"2016-12-16T12:08:12","slug":"cinco-mil-ninos-tendran-su-navidad-con-juguetes-donados-por-municipio","status":"publish","type":"post","link":"https:\/\/eltrabajo.cl\/portal\/cinco-mil-ninos-tendran-su-navidad-con-juguetes-donados-por-municipio\/","title":{"rendered":"Cinco mil ni\u00f1os tendr\u00e1n su Navidad con juguetes donados por Municipio"},"content":{"rendered":"<ul>\n<li><strong>Municipalidad invirti\u00f3 $15 millones para ni\u00f1os de bajos recursos:<\/strong><\/li>\n<\/ul>\n<p>Con una inversi\u00f3n superior a los $15 millones, ayer jueves autoridades municipales procedieron a entregar m\u00e1s de 5.000 juguetes a dirigentes vecinales y de instituciones de bien social. Estos regalos, llegar\u00e1n en los pr\u00f3ximos d\u00edas a las manos de ni\u00f1os que tienen entre cero y seis a\u00f1os de edad, los que pertenecen a hogares de bajos recursos econ\u00f3micos. La entrega se hizo en dependencias de la C\u00e1mara de Comercio Detallista y Turismo de San Felipe.<\/p>\n<p><strong>S\u00cd A LA NAVIDAD<\/strong><br \/>\nDiario El Trabajo habl\u00f3 con el jefe comunal Patricio Freire, quien asegur\u00f3 a nuestro medio que \u00abno podr\u00eda ser justo que estos 5.000 ni\u00f1os pasaran esta Navidad sin recibir un juguete, es por ello que como Concejo Municipal, decidimos realizar esta importante inversi\u00f3n para ellos, sabemos que no podremos regalar a todos los ni\u00f1os de la provincia, pero en esta oportunidad lo estamos haciendo a esos hogares que bien sabemos no tienen recursos para solventar esas compras, ojala que estos peque\u00f1itos disfruten de su regalo y que cuiden tambi\u00e9n sus juguetes\u00bb, dijo emocionado el alcalde Freire.<\/p>\n<p><strong>UNA NAVIDAD SIN\u00a0JUGUETES B\u00c9LICOS<\/strong><br \/>\nNuestro medio tambi\u00e9n habl\u00f3 con el dideco Pablo Silva, quien asegur\u00f3 que \u00abson 110 juntas vecinales las que est\u00e1n recibiendo este jueves varias bolsas de juguetes para ni\u00f1os de cero a seis a\u00f1os, son juguetes muy amigables con los ni\u00f1os, no son b\u00e9licos ni son para juegos violentos, este es un programa que nuestro alcalde nos solicit\u00f3 desarrollar para estos ni\u00f1os sanfelipe\u00f1os, por lo que esperamos que sean bien aprovechados por los ni\u00f1os. Tambi\u00e9n hay varias instituciones beneficiadas, como Gendarmer\u00eda, Escuela Sagrado Coraz\u00f3n y varios jardines infantiles\u00bb, explic\u00f3 Silva.<\/p>\n<p><strong>DIRIGENTES AGRADECEN<\/strong><br \/>\nDiario El Trabajo habl\u00f3 con varios dirigentes vecinales, quienes se mostraron agradecidos por este importante aporte para los ni\u00f1os de sus poblaciones, en algunos casos s\u00f3lo estos regalos ser\u00e1 lo que reciban estos peque\u00f1itos.<br \/>\nRoberto S\u00e1ez, presidente Poblaci\u00f3n San Felipe: \u00abEn nuestra poblaci\u00f3n son 50 los ni\u00f1os que podr\u00e1n recibir estos regalos, la fiesta la haremos este domingo 18, tendremos para ellos juegos inflables y algunas sorpresas especiales, doy las gracias al alcalde Freire y a todo en Concejo por esta entrega especial\u00bb.<br \/>\nEdith Llanquitrup, Junta Vecinal Eusebio Lillo, Chorrillos: \u00abMuy contentos estamos por este gesto del Municipio, en nuestra poblaci\u00f3n son 20 ni\u00f1os los favorecidos y la fiesta la realizaremos el s\u00e1bado a las 19:00 horas, s\u00f3lo esta actividad tenemos, pues no hay recursos para m\u00e1s\u00bb.<br \/>\n<strong>Roberto Gonz\u00e1lez Short<\/strong><\/p>\n<figure id=\"attachment_75970\" aria-describedby=\"caption-attachment-75970\" style=\"width: 530px\" class=\"wp-caption alignleft\"><a href=\"http:\/\/www.eltrabajo.cl\/portal\/cinco-mil-ninos-tendran-su-navidad-con-juguetes-donados-por-municipio\/dirigentes33-2\/\" rel=\"attachment wp-att-75970\"><img data-recalc-dims=\"1\" loading=\"lazy\" decoding=\"async\" class=\"size-full wp-image-75970\" src=\"https:\/\/i0.wp.com\/www.eltrabajo.cl\/portal\/wp-content\/uploads\/2016\/12\/Dirigentes33.jpg?resize=530%2C349\" alt=\"JUSTO Y NECESARIO.- Los dirigentes vecinales aplaudieron el gesto del Municipio, pues en algunos casos los ni\u00f1os de sus poblaciones simplemente no recibir\u00edan regalos en Navidad.\" width=\"530\" height=\"349\" srcset=\"https:\/\/i0.wp.com\/eltrabajo.cl\/portal\/wp-content\/uploads\/2016\/12\/Dirigentes33.jpg?w=530&amp;ssl=1 530w, https:\/\/i0.wp.com\/eltrabajo.cl\/portal\/wp-content\/uploads\/2016\/12\/Dirigentes33.jpg?resize=200%2C132&amp;ssl=1 200w, https:\/\/i0.wp.com\/eltrabajo.cl\/portal\/wp-content\/uploads\/2016\/12\/Dirigentes33.jpg?resize=300%2C198&amp;ssl=1 300w, https:\/\/i0.wp.com\/eltrabajo.cl\/portal\/wp-content\/uploads\/2016\/12\/Dirigentes33.jpg?resize=228%2C150&amp;ssl=1 228w, https:\/\/i0.wp.com\/eltrabajo.cl\/portal\/wp-content\/uploads\/2016\/12\/Dirigentes33.jpg?resize=400%2C263&amp;ssl=1 400w\" sizes=\"auto, (max-width: 530px) 100vw, 530px\" \/><\/a><figcaption id=\"caption-attachment-75970\" class=\"wp-caption-text\">JUSTO Y NECESARIO.- Los dirigentes vecinales aplaudieron el gesto del Municipio, pues en algunos casos los ni\u00f1os de sus poblaciones simplemente no recibir\u00edan regalos en Navidad.<\/figcaption><\/figure>\n<figure id=\"attachment_75971\" aria-describedby=\"caption-attachment-75971\" style=\"width: 530px\" class=\"wp-caption alignleft\"><a href=\"http:\/\/www.eltrabajo.cl\/portal\/cinco-mil-ninos-tendran-su-navidad-con-juguetes-donados-por-municipio\/juguetes2-2\/\" rel=\"attachment wp-att-75971\"><img data-recalc-dims=\"1\" loading=\"lazy\" decoding=\"async\" class=\"size-full wp-image-75971\" src=\"https:\/\/i0.wp.com\/www.eltrabajo.cl\/portal\/wp-content\/uploads\/2016\/12\/Juguetes2-1.jpg?resize=530%2C350\" alt=\"LLEG\u00d3 LA NAVIDAD.- Decenas de dirigentes vecinales hac\u00edan fila ayer jueves en la C\u00e1mara de Comercio Detallista y Turismo de San Felipe para recibir las bolsas de regalos asignadas a sus poblaciones.\" width=\"530\" height=\"350\" srcset=\"https:\/\/i0.wp.com\/eltrabajo.cl\/portal\/wp-content\/uploads\/2016\/12\/Juguetes2-1.jpg?w=530&amp;ssl=1 530w, https:\/\/i0.wp.com\/eltrabajo.cl\/portal\/wp-content\/uploads\/2016\/12\/Juguetes2-1.jpg?resize=200%2C132&amp;ssl=1 200w, https:\/\/i0.wp.com\/eltrabajo.cl\/portal\/wp-content\/uploads\/2016\/12\/Juguetes2-1.jpg?resize=300%2C198&amp;ssl=1 300w, https:\/\/i0.wp.com\/eltrabajo.cl\/portal\/wp-content\/uploads\/2016\/12\/Juguetes2-1.jpg?resize=227%2C150&amp;ssl=1 227w, https:\/\/i0.wp.com\/eltrabajo.cl\/portal\/wp-content\/uploads\/2016\/12\/Juguetes2-1.jpg?resize=400%2C264&amp;ssl=1 400w\" sizes=\"auto, (max-width: 530px) 100vw, 530px\" \/><\/a><figcaption id=\"caption-attachment-75971\" class=\"wp-caption-text\">LLEG\u00d3 LA NAVIDAD.- Decenas de dirigentes vecinales hac\u00edan fila ayer jueves en la C\u00e1mara de Comercio Detallista y Turismo de San Felipe para recibir las bolsas de regalos asignadas a sus poblaciones.<\/figcaption><\/figure>\n<figure id=\"attachment_75972\" aria-describedby=\"caption-attachment-75972\" style=\"width: 530px\" class=\"wp-caption alignleft\"><a href=\"http:\/\/www.eltrabajo.cl\/portal\/cinco-mil-ninos-tendran-su-navidad-con-juguetes-donados-por-municipio\/juguetes3\/\" rel=\"attachment wp-att-75972\"><img data-recalc-dims=\"1\" loading=\"lazy\" decoding=\"async\" class=\"size-full wp-image-75972\" src=\"https:\/\/i0.wp.com\/www.eltrabajo.cl\/portal\/wp-content\/uploads\/2016\/12\/Juguetes3.jpg?resize=530%2C350\" alt=\"BACAAAN.- Juguetes como estos son los que muy pronto llegar\u00e1n a las manos de 5.000 ni\u00f1os sanfelipe\u00f1os de bajos recursos.\" width=\"530\" height=\"350\" srcset=\"https:\/\/i0.wp.com\/eltrabajo.cl\/portal\/wp-content\/uploads\/2016\/12\/Juguetes3.jpg?w=530&amp;ssl=1 530w, https:\/\/i0.wp.com\/eltrabajo.cl\/portal\/wp-content\/uploads\/2016\/12\/Juguetes3.jpg?resize=200%2C132&amp;ssl=1 200w, https:\/\/i0.wp.com\/eltrabajo.cl\/portal\/wp-content\/uploads\/2016\/12\/Juguetes3.jpg?resize=300%2C198&amp;ssl=1 300w, https:\/\/i0.wp.com\/eltrabajo.cl\/portal\/wp-content\/uploads\/2016\/12\/Juguetes3.jpg?resize=227%2C150&amp;ssl=1 227w, https:\/\/i0.wp.com\/eltrabajo.cl\/portal\/wp-content\/uploads\/2016\/12\/Juguetes3.jpg?resize=400%2C264&amp;ssl=1 400w\" sizes=\"auto, (max-width: 530px) 100vw, 530px\" \/><\/a><figcaption id=\"caption-attachment-75972\" class=\"wp-caption-text\">BACAAAN.- Juguetes como estos son los que muy pronto llegar\u00e1n a las manos de 5.000 ni\u00f1os sanfelipe\u00f1os de bajos recursos.<\/figcaption><\/figure>\n<figure id=\"attachment_75969\" aria-describedby=\"caption-attachment-75969\" style=\"width: 530px\" class=\"wp-caption alignleft\"><a href=\"http:\/\/www.eltrabajo.cl\/portal\/cinco-mil-ninos-tendran-su-navidad-con-juguetes-donados-por-municipio\/la-santita\/\" rel=\"attachment wp-att-75969\"><img data-recalc-dims=\"1\" loading=\"lazy\" decoding=\"async\" class=\"size-full wp-image-75969\" src=\"https:\/\/i0.wp.com\/www.eltrabajo.cl\/portal\/wp-content\/uploads\/2016\/12\/La-Santita.jpg?resize=530%2C349\" alt=\"LA SANTITA.- Estas vecinas, dirigentes de Poblaci\u00f3n La Santita, reciben con alegr\u00eda los juguetes de manos de los concejales y alcalde Freire.\" width=\"530\" height=\"349\" srcset=\"https:\/\/i0.wp.com\/eltrabajo.cl\/portal\/wp-content\/uploads\/2016\/12\/La-Santita.jpg?w=530&amp;ssl=1 530w, https:\/\/i0.wp.com\/eltrabajo.cl\/portal\/wp-content\/uploads\/2016\/12\/La-Santita.jpg?resize=200%2C132&amp;ssl=1 200w, https:\/\/i0.wp.com\/eltrabajo.cl\/portal\/wp-content\/uploads\/2016\/12\/La-Santita.jpg?resize=300%2C198&amp;ssl=1 300w, https:\/\/i0.wp.com\/eltrabajo.cl\/portal\/wp-content\/uploads\/2016\/12\/La-Santita.jpg?resize=228%2C150&amp;ssl=1 228w, https:\/\/i0.wp.com\/eltrabajo.cl\/portal\/wp-content\/uploads\/2016\/12\/La-Santita.jpg?resize=400%2C263&amp;ssl=1 400w\" sizes=\"auto, (max-width: 530px) 100vw, 530px\" \/><\/a><figcaption id=\"caption-attachment-75969\" class=\"wp-caption-text\">LA SANTITA.- Estas vecinas, dirigentes de Poblaci\u00f3n La Santita, reciben con alegr\u00eda los juguetes de manos de los concejales y alcalde Freire.<\/figcaption><\/figure>\n","protected":false},"excerpt":{"rendered":"<p>Municipalidad invirti\u00f3 $15 millones para ni\u00f1os de bajos recursos: Con una inversi\u00f3n superior a los $15 millones, ayer jueves autoridades municipales procedieron a entregar m\u00e1s de 5.000 juguetes a dirigentes vecinales y&#8230;<\/p>\n","protected":false},"author":1,"featured_media":75970,"comment_status":"open","ping_status":"open","sticky":false,"template":"","format":"standard","meta":{"advanced_seo_description":"","jetpack_seo_html_title":"","jetpack_seo_noindex":false,"_jetpack_memberships_contains_paid_content":false,"footnotes":""},"categories":[15],"tags":[],"class_list":["post-75968","post","type-post","status-publish","format-standard","has-post-thumbnail","hentry","category-comunidad"],"jetpack_featured_media_url":"https:\/\/i0.wp.com\/eltrabajo.cl\/portal\/wp-content\/uploads\/2016\/12\/Dirigentes33.jpg?fit=530%2C349&ssl=1","jetpack_sharing_enabled":true,"jetpack_likes_enabled":true,"jetpack-related-posts":[],"_links":{"self":[{"href":"https:\/\/eltrabajo.cl\/portal\/wp-json\/wp\/v2\/posts\/75968","targetHints":{"allow":["GET"]}}],"collection":[{"href":"https:\/\/eltrabajo.cl\/portal\/wp-json\/wp\/v2\/posts"}],"about":[{"href":"https:\/\/eltrabajo.cl\/portal\/wp-json\/wp\/v2\/types\/post"}],"author":[{"embeddable":true,"href":"https:\/\/eltrabajo.cl\/portal\/wp-json\/wp\/v2\/users\/1"}],"replies":[{"embeddable":true,"href":"https:\/\/eltrabajo.cl\/portal\/wp-json\/wp\/v2\/comments?post=75968"}],"version-history":[{"count":0,"href":"https:\/\/eltrabajo.cl\/portal\/wp-json\/wp\/v2\/posts\/75968\/revisions"}],"wp:featuredmedia":[{"embeddable":true,"href":"https:\/\/eltrabajo.cl\/portal\/wp-json\/wp\/v2\/media\/75970"}],"wp:attachment":[{"href":"https:\/\/eltrabajo.cl\/portal\/wp-json\/wp\/v2\/media?parent=75968"}],"wp:term":[{"taxonomy":"category","embeddable":true,"href":"https:\/\/eltrabajo.cl\/portal\/wp-json\/wp\/v2\/categories?post=75968"},{"taxonomy":"post_tag","embeddable":true,"href":"https:\/\/eltrabajo.cl\/portal\/wp-json\/wp\/v2\/tags?post=75968"}],"curies":[{"name":"wp","href":"https:\/\/api.w.org\/{rel}","templated":true}]}}