{"id":75988,"date":"2016-12-21T08:43:51","date_gmt":"2016-12-21T11:43:51","guid":{"rendered":"http:\/\/www.eltrabajo.cl\/portal\/?p=75988"},"modified":"2016-12-21T08:43:51","modified_gmt":"2016-12-21T11:43:51","slug":"cansados-de-soportar-el-sol-vecinos-piden-pronta-reposicion-de-paradero","status":"publish","type":"post","link":"https:\/\/eltrabajo.cl\/portal\/cansados-de-soportar-el-sol-vecinos-piden-pronta-reposicion-de-paradero\/","title":{"rendered":"Cansados de soportar el sol, vecinos piden\u00a0pronta reposici\u00f3n de paradero"},"content":{"rendered":"<ul>\n<li><strong>En V\u00edctor Laf\u00f3n con Los Paltos:<\/strong><\/li>\n<\/ul>\n<p>\u201c\u00a1Mucha falta hace un paradero ac\u00e1!\u201d, as\u00ed lo describen las personas que a diario deben tomar locomoci\u00f3n en calle V\u00edctor Laf\u00f3n, llegando a la avenida Los Paltos en San Felipe.<br \/>\nUna de las vecinas del sector, de nombre Nora, ratific\u00f3 la falta que hace contar con un refugio de peatones o paradero, especialmente ahora que hace mucho calor, porque est\u00e1n aburridos de esperar al sol para poder tomar locomoci\u00f3n colectiva.<br \/>\n\u201cAc\u00e1 no hay ni una sombra\u2026 nada para estar esperando. Ahora, la locomoci\u00f3n est\u00e1 pero p\u00e9sima, como ser los colectivos pasan dos cada quince minutos, tom\u00e9 hasta la hora\u201d, reclama.<br \/>\nLa vecina afirma que los colectivos pasan llenos, debiendo ir hasta la avenida Tocornal para tomar locomoci\u00f3n.<br \/>\nLa se\u00f1ora Nora reitera el malestar que provoca entre las personas la falta de un paradero.<br \/>\nSe dice que el paradero fue derribado por un veh\u00edculo hace unos quince d\u00edas a la fecha y desde ah\u00ed que no ha sido repuesto.<br \/>\n\u201cOjal\u00e1 que las autoridades nos escuchen porque hace mucha falta, mucha falta, especialmente en estos d\u00edas de calor\u201d, finalizan.<\/p>\n<figure id=\"attachment_75989\" aria-describedby=\"caption-attachment-75989\" style=\"width: 530px\" class=\"wp-caption alignleft\"><a href=\"http:\/\/www.eltrabajo.cl\/portal\/cansados-de-soportar-el-sol-vecinos-piden-pronta-reposicion-de-paradero\/vecinos-3\/\" rel=\"attachment wp-att-75989\"><img data-recalc-dims=\"1\" loading=\"lazy\" decoding=\"async\" class=\"size-full wp-image-75989\" src=\"https:\/\/i0.wp.com\/www.eltrabajo.cl\/portal\/wp-content\/uploads\/2016\/12\/Vecinos.jpg?resize=530%2C350\" alt=\"La imagen muestra c\u00f3mo deben esperar locomoci\u00f3n los vecinos que llegan hasta la intersecci\u00f3n de V\u00edctor Laf\u00f3n con Los Paltos.\" width=\"530\" height=\"350\" srcset=\"https:\/\/i0.wp.com\/eltrabajo.cl\/portal\/wp-content\/uploads\/2016\/12\/Vecinos.jpg?w=530&amp;ssl=1 530w, https:\/\/i0.wp.com\/eltrabajo.cl\/portal\/wp-content\/uploads\/2016\/12\/Vecinos.jpg?resize=200%2C132&amp;ssl=1 200w, https:\/\/i0.wp.com\/eltrabajo.cl\/portal\/wp-content\/uploads\/2016\/12\/Vecinos.jpg?resize=300%2C198&amp;ssl=1 300w, https:\/\/i0.wp.com\/eltrabajo.cl\/portal\/wp-content\/uploads\/2016\/12\/Vecinos.jpg?resize=227%2C150&amp;ssl=1 227w, https:\/\/i0.wp.com\/eltrabajo.cl\/portal\/wp-content\/uploads\/2016\/12\/Vecinos.jpg?resize=400%2C264&amp;ssl=1 400w\" sizes=\"auto, (max-width: 530px) 100vw, 530px\" \/><\/a><figcaption id=\"caption-attachment-75989\" class=\"wp-caption-text\">La imagen muestra c\u00f3mo deben esperar locomoci\u00f3n los vecinos que llegan hasta la intersecci\u00f3n de V\u00edctor Laf\u00f3n con Los Paltos.<\/figcaption><\/figure>\n","protected":false},"excerpt":{"rendered":"<p>En V\u00edctor Laf\u00f3n con Los Paltos: \u201c\u00a1Mucha falta hace un paradero ac\u00e1!\u201d, as\u00ed lo describen las personas que a diario deben tomar locomoci\u00f3n en calle V\u00edctor Laf\u00f3n, llegando a la avenida Los&#8230;<\/p>\n","protected":false},"author":1,"featured_media":75989,"comment_status":"open","ping_status":"open","sticky":false,"template":"","format":"standard","meta":{"advanced_seo_description":"","jetpack_seo_html_title":"","jetpack_seo_noindex":false,"_jetpack_memberships_contains_paid_content":false,"footnotes":""},"categories":[15],"tags":[],"class_list":["post-75988","post","type-post","status-publish","format-standard","has-post-thumbnail","hentry","category-comunidad"],"jetpack_featured_media_url":"https:\/\/i0.wp.com\/eltrabajo.cl\/portal\/wp-content\/uploads\/2016\/12\/Vecinos.jpg?fit=530%2C350&ssl=1","jetpack_sharing_enabled":true,"jetpack_likes_enabled":true,"jetpack-related-posts":[],"_links":{"self":[{"href":"https:\/\/eltrabajo.cl\/portal\/wp-json\/wp\/v2\/posts\/75988","targetHints":{"allow":["GET"]}}],"collection":[{"href":"https:\/\/eltrabajo.cl\/portal\/wp-json\/wp\/v2\/posts"}],"about":[{"href":"https:\/\/eltrabajo.cl\/portal\/wp-json\/wp\/v2\/types\/post"}],"author":[{"embeddable":true,"href":"https:\/\/eltrabajo.cl\/portal\/wp-json\/wp\/v2\/users\/1"}],"replies":[{"embeddable":true,"href":"https:\/\/eltrabajo.cl\/portal\/wp-json\/wp\/v2\/comments?post=75988"}],"version-history":[{"count":0,"href":"https:\/\/eltrabajo.cl\/portal\/wp-json\/wp\/v2\/posts\/75988\/revisions"}],"wp:featuredmedia":[{"embeddable":true,"href":"https:\/\/eltrabajo.cl\/portal\/wp-json\/wp\/v2\/media\/75989"}],"wp:attachment":[{"href":"https:\/\/eltrabajo.cl\/portal\/wp-json\/wp\/v2\/media?parent=75988"}],"wp:term":[{"taxonomy":"category","embeddable":true,"href":"https:\/\/eltrabajo.cl\/portal\/wp-json\/wp\/v2\/categories?post=75988"},{"taxonomy":"post_tag","embeddable":true,"href":"https:\/\/eltrabajo.cl\/portal\/wp-json\/wp\/v2\/tags?post=75988"}],"curies":[{"name":"wp","href":"https:\/\/api.w.org\/{rel}","templated":true}]}}