{"id":75996,"date":"2016-12-21T08:52:59","date_gmt":"2016-12-21T11:52:59","guid":{"rendered":"http:\/\/www.eltrabajo.cl\/portal\/?p=75996"},"modified":"2016-12-21T08:52:59","modified_gmt":"2016-12-21T11:52:59","slug":"aconcagua-runners-lidera-iniciativa-para-ley-del-deporte-en-la-v-region","status":"publish","type":"post","link":"https:\/\/eltrabajo.cl\/portal\/aconcagua-runners-lidera-iniciativa-para-ley-del-deporte-en-la-v-region\/","title":{"rendered":"Aconcagua Runners lidera iniciativa para Ley del Deporte en la V Regi\u00f3n"},"content":{"rendered":"<ul>\n<li><strong>\u00danico club en el Consejo Sociedad Civil del Ministerio del Deporte:<\/strong><\/li>\n<\/ul>\n<p>El pasado jueves fue una fecha important\u00edsima para Club Aconcagua Runners, ya que culmin\u00f3 un trabajo de meses, pues su presidente David Olivares Cruz, asisti\u00f3 a una reuni\u00f3n con la invitaci\u00f3n del Ministerio del Deporte a participar en una elecci\u00f3n de el Consejo Sociedad Civil (CSC), en esta reuni\u00f3n se dieron ciertas condiciones para postular a tal cargo a uno de los socios de Runners, Boris Z\u00fa\u00f1iga D\u00edaz, en la categor\u00eda Padres y Apoderados.<\/p>\n<p><strong>GRAN DIRECTORIO<\/strong><br \/>\nPor eso el pasado jueves, en una reuni\u00f3n en la que participaron todos los concejeros electos y con la participaci\u00f3n de las autoridades regionales como el seremi Leandro Torres Vega; el secretario ejecutivo del CSC Francisco Pinochet Ancelovici; el secretario de actas del CSC Pedro Reyes Orellana y en forma virtual a trav\u00e9s de sistema en l\u00ednea por pantalla, la ministra (s) del Deporte Nicol S\u00e1ez Pa\u00f1ero; la coordinadora del Ministerio del Deporte Andrea Naveas, encargada de participaci\u00f3n ciudadana del Ministerio del Deporte Fabiola Asmad y el encargado de la Comisi\u00f3n Electoral del Ministerio del Deporte, Manuel Bernal Ter\u00e1n, se realiz\u00f3 el acta de constituci\u00f3n del Concejo Sociedad Civil del Ministerio del Deporte, que fue presidido por Jorge Y\u00e1\u00f1ez Carrasco, presidente de Quillota Runners de la ciudad de Quillota.<\/p>\n<p><strong>TRABAJO INTEGRAL<\/strong><br \/>\n\u00abPara nosotros como Aconcagua Runners, la \u00fanica instituci\u00f3n que representamos a la regi\u00f3n por la zona cordillera, es un orgullo que a tan s\u00f3lo un a\u00f1o de formaci\u00f3n, estamos trabajando para que no s\u00f3lo el atletismo al que representamos, si no todo el deporte que se realice en la Quinta Regi\u00f3n Cordillera tenga voz en lo que ser\u00e1 la nueva Ley del Deporte\u00bb, coment\u00f3 a Diario El Trabajo el presidente del club, David Olivares.<br \/>\nEn la reuni\u00f3n se dio a conocer a la ministra (s) Nicol S\u00e1ez las deficiencias que tiene todo el deporte en general en San Felipe, y la falta de infraestructura, como tambi\u00e9n la formaci\u00f3n de un estadio sin pista atl\u00e9tica y la falta que hace, ya que en nuestra ciudad existen grandes atletas a nivel nacional y queda demostrado que S\u00e1ez ten\u00eda conocimiento de algunos de nuestros ni\u00f1os promisorios, como Francisca Z\u00fa\u00f1iga y Diego Valderrama.<br \/>\n\u00abBoris Z\u00fa\u00f1iga D\u00edaz, queda en el primer Cosoc del Ministerio del Deporte en representaci\u00f3n de Aconcagua Runners y de Padres y Apoderados de toda la Regi\u00f3n Cordillera y trabajar\u00e1 sin goce de un sueldo, ya que es honor\u00edfico en apoyo a todos los deportistas de nuestra regi\u00f3n\u00bb, asegur\u00f3 Olivares.<br \/>\n<strong>Roberto Gonz\u00e1lez Short<\/strong><\/p>\n<figure id=\"attachment_75999\" aria-describedby=\"caption-attachment-75999\" style=\"width: 530px\" class=\"wp-caption alignleft\"><a href=\"http:\/\/www.eltrabajo.cl\/portal\/aconcagua-runners-lidera-iniciativa-para-ley-del-deporte-en-la-v-region\/directorio33-2\/\" rel=\"attachment wp-att-75999\"><img data-recalc-dims=\"1\" loading=\"lazy\" decoding=\"async\" class=\"size-full wp-image-75999\" src=\"https:\/\/i0.wp.com\/www.eltrabajo.cl\/portal\/wp-content\/uploads\/2016\/12\/Directorio33.jpg?resize=530%2C350\" alt=\"FLAMANTE DIRECTORIO.- Ellos conforman el Consejo Sociedad Civil del Ministerio del Deporte para la V Regi\u00f3n, en el que Aconcagua Runners participa por nuestra comuna y por las dem\u00e1s comunas de la regi\u00f3n.\" width=\"530\" height=\"350\" srcset=\"https:\/\/i0.wp.com\/eltrabajo.cl\/portal\/wp-content\/uploads\/2016\/12\/Directorio33.jpg?w=530&amp;ssl=1 530w, https:\/\/i0.wp.com\/eltrabajo.cl\/portal\/wp-content\/uploads\/2016\/12\/Directorio33.jpg?resize=200%2C132&amp;ssl=1 200w, https:\/\/i0.wp.com\/eltrabajo.cl\/portal\/wp-content\/uploads\/2016\/12\/Directorio33.jpg?resize=300%2C198&amp;ssl=1 300w, https:\/\/i0.wp.com\/eltrabajo.cl\/portal\/wp-content\/uploads\/2016\/12\/Directorio33.jpg?resize=227%2C150&amp;ssl=1 227w, https:\/\/i0.wp.com\/eltrabajo.cl\/portal\/wp-content\/uploads\/2016\/12\/Directorio33.jpg?resize=400%2C264&amp;ssl=1 400w\" sizes=\"auto, (max-width: 530px) 100vw, 530px\" \/><\/a><figcaption id=\"caption-attachment-75999\" class=\"wp-caption-text\">FLAMANTE DIRECTORIO.- Ellos conforman el Consejo Sociedad Civil del Ministerio del Deporte para la V Regi\u00f3n, en el que Aconcagua Runners participa por nuestra comuna y por las dem\u00e1s comunas de la regi\u00f3n.<\/figcaption><\/figure>\n<figure id=\"attachment_75998\" aria-describedby=\"caption-attachment-75998\" style=\"width: 530px\" class=\"wp-caption alignleft\"><a href=\"http:\/\/www.eltrabajo.cl\/portal\/aconcagua-runners-lidera-iniciativa-para-ley-del-deporte-en-la-v-region\/directorio28\/\" rel=\"attachment wp-att-75998\"><img data-recalc-dims=\"1\" loading=\"lazy\" decoding=\"async\" class=\"size-full wp-image-75998\" src=\"https:\/\/i0.wp.com\/www.eltrabajo.cl\/portal\/wp-content\/uploads\/2016\/12\/Directorio28.jpg?resize=530%2C348\" alt=\"Z\u00da\u00d1IGA AL FRENTE.- Boris Z\u00fa\u00f1iga D\u00edaz (Izq.) queda en el primer Cosoc del Ministerio del Deporte en representaci\u00f3n de Aconcagua Runners y de Padres y Apoderados de toda la Regi\u00f3n Cordillera.\" width=\"530\" height=\"348\" srcset=\"https:\/\/i0.wp.com\/eltrabajo.cl\/portal\/wp-content\/uploads\/2016\/12\/Directorio28.jpg?w=530&amp;ssl=1 530w, https:\/\/i0.wp.com\/eltrabajo.cl\/portal\/wp-content\/uploads\/2016\/12\/Directorio28.jpg?resize=200%2C131&amp;ssl=1 200w, https:\/\/i0.wp.com\/eltrabajo.cl\/portal\/wp-content\/uploads\/2016\/12\/Directorio28.jpg?resize=300%2C197&amp;ssl=1 300w, https:\/\/i0.wp.com\/eltrabajo.cl\/portal\/wp-content\/uploads\/2016\/12\/Directorio28.jpg?resize=228%2C150&amp;ssl=1 228w, https:\/\/i0.wp.com\/eltrabajo.cl\/portal\/wp-content\/uploads\/2016\/12\/Directorio28.jpg?resize=400%2C263&amp;ssl=1 400w\" sizes=\"auto, (max-width: 530px) 100vw, 530px\" \/><\/a><figcaption id=\"caption-attachment-75998\" class=\"wp-caption-text\">Z\u00da\u00d1IGA AL FRENTE.- Boris Z\u00fa\u00f1iga D\u00edaz (Izq.) queda en el primer Cosoc del Ministerio del Deporte en representaci\u00f3n de Aconcagua Runners y de Padres y Apoderados de toda la Regi\u00f3n Cordillera.<\/figcaption><\/figure>\n<figure id=\"attachment_75997\" aria-describedby=\"caption-attachment-75997\" style=\"width: 530px\" class=\"wp-caption alignleft\"><a href=\"http:\/\/www.eltrabajo.cl\/portal\/aconcagua-runners-lidera-iniciativa-para-ley-del-deporte-en-la-v-region\/david-olivares\/\" rel=\"attachment wp-att-75997\"><img data-recalc-dims=\"1\" loading=\"lazy\" decoding=\"async\" class=\"size-full wp-image-75997\" src=\"https:\/\/i0.wp.com\/www.eltrabajo.cl\/portal\/wp-content\/uploads\/2016\/12\/David-Olivares.jpg?resize=530%2C349\" alt=\"Presidente de Aconcagua Runners, David Olivares.\" width=\"530\" height=\"349\" srcset=\"https:\/\/i0.wp.com\/eltrabajo.cl\/portal\/wp-content\/uploads\/2016\/12\/David-Olivares.jpg?w=530&amp;ssl=1 530w, https:\/\/i0.wp.com\/eltrabajo.cl\/portal\/wp-content\/uploads\/2016\/12\/David-Olivares.jpg?resize=200%2C132&amp;ssl=1 200w, https:\/\/i0.wp.com\/eltrabajo.cl\/portal\/wp-content\/uploads\/2016\/12\/David-Olivares.jpg?resize=300%2C198&amp;ssl=1 300w, https:\/\/i0.wp.com\/eltrabajo.cl\/portal\/wp-content\/uploads\/2016\/12\/David-Olivares.jpg?resize=228%2C150&amp;ssl=1 228w, https:\/\/i0.wp.com\/eltrabajo.cl\/portal\/wp-content\/uploads\/2016\/12\/David-Olivares.jpg?resize=400%2C263&amp;ssl=1 400w\" sizes=\"auto, (max-width: 530px) 100vw, 530px\" \/><\/a><figcaption id=\"caption-attachment-75997\" class=\"wp-caption-text\">Presidente de Aconcagua Runners, David Olivares.<\/figcaption><\/figure>\n","protected":false},"excerpt":{"rendered":"<p>\u00danico club en el Consejo Sociedad Civil del Ministerio del Deporte: El pasado jueves fue una fecha important\u00edsima para Club Aconcagua Runners, ya que culmin\u00f3 un trabajo de meses, pues su presidente&#8230;<\/p>\n","protected":false},"author":1,"featured_media":75999,"comment_status":"open","ping_status":"open","sticky":false,"template":"","format":"standard","meta":{"advanced_seo_description":"","jetpack_seo_html_title":"","jetpack_seo_noindex":false,"_jetpack_memberships_contains_paid_content":false,"footnotes":""},"categories":[15],"tags":[],"class_list":["post-75996","post","type-post","status-publish","format-standard","has-post-thumbnail","hentry","category-comunidad"],"jetpack_featured_media_url":"https:\/\/i0.wp.com\/eltrabajo.cl\/portal\/wp-content\/uploads\/2016\/12\/Directorio33.jpg?fit=530%2C350&ssl=1","jetpack_sharing_enabled":true,"jetpack_likes_enabled":true,"jetpack-related-posts":[],"_links":{"self":[{"href":"https:\/\/eltrabajo.cl\/portal\/wp-json\/wp\/v2\/posts\/75996","targetHints":{"allow":["GET"]}}],"collection":[{"href":"https:\/\/eltrabajo.cl\/portal\/wp-json\/wp\/v2\/posts"}],"about":[{"href":"https:\/\/eltrabajo.cl\/portal\/wp-json\/wp\/v2\/types\/post"}],"author":[{"embeddable":true,"href":"https:\/\/eltrabajo.cl\/portal\/wp-json\/wp\/v2\/users\/1"}],"replies":[{"embeddable":true,"href":"https:\/\/eltrabajo.cl\/portal\/wp-json\/wp\/v2\/comments?post=75996"}],"version-history":[{"count":0,"href":"https:\/\/eltrabajo.cl\/portal\/wp-json\/wp\/v2\/posts\/75996\/revisions"}],"wp:featuredmedia":[{"embeddable":true,"href":"https:\/\/eltrabajo.cl\/portal\/wp-json\/wp\/v2\/media\/75999"}],"wp:attachment":[{"href":"https:\/\/eltrabajo.cl\/portal\/wp-json\/wp\/v2\/media?parent=75996"}],"wp:term":[{"taxonomy":"category","embeddable":true,"href":"https:\/\/eltrabajo.cl\/portal\/wp-json\/wp\/v2\/categories?post=75996"},{"taxonomy":"post_tag","embeddable":true,"href":"https:\/\/eltrabajo.cl\/portal\/wp-json\/wp\/v2\/tags?post=75996"}],"curies":[{"name":"wp","href":"https:\/\/api.w.org\/{rel}","templated":true}]}}