{"id":76002,"date":"2016-12-21T09:00:02","date_gmt":"2016-12-21T12:00:02","guid":{"rendered":"http:\/\/www.eltrabajo.cl\/portal\/?p=76002"},"modified":"2016-12-21T09:00:02","modified_gmt":"2016-12-21T12:00:02","slug":"asi-recuerdan-sus-amigos-al-gerente-general-de-diario-el-trabajo","status":"publish","type":"post","link":"https:\/\/eltrabajo.cl\/portal\/asi-recuerdan-sus-amigos-al-gerente-general-de-diario-el-trabajo\/","title":{"rendered":"As\u00ed recuerdan sus amigos, al gerente general de Diario El Trabajo"},"content":{"rendered":"<p>Much\u00edsimas personas del Valle Aconcagua, entre autoridades, lectores, periodistas, artistas locales y amigos cercanos de don Miguel Ricardo Juri, acompa\u00f1aron el cortejo f\u00fanebre del connotado periodista, hasta su \u00daltima Morada. Pese al dolor que embarga a todo el personal de Diario El Trabajo, nuestro accionar period\u00edstico no se detuvo en su totalidad, por lo que hoy ofrecemos a nuestros lectores un reporte gr\u00e1fico sobre esta lamentable jornada.<br \/>\n<strong>Roberto Gonz\u00e1lez Short<\/strong><\/p>\n<figure id=\"attachment_76011\" aria-describedby=\"caption-attachment-76011\" style=\"width: 530px\" class=\"wp-caption alignleft\"><a href=\"http:\/\/www.eltrabajo.cl\/portal\/asi-recuerdan-sus-amigos-al-gerente-general-de-diario-el-trabajo\/dolor1-8\/\" rel=\"attachment wp-att-76011\"><img data-recalc-dims=\"1\" loading=\"lazy\" decoding=\"async\" class=\"size-full wp-image-76011\" src=\"https:\/\/i0.wp.com\/www.eltrabajo.cl\/portal\/wp-content\/uploads\/2016\/12\/Dolor1.jpg?resize=530%2C349\" alt=\"LA DESPEDIDA.- Familiares y amigos cercanos a don Miguel Ricardo, le dieron el \u00daltimo Adi\u00f3s al comunicador, en el Cementerio Parque Almendral.\" width=\"530\" height=\"349\" srcset=\"https:\/\/i0.wp.com\/eltrabajo.cl\/portal\/wp-content\/uploads\/2016\/12\/Dolor1.jpg?w=530&amp;ssl=1 530w, https:\/\/i0.wp.com\/eltrabajo.cl\/portal\/wp-content\/uploads\/2016\/12\/Dolor1.jpg?resize=200%2C132&amp;ssl=1 200w, https:\/\/i0.wp.com\/eltrabajo.cl\/portal\/wp-content\/uploads\/2016\/12\/Dolor1.jpg?resize=300%2C198&amp;ssl=1 300w, https:\/\/i0.wp.com\/eltrabajo.cl\/portal\/wp-content\/uploads\/2016\/12\/Dolor1.jpg?resize=228%2C150&amp;ssl=1 228w, https:\/\/i0.wp.com\/eltrabajo.cl\/portal\/wp-content\/uploads\/2016\/12\/Dolor1.jpg?resize=400%2C263&amp;ssl=1 400w\" sizes=\"auto, (max-width: 530px) 100vw, 530px\" \/><\/a><figcaption id=\"caption-attachment-76011\" class=\"wp-caption-text\">LA DESPEDIDA.- Familiares y amigos cercanos a don Miguel Ricardo, le dieron el \u00daltimo Adi\u00f3s al comunicador, en el Cementerio Parque Almendral.<\/figcaption><\/figure>\n<figure id=\"attachment_76012\" aria-describedby=\"caption-attachment-76012\" style=\"width: 530px\" class=\"wp-caption alignleft\"><a href=\"http:\/\/www.eltrabajo.cl\/portal\/asi-recuerdan-sus-amigos-al-gerente-general-de-diario-el-trabajo\/porta-despedida-miguel-juri\/\" rel=\"attachment wp-att-76012\"><img data-recalc-dims=\"1\" loading=\"lazy\" decoding=\"async\" class=\"size-full wp-image-76012\" src=\"https:\/\/i0.wp.com\/www.eltrabajo.cl\/portal\/wp-content\/uploads\/2016\/12\/porta-despedida-miguel-juri.jpg?resize=530%2C350\" alt=\"ADI\u00d3S DON MIGUEL.- El cortejo f\u00fanebre recorri\u00f3 Calle Salinas, deteni\u00e9ndose frente a la casa period\u00edstica Diario El Trabajo, el segundo hogar en vida de tan insigne periodista.\" width=\"530\" height=\"350\" srcset=\"https:\/\/i0.wp.com\/eltrabajo.cl\/portal\/wp-content\/uploads\/2016\/12\/porta-despedida-miguel-juri.jpg?w=530&amp;ssl=1 530w, https:\/\/i0.wp.com\/eltrabajo.cl\/portal\/wp-content\/uploads\/2016\/12\/porta-despedida-miguel-juri.jpg?resize=200%2C132&amp;ssl=1 200w, https:\/\/i0.wp.com\/eltrabajo.cl\/portal\/wp-content\/uploads\/2016\/12\/porta-despedida-miguel-juri.jpg?resize=300%2C198&amp;ssl=1 300w, https:\/\/i0.wp.com\/eltrabajo.cl\/portal\/wp-content\/uploads\/2016\/12\/porta-despedida-miguel-juri.jpg?resize=227%2C150&amp;ssl=1 227w, https:\/\/i0.wp.com\/eltrabajo.cl\/portal\/wp-content\/uploads\/2016\/12\/porta-despedida-miguel-juri.jpg?resize=400%2C264&amp;ssl=1 400w\" sizes=\"auto, (max-width: 530px) 100vw, 530px\" \/><\/a><figcaption id=\"caption-attachment-76012\" class=\"wp-caption-text\">ADI\u00d3S DON MIGUEL.- El cortejo f\u00fanebre recorri\u00f3 Calle Salinas, deteni\u00e9ndose frente a la casa period\u00edstica Diario El Trabajo, el segundo hogar en vida de tan insigne periodista.<\/figcaption><\/figure>\n<figure id=\"attachment_76010\" aria-describedby=\"caption-attachment-76010\" style=\"width: 300px\" class=\"wp-caption alignleft\"><a href=\"http:\/\/www.eltrabajo.cl\/portal\/asi-recuerdan-sus-amigos-al-gerente-general-de-diario-el-trabajo\/rolando-stevenson-29\/\" rel=\"attachment wp-att-76010\"><img data-recalc-dims=\"1\" loading=\"lazy\" decoding=\"async\" class=\"size-medium wp-image-76010\" src=\"https:\/\/i0.wp.com\/www.eltrabajo.cl\/portal\/wp-content\/uploads\/2016\/12\/Rolando-Stevenson-300x197.jpg?resize=300%2C197\" alt=\"Core Rolando Stevenson: \u00abSe nos fue un importante hombre de las comunicaciones de Chile y Aconcagua. Don Miguel Ricardo, ser\u00e1 recordado por sus grandes aportes al deporte tambi\u00e9n, pues \u00e9l lo vivi\u00f3 intensamente y las noticias, un gran Hijo Ilustre que nos deja satisfechos con la labor cumplida\u00bb.\" width=\"300\" height=\"197\" srcset=\"https:\/\/i0.wp.com\/eltrabajo.cl\/portal\/wp-content\/uploads\/2016\/12\/Rolando-Stevenson.jpg?resize=300%2C197&amp;ssl=1 300w, https:\/\/i0.wp.com\/eltrabajo.cl\/portal\/wp-content\/uploads\/2016\/12\/Rolando-Stevenson.jpg?resize=200%2C131&amp;ssl=1 200w, https:\/\/i0.wp.com\/eltrabajo.cl\/portal\/wp-content\/uploads\/2016\/12\/Rolando-Stevenson.jpg?resize=228%2C150&amp;ssl=1 228w, https:\/\/i0.wp.com\/eltrabajo.cl\/portal\/wp-content\/uploads\/2016\/12\/Rolando-Stevenson.jpg?resize=400%2C263&amp;ssl=1 400w, https:\/\/i0.wp.com\/eltrabajo.cl\/portal\/wp-content\/uploads\/2016\/12\/Rolando-Stevenson.jpg?w=530&amp;ssl=1 530w\" sizes=\"auto, (max-width: 300px) 100vw, 300px\" \/><\/a><figcaption id=\"caption-attachment-76010\" class=\"wp-caption-text\">Core Rolando Stevenson: \u00abSe nos fue un importante hombre de las comunicaciones de Chile y Aconcagua. Don Miguel Ricardo, ser\u00e1 recordado por sus grandes aportes al deporte tambi\u00e9n, pues \u00e9l lo vivi\u00f3 intensamente y las noticias, un gran Hijo Ilustre que nos deja satisfechos con la labor cumplida\u00bb.<\/figcaption><\/figure>\n<figure id=\"attachment_76009\" aria-describedby=\"caption-attachment-76009\" style=\"width: 300px\" class=\"wp-caption alignleft\"><a href=\"http:\/\/www.eltrabajo.cl\/portal\/asi-recuerdan-sus-amigos-al-gerente-general-de-diario-el-trabajo\/patricio-freire-19\/\" rel=\"attachment wp-att-76009\"><img data-recalc-dims=\"1\" loading=\"lazy\" decoding=\"async\" class=\"size-medium wp-image-76009\" src=\"https:\/\/i0.wp.com\/www.eltrabajo.cl\/portal\/wp-content\/uploads\/2016\/12\/Patricio-Freire-300x197.jpg?resize=300%2C197\" alt=\"Alcalde de San Felipe, Patricio Freire: \u00abHa muerto un hombre bueno, trabajador y justo. Desde el lunes, el Concejo Municipal de San Felipe declaramos tres d\u00edas de luto, porque no muri\u00f3 cualquier vecino, nos dej\u00f3 un Hijo Ilustre de nuestra ciudad, descanse en paz don Miguel Ricardo Juri\u00bb.\" width=\"300\" height=\"197\" srcset=\"https:\/\/i0.wp.com\/eltrabajo.cl\/portal\/wp-content\/uploads\/2016\/12\/Patricio-Freire.jpg?resize=300%2C197&amp;ssl=1 300w, https:\/\/i0.wp.com\/eltrabajo.cl\/portal\/wp-content\/uploads\/2016\/12\/Patricio-Freire.jpg?resize=200%2C131&amp;ssl=1 200w, https:\/\/i0.wp.com\/eltrabajo.cl\/portal\/wp-content\/uploads\/2016\/12\/Patricio-Freire.jpg?resize=228%2C150&amp;ssl=1 228w, https:\/\/i0.wp.com\/eltrabajo.cl\/portal\/wp-content\/uploads\/2016\/12\/Patricio-Freire.jpg?resize=400%2C263&amp;ssl=1 400w, https:\/\/i0.wp.com\/eltrabajo.cl\/portal\/wp-content\/uploads\/2016\/12\/Patricio-Freire.jpg?w=530&amp;ssl=1 530w\" sizes=\"auto, (max-width: 300px) 100vw, 300px\" \/><\/a><figcaption id=\"caption-attachment-76009\" class=\"wp-caption-text\">Alcalde de San Felipe, Patricio Freire: \u00abHa muerto un hombre bueno, trabajador y justo. Desde el lunes, el Concejo Municipal de San Felipe declaramos tres d\u00edas de luto, porque no muri\u00f3 cualquier vecino, nos dej\u00f3 un Hijo Ilustre de nuestra ciudad, descanse en paz don Miguel Ricardo Juri\u00bb.<\/figcaption><\/figure>\n<figure id=\"attachment_76008\" aria-describedby=\"caption-attachment-76008\" style=\"width: 300px\" class=\"wp-caption alignleft\"><a href=\"http:\/\/www.eltrabajo.cl\/portal\/asi-recuerdan-sus-amigos-al-gerente-general-de-diario-el-trabajo\/manuel-valdes\/\" rel=\"attachment wp-att-76008\"><img data-recalc-dims=\"1\" loading=\"lazy\" decoding=\"async\" class=\"size-medium wp-image-76008\" src=\"https:\/\/i0.wp.com\/www.eltrabajo.cl\/portal\/wp-content\/uploads\/2016\/12\/Manuel-Valdes-300x197.jpg?resize=300%2C197\" alt=\"Manuel Vald\u00e9s, periodista deportivo: \u00abMiguel nos deja un importante legado, con \u00e9l aprend\u00ed much\u00edsimo, le agradezco que me incorporara al mundo de la radio y del periodismo\u00bb.\" width=\"300\" height=\"197\" srcset=\"https:\/\/i0.wp.com\/eltrabajo.cl\/portal\/wp-content\/uploads\/2016\/12\/Manuel-Valdes.jpg?resize=300%2C197&amp;ssl=1 300w, https:\/\/i0.wp.com\/eltrabajo.cl\/portal\/wp-content\/uploads\/2016\/12\/Manuel-Valdes.jpg?resize=200%2C131&amp;ssl=1 200w, https:\/\/i0.wp.com\/eltrabajo.cl\/portal\/wp-content\/uploads\/2016\/12\/Manuel-Valdes.jpg?resize=228%2C150&amp;ssl=1 228w, https:\/\/i0.wp.com\/eltrabajo.cl\/portal\/wp-content\/uploads\/2016\/12\/Manuel-Valdes.jpg?resize=400%2C263&amp;ssl=1 400w, https:\/\/i0.wp.com\/eltrabajo.cl\/portal\/wp-content\/uploads\/2016\/12\/Manuel-Valdes.jpg?w=530&amp;ssl=1 530w\" sizes=\"auto, (max-width: 300px) 100vw, 300px\" \/><\/a><figcaption id=\"caption-attachment-76008\" class=\"wp-caption-text\">Manuel Vald\u00e9s, periodista deportivo: \u00abMiguel nos deja un importante legado, con \u00e9l aprend\u00ed much\u00edsimo, le agradezco que me incorporara al mundo de la radio y del periodismo\u00bb.<\/figcaption><\/figure>\n<figure id=\"attachment_76007\" aria-describedby=\"caption-attachment-76007\" style=\"width: 300px\" class=\"wp-caption alignleft\"><a href=\"http:\/\/www.eltrabajo.cl\/portal\/asi-recuerdan-sus-amigos-al-gerente-general-de-diario-el-trabajo\/kauffmann-chivano-helmuth\/\" rel=\"attachment wp-att-76007\"><img data-recalc-dims=\"1\" loading=\"lazy\" decoding=\"async\" class=\"size-medium wp-image-76007\" src=\"https:\/\/i0.wp.com\/www.eltrabajo.cl\/portal\/wp-content\/uploads\/2016\/12\/KAUFFMANN-CHIVANO-HELMUTH-300x198.jpg?resize=300%2C198\" alt=\"Helmut Kauffmann, educador: \u00abUn gran periodista que nos dej\u00f3 este domingo, quiero expresar mis condolencias a toda la familia de don Miguel Ricardo, pues han perdido, al igual que nosotros, a un gran amigo, el valle llora a este hombre de buen proceder\u00bb.\" width=\"300\" height=\"198\" srcset=\"https:\/\/i0.wp.com\/eltrabajo.cl\/portal\/wp-content\/uploads\/2016\/12\/KAUFFMANN-CHIVANO-HELMUTH.jpg?resize=300%2C198&amp;ssl=1 300w, https:\/\/i0.wp.com\/eltrabajo.cl\/portal\/wp-content\/uploads\/2016\/12\/KAUFFMANN-CHIVANO-HELMUTH.jpg?resize=200%2C132&amp;ssl=1 200w, https:\/\/i0.wp.com\/eltrabajo.cl\/portal\/wp-content\/uploads\/2016\/12\/KAUFFMANN-CHIVANO-HELMUTH.jpg?resize=227%2C150&amp;ssl=1 227w, https:\/\/i0.wp.com\/eltrabajo.cl\/portal\/wp-content\/uploads\/2016\/12\/KAUFFMANN-CHIVANO-HELMUTH.jpg?resize=400%2C264&amp;ssl=1 400w, https:\/\/i0.wp.com\/eltrabajo.cl\/portal\/wp-content\/uploads\/2016\/12\/KAUFFMANN-CHIVANO-HELMUTH.jpg?w=530&amp;ssl=1 530w\" sizes=\"auto, (max-width: 300px) 100vw, 300px\" \/><\/a><figcaption id=\"caption-attachment-76007\" class=\"wp-caption-text\">Helmut Kauffmann, educador: \u00abUn gran periodista que nos dej\u00f3 este domingo, quiero expresar mis condolencias a toda la familia de don Miguel Ricardo, pues han perdido, al igual que nosotros, a un gran amigo, el valle llora a este hombre de buen proceder\u00bb.<\/figcaption><\/figure>\n<figure id=\"attachment_76006\" aria-describedby=\"caption-attachment-76006\" style=\"width: 300px\" class=\"wp-caption alignleft\"><a href=\"http:\/\/www.eltrabajo.cl\/portal\/asi-recuerdan-sus-amigos-al-gerente-general-de-diario-el-trabajo\/jaime-amar-30\/\" rel=\"attachment wp-att-76006\"><img data-recalc-dims=\"1\" loading=\"lazy\" decoding=\"async\" class=\"size-medium wp-image-76006\" src=\"https:\/\/i0.wp.com\/www.eltrabajo.cl\/portal\/wp-content\/uploads\/2016\/12\/Jaime-Amar-300x198.jpg?resize=300%2C198\" alt=\"Jaime Amar, exalcalde de San Felipe y empresario: \u00abMiguel Ricardo representa dos visiones de San Felipe. Primero: Como hijo de migrantes palestinos, \u00e9l representa una gran importancia en la cultura y desarrollo de la zona, la familia \u00e1rabe aconcag\u00fcina hemos perdido a un gran amigo. Segundo, \u00e9l siempre estuvo ligado al periodismo sano y constructivo, una persona \u00edntegra y muy amigable, quien logr\u00f3 generar en sus hijos el amor por el periodismo\u00bb.\" width=\"300\" height=\"198\" srcset=\"https:\/\/i0.wp.com\/eltrabajo.cl\/portal\/wp-content\/uploads\/2016\/12\/Jaime-Amar.jpg?resize=300%2C198&amp;ssl=1 300w, https:\/\/i0.wp.com\/eltrabajo.cl\/portal\/wp-content\/uploads\/2016\/12\/Jaime-Amar.jpg?resize=200%2C132&amp;ssl=1 200w, https:\/\/i0.wp.com\/eltrabajo.cl\/portal\/wp-content\/uploads\/2016\/12\/Jaime-Amar.jpg?resize=228%2C150&amp;ssl=1 228w, https:\/\/i0.wp.com\/eltrabajo.cl\/portal\/wp-content\/uploads\/2016\/12\/Jaime-Amar.jpg?resize=400%2C263&amp;ssl=1 400w, https:\/\/i0.wp.com\/eltrabajo.cl\/portal\/wp-content\/uploads\/2016\/12\/Jaime-Amar.jpg?w=530&amp;ssl=1 530w\" sizes=\"auto, (max-width: 300px) 100vw, 300px\" \/><\/a><figcaption id=\"caption-attachment-76006\" class=\"wp-caption-text\">Jaime Amar, exalcalde de San Felipe y empresario: \u00abMiguel Ricardo representa dos visiones de San Felipe. Primero: Como hijo de migrantes palestinos, \u00e9l representa una gran importancia en la cultura y desarrollo de la zona, la familia \u00e1rabe aconcag\u00fcina hemos perdido a un gran amigo. Segundo, \u00e9l siempre estuvo ligado al periodismo sano y constructivo, una persona \u00edntegra y muy amigable, quien logr\u00f3 generar en sus hijos el amor por el periodismo\u00bb.<\/figcaption><\/figure>\n<figure id=\"attachment_76005\" aria-describedby=\"caption-attachment-76005\" style=\"width: 300px\" class=\"wp-caption alignleft\"><a href=\"http:\/\/www.eltrabajo.cl\/portal\/asi-recuerdan-sus-amigos-al-gerente-general-de-diario-el-trabajo\/claudio-zurita-10\/\" rel=\"attachment wp-att-76005\"><img data-recalc-dims=\"1\" loading=\"lazy\" decoding=\"async\" class=\"size-medium wp-image-76005\" src=\"https:\/\/i0.wp.com\/www.eltrabajo.cl\/portal\/wp-content\/uploads\/2016\/12\/Claudio-Zurita-300x197.jpg?resize=300%2C197\" alt=\"Alcalde de Santa Mar\u00eda, Claudio Zurita: \u00abMis condolencias a la Familia Juri, don Miguel ha sido un gran aporte a nuestro Valle de Aconcagua, un abrazo fraterno a toda su familia y empleados del diario\u00bb.\" width=\"300\" height=\"197\" srcset=\"https:\/\/i0.wp.com\/eltrabajo.cl\/portal\/wp-content\/uploads\/2016\/12\/Claudio-Zurita.jpg?resize=300%2C197&amp;ssl=1 300w, https:\/\/i0.wp.com\/eltrabajo.cl\/portal\/wp-content\/uploads\/2016\/12\/Claudio-Zurita.jpg?resize=200%2C131&amp;ssl=1 200w, https:\/\/i0.wp.com\/eltrabajo.cl\/portal\/wp-content\/uploads\/2016\/12\/Claudio-Zurita.jpg?resize=228%2C150&amp;ssl=1 228w, https:\/\/i0.wp.com\/eltrabajo.cl\/portal\/wp-content\/uploads\/2016\/12\/Claudio-Zurita.jpg?resize=400%2C263&amp;ssl=1 400w, https:\/\/i0.wp.com\/eltrabajo.cl\/portal\/wp-content\/uploads\/2016\/12\/Claudio-Zurita.jpg?w=530&amp;ssl=1 530w\" sizes=\"auto, (max-width: 300px) 100vw, 300px\" \/><\/a><figcaption id=\"caption-attachment-76005\" class=\"wp-caption-text\">Alcalde de Santa Mar\u00eda, Claudio Zurita: \u00abMis condolencias a la Familia Juri, don Miguel ha sido un gran aporte a nuestro Valle de Aconcagua, un abrazo fraterno a toda su familia y empleados del diario\u00bb.<\/figcaption><\/figure>\n<figure id=\"attachment_76004\" aria-describedby=\"caption-attachment-76004\" style=\"width: 300px\" class=\"wp-caption alignleft\"><a href=\"http:\/\/www.eltrabajo.cl\/portal\/asi-recuerdan-sus-amigos-al-gerente-general-de-diario-el-trabajo\/caballito33-3\/\" rel=\"attachment wp-att-76004\"><img data-recalc-dims=\"1\" loading=\"lazy\" decoding=\"async\" class=\"size-medium wp-image-76004\" src=\"https:\/\/i0.wp.com\/www.eltrabajo.cl\/portal\/wp-content\/uploads\/2016\/12\/Caballito33-300x197.jpg?resize=300%2C197\" alt=\"Fernando Caballito Blanco\u2019 Montenegro, payador: \u00abDon Miguel Ricardo, un gran comunicador, \u00e9l emigr\u00f3 a Estados Unidos para poder sacar adelante el diario, yo trabaj\u00e9 con \u00e9l hace 40 a\u00f1os en la tipograf\u00eda, desde entonces estoy ligado al Diario\u00bb.\" width=\"300\" height=\"197\" srcset=\"https:\/\/i0.wp.com\/eltrabajo.cl\/portal\/wp-content\/uploads\/2016\/12\/Caballito33.jpg?resize=300%2C197&amp;ssl=1 300w, https:\/\/i0.wp.com\/eltrabajo.cl\/portal\/wp-content\/uploads\/2016\/12\/Caballito33.jpg?resize=200%2C131&amp;ssl=1 200w, https:\/\/i0.wp.com\/eltrabajo.cl\/portal\/wp-content\/uploads\/2016\/12\/Caballito33.jpg?resize=228%2C150&amp;ssl=1 228w, https:\/\/i0.wp.com\/eltrabajo.cl\/portal\/wp-content\/uploads\/2016\/12\/Caballito33.jpg?resize=400%2C263&amp;ssl=1 400w, https:\/\/i0.wp.com\/eltrabajo.cl\/portal\/wp-content\/uploads\/2016\/12\/Caballito33.jpg?w=530&amp;ssl=1 530w\" sizes=\"auto, (max-width: 300px) 100vw, 300px\" \/><\/a><figcaption id=\"caption-attachment-76004\" class=\"wp-caption-text\">Fernando Caballito Blanco\u2019 Montenegro, payador: \u00abDon Miguel Ricardo, un gran comunicador, \u00e9l emigr\u00f3 a Estados Unidos para poder sacar adelante el diario, yo trabaj\u00e9 con \u00e9l hace 40 a\u00f1os en la tipograf\u00eda, desde entonces estoy ligado al Diario\u00bb.<\/figcaption><\/figure>\n<figure id=\"attachment_76003\" aria-describedby=\"caption-attachment-76003\" style=\"width: 300px\" class=\"wp-caption alignleft\"><a href=\"http:\/\/www.eltrabajo.cl\/portal\/asi-recuerdan-sus-amigos-al-gerente-general-de-diario-el-trabajo\/augusto-trincado-2\/\" rel=\"attachment wp-att-76003\"><img data-recalc-dims=\"1\" loading=\"lazy\" decoding=\"async\" class=\"size-medium wp-image-76003\" src=\"https:\/\/i0.wp.com\/www.eltrabajo.cl\/portal\/wp-content\/uploads\/2016\/12\/Augusto-Trincado-300x197.jpg?resize=300%2C197\" alt=\"Augusto Trincado, presidente Suplementeros de San Felipe: \u00ab\u00c9l fue una persona muy importante en nuestra ciudad. Los suplementeros estamos muy dolidos con su muerte, por muchos a\u00f1os tratamos con don Miguel, era una persona muy tratable, lo extra\u00f1aremos\u00bb.\" width=\"300\" height=\"197\" srcset=\"https:\/\/i0.wp.com\/eltrabajo.cl\/portal\/wp-content\/uploads\/2016\/12\/Augusto-Trincado.jpg?resize=300%2C197&amp;ssl=1 300w, https:\/\/i0.wp.com\/eltrabajo.cl\/portal\/wp-content\/uploads\/2016\/12\/Augusto-Trincado.jpg?resize=200%2C131&amp;ssl=1 200w, https:\/\/i0.wp.com\/eltrabajo.cl\/portal\/wp-content\/uploads\/2016\/12\/Augusto-Trincado.jpg?resize=228%2C150&amp;ssl=1 228w, https:\/\/i0.wp.com\/eltrabajo.cl\/portal\/wp-content\/uploads\/2016\/12\/Augusto-Trincado.jpg?resize=400%2C263&amp;ssl=1 400w, https:\/\/i0.wp.com\/eltrabajo.cl\/portal\/wp-content\/uploads\/2016\/12\/Augusto-Trincado.jpg?w=530&amp;ssl=1 530w\" sizes=\"auto, (max-width: 300px) 100vw, 300px\" \/><\/a><figcaption id=\"caption-attachment-76003\" class=\"wp-caption-text\">Augusto Trincado, presidente Suplementeros de San Felipe: \u00ab\u00c9l fue una persona muy importante en nuestra ciudad. Los suplementeros estamos muy dolidos con su muerte, por muchos a\u00f1os tratamos con don Miguel, era una persona muy tratable, lo extra\u00f1aremos\u00bb.<\/figcaption><\/figure>\n","protected":false},"excerpt":{"rendered":"<p>Much\u00edsimas personas del Valle Aconcagua, entre autoridades, lectores, periodistas, artistas locales y amigos cercanos de don Miguel Ricardo Juri, acompa\u00f1aron el cortejo f\u00fanebre del connotado periodista, hasta su \u00daltima Morada. Pese al&#8230;<\/p>\n","protected":false},"author":1,"featured_media":76012,"comment_status":"open","ping_status":"open","sticky":false,"template":"","format":"standard","meta":{"advanced_seo_description":"","jetpack_seo_html_title":"","jetpack_seo_noindex":false,"_jetpack_memberships_contains_paid_content":false,"footnotes":""},"categories":[15],"tags":[],"class_list":["post-76002","post","type-post","status-publish","format-standard","has-post-thumbnail","hentry","category-comunidad"],"jetpack_featured_media_url":"https:\/\/i0.wp.com\/eltrabajo.cl\/portal\/wp-content\/uploads\/2016\/12\/porta-despedida-miguel-juri.jpg?fit=530%2C350&ssl=1","jetpack_sharing_enabled":true,"jetpack_likes_enabled":true,"jetpack-related-posts":[],"_links":{"self":[{"href":"https:\/\/eltrabajo.cl\/portal\/wp-json\/wp\/v2\/posts\/76002","targetHints":{"allow":["GET"]}}],"collection":[{"href":"https:\/\/eltrabajo.cl\/portal\/wp-json\/wp\/v2\/posts"}],"about":[{"href":"https:\/\/eltrabajo.cl\/portal\/wp-json\/wp\/v2\/types\/post"}],"author":[{"embeddable":true,"href":"https:\/\/eltrabajo.cl\/portal\/wp-json\/wp\/v2\/users\/1"}],"replies":[{"embeddable":true,"href":"https:\/\/eltrabajo.cl\/portal\/wp-json\/wp\/v2\/comments?post=76002"}],"version-history":[{"count":0,"href":"https:\/\/eltrabajo.cl\/portal\/wp-json\/wp\/v2\/posts\/76002\/revisions"}],"wp:featuredmedia":[{"embeddable":true,"href":"https:\/\/eltrabajo.cl\/portal\/wp-json\/wp\/v2\/media\/76012"}],"wp:attachment":[{"href":"https:\/\/eltrabajo.cl\/portal\/wp-json\/wp\/v2\/media?parent=76002"}],"wp:term":[{"taxonomy":"category","embeddable":true,"href":"https:\/\/eltrabajo.cl\/portal\/wp-json\/wp\/v2\/categories?post=76002"},{"taxonomy":"post_tag","embeddable":true,"href":"https:\/\/eltrabajo.cl\/portal\/wp-json\/wp\/v2\/tags?post=76002"}],"curies":[{"name":"wp","href":"https:\/\/api.w.org\/{rel}","templated":true}]}}