{"id":76015,"date":"2016-12-21T09:03:34","date_gmt":"2016-12-21T12:03:34","guid":{"rendered":"http:\/\/www.eltrabajo.cl\/portal\/?p=76015"},"modified":"2016-12-21T09:08:33","modified_gmt":"2016-12-21T12:08:33","slug":"aconcagua-aun-llora-la-muerte-del-periodista-miguel-ricardo-juri-juri","status":"publish","type":"post","link":"https:\/\/eltrabajo.cl\/portal\/aconcagua-aun-llora-la-muerte-del-periodista-miguel-ricardo-juri-juri\/","title":{"rendered":"Aconcagua a\u00fan llora la muerte del periodista Miguel Ricardo Juri Juri"},"content":{"rendered":"<ul>\n<li><strong><span style=\"color: #ff0000;\">Hijo Ilustre parti\u00f3 habiendo cumplido todas sus metas:<\/span>\u00a0Gerente General de Diario El Trabajo, fue despedido por amigos y familiares en gran caravana por el centro de la ciudad. <\/strong><\/li>\n<\/ul>\n<p>M\u00e1s que estar de luto el mundo del Periodismo en nuestro pa\u00eds, estremecido se encuentra todo el Valle de Aconcagua tras el lamentable deceso del periodista y empresario sanfelipe\u00f1o; due\u00f1o de Diario El Trabajo, don Miguel Ricardo Juri Juri, quien falleciera en horas de la tarde de este domingo en el Hospital San Camilo, tras una serie de problemas de salud, la que se deterior\u00f3 vertiginosamente en las \u00faltimas semanas. Su muerte lleg\u00f3 en un ambiente de amor, cari\u00f1o y gratas atenciones de toda su familia y trabajadores, quienes lloran su partida.<br \/>\nEste multifac\u00e9tico sanfelipe\u00f1o, naci\u00f3 el s\u00e1bado 25 de agosto de 1934 en nuestra comuna. Desde muy chico se incorpor\u00f3 a las labores de aprendiz de impresi\u00f3n, manejo b\u00e1sico de fotograf\u00eda y redacci\u00f3n, combinando estos oficios con su pasi\u00f3n por el canto y otras actividades del espect\u00e1culo de la \u00e9poca, como era la radio y otras iniciativas.<\/p>\n<p><strong>LECTORES SOLIDARIOS<\/strong><br \/>\nLas muestras de solidaridad a la Familia Juri Ceballos no se hicieron esperar, pues apenas falleci\u00f3 nuestro gerente general, decenas de llamadas telef\u00f3nicas han saturado las l\u00edneas del diario y l\u00edneas celulares personales de la familia y de quienes laboramos en este medio, llamadas en las que se nos expresa la pena por esta irreparable p\u00e9rdida. El gerente general de Diario El Trabajo, fue despedido por amigos y familiares en gran caravana por el centro de la ciudad.<\/p>\n<p><strong>SU DESCENDENCIA<\/strong><br \/>\nEste gigante de las comunicaciones, fue declarado Hijo Ilustre de San Felipe el domingo 3 de agosto de 1997, dicho honor en virtud de sus m\u00e9ritos bien ganados. A su paso por esta vida don Miguel Ricardo Juri dej\u00f3 seis hijos: Miguel \u00c1ngel, Rosa Estela, Juan Carlos, Ana Mar\u00eda, Mar\u00eda Ang\u00e9lica, Marco Antonio y Oscar. Estos hijos le dieron a don Ricardo 22 nietos, quienes le colmaban de alegr\u00edas en sus a\u00f1os m\u00e1s relajados, tambi\u00e9n llegaron a su vida trece regalones bisnietos.<\/p>\n<p><strong>\u00daLTIMA ENTREVISTA<\/strong><br \/>\nEl viernes 24 de febrero de 2017, en Diario El Trabajo ser\u00e1n celebrados 88 a\u00f1os de circulaci\u00f3n ininterrumpida en todo el Valle de Aconcagua, ya que este medio chileno naci\u00f3 el domingo 24 de febrero de 1929 en Putaendo. Nuestra empresa, fue fundada por el inmigrante palestino El\u00edas Juri Jacob, quien era un comerciante en sus a\u00f1os de juventud.<br \/>\nHace algunos meses, publicamos una entrevista a don Miguel Ricardo Juri, hoy compartimos nuevamente esta entrevista, a fin de recordar c\u00f3mo miraba y expresaba su amor por Diario El Trabajo este singular periodista.<br \/>\n<strong>\u2013 \u00bfC\u00f3mo naci\u00f3 Diario El Trabajo y cu\u00e1ndo?<\/strong><br \/>\n\u2013 Mi abuelo El\u00edas era palestino, vino a Chile muy joven y se afinc\u00f3 en Putaendo como un comerciante m\u00e1s, tuvo luego la idea de redactar cuatro hojas de peri\u00f3dico con breves noticias muy locales de Putaendo, de inmediato la gente se interes\u00f3 en esos contenidos y naci\u00f3 as\u00ed Diario El Trabajo.<br \/>\n\u2013 \u00bfEntonces fue un \u00e9xito la idea de crear estas publicaciones?<br \/>\n\u2013 \u00a1Claro que fue un \u00e9xito! El abuelo, viendo el gran inter\u00e9s por sus reportes impresos, determin\u00f3 que ten\u00eda que migrar a una ciudad m\u00e1s grande y en ese caso, era San Felipe la ciudad m\u00e1s cercana con mayor poblaci\u00f3n, por lo que decidi\u00f3 instalarse en nuestra ciudad. Ya aqu\u00ed, el abuelo pas\u00f3 a imprimir ocho p\u00e1ginas, era muy importante nuestro diario y \u00e9ramos harto \u00fatiles a todo el valle, pues \u00e9ramos los \u00fanicos en circulaci\u00f3n.<br \/>\n<strong>\u2013 \u00bfC\u00f3mo fueron llegando los siguientes directores de este medio impreso?<\/strong><br \/>\n\u2013 Al tiempo, y digo que a muchos a\u00f1os, abuelo ya estaba muy cansado, fue uno de sus hijos, V\u00edctor Juri Henr\u00edquez, quien mostr\u00f3 m\u00e1s inter\u00e9s en seguir con la empresa familiar de Diario El Trabajo, as\u00ed las cosas, abuelo lo nombr\u00f3 director.<br \/>\n\u2013 \u00bfUsted a qu\u00e9 se dedicaba en esos a\u00f1os?<br \/>\n\u2013 Yo en esos a\u00f1os era apenas un jovencito (ver foto), ya yo me relacionaba con distintos medios de prensa, especialmente radio, as\u00ed que sin saberlo me estaba preparando para la que ser\u00eda mi carrera en periodismo; en esos tiempos tambi\u00e9n me gustaba cantar, la poes\u00eda y hasta ten\u00eda un grupo musical con Palmenia Pizarro, ella y yo \u00e9ramos los referentes art\u00edsticos de la \u00e9poca, costaba m\u00e1s lograr notoriedad y a\u00fan as\u00ed debo reconocer que nos fue muy bien.<br \/>\n<strong>\u2013 \u00bfQu\u00e9 pas\u00f3 con don V\u00edctor y c\u00f3mo sigui\u00f3 en circulaci\u00f3n el diario?<\/strong><br \/>\n\u2013 Bueno, t\u00edo V\u00edctor falleci\u00f3 bastante joven, como \u00e9l era el director, me correspondi\u00f3 a m\u00ed asumir la direcci\u00f3n del diario por muchos a\u00f1os, eran \u00e9pocas distintas y costaba mucho conseguir y confirmar las noticias, adem\u00e1s, eran muy pocas las novedades, por lo que diariamente hab\u00eda que ingeni\u00e1rselas para lograr publicar un buen titular, no hab\u00eda Internet ni tecnolog\u00eda digital como ahora, era pura estrategia y tenacidad, porque con los a\u00f1os fueron saliendo otros peri\u00f3dicos y revistas, todos ellos eran tambi\u00e9n nuestra competencia.<br \/>\n<strong>\u2013 Usted se retir\u00f3 de la direcci\u00f3n, \u00bfcrees que te retiraste antes de tiempo?<\/strong><br \/>\n\u2013 Creo que sigo al frente de la empresa, porque tambi\u00e9n debo dar espacio y desarrollo a mis hijos, ya con los a\u00f1os yo tambi\u00e9n me cans\u00e9 un poco del reporteo y de llevar la Direcci\u00f3n, por eso delegu\u00e9 ese cargo a mi hijo Miguel \u00c1ngel Juri, quien supo tambi\u00e9n dirigir la nave por bastantes a\u00f1os y lo hizo muy bien, fue en 2005 cuando mi otro hijo, Marco Antonio Juri, asumi\u00f3 la responsabilidad de dirigir Diario El Trabajo hasta la fecha, con \u00e9l logramos adaptarnos al cambio del nuevo siglo y a la digitalizaci\u00f3n en la que vivimos como sociedad.<br \/>\n<strong>\u2013 \u00bfCu\u00e1l consideras que es la f\u00f3rmula para el \u00e9xito de Diario El Trabajo?<\/strong><br \/>\n\u2013 La f\u00f3rmula del \u00e9xito de Diario El Trabajo est\u00e1 ligada directamente a que somos una empresa familiar, al compromiso familiar de no dejar caer nuestra fuente de trabajo, y tambi\u00e9n est\u00e1 ligada a realizar periodismo de la manera m\u00e1s justa y veraz, de generaci\u00f3n en generaci\u00f3n nos hemos pasado el mando, aunque no han sido f\u00e1ciles los a\u00f1os. Hubo tiempos muy dif\u00edciles para casi todos los medios de comunicaci\u00f3n chilenos, pero en nuestro caso reaccionamos como la familia unida que somos los Juri, por eso es que dedicamos este 87\u00ba aniversario a todos los aconcag\u00fcinos, a todos los sanfelipe\u00f1os y en especial a todos nuestro fieles lectores, much\u00edsimas gracias.<\/p>\n<p><strong>NUESTROS DIRECTORES<\/strong><br \/>\nDiario El Trabajo ha sido dirigido por cinco directores, que tambi\u00e9n vivieron las buenas y las malas del siglo que pas\u00f3 y algunos las de la nueva centuria que vivimos, ellos son, por orden de aparici\u00f3n en la vida de este matutino chileno: El\u00edas Juri Jacob, director y fundador que entreg\u00f3 la Direcci\u00f3n del medio en 1948 tras haberlo creado en 1929.<br \/>\nLos siguientes 20 a\u00f1os de Diario El Trabajo estar\u00edan bajo el criterio del director V\u00edctor Juri Henr\u00edquez, quien en 1968 delega funciones a Miguel Ricardo Juri Juri y \u00e9ste a su hijo Miguel \u00c1ngel Juri Ceballos en 1987, quien lo sostendr\u00eda de pie durante los siguientes 18 a\u00f1os, cuando entrega la silla de director al actual titular de Diario El Trabajo, Marco Antonio Juri Ceballos, quien asumi\u00f3 labores como tal en marzo de 2005 y hasta la actualidad se mantiene al frente de este medio de Aconcagua.<br \/>\nTodo el personal de Diario El Trabajo, as\u00ed como su numerosa familia, agradecemos sinceramente todo el afecto y solidaridad expresada tras conocerse la triste noticia.<br \/>\n<strong>Roberto Gonz\u00e1lez Short<\/strong><\/p>\n<figure id=\"attachment_76016\" aria-describedby=\"caption-attachment-76016\" style=\"width: 529px\" class=\"wp-caption alignleft\"><a href=\"http:\/\/www.eltrabajo.cl\/portal\/aconcagua-aun-llora-la-muerte-del-periodista-miguel-ricardo-juri-juri\/familiar33-2\/\" rel=\"attachment wp-att-76016\"><img data-recalc-dims=\"1\" loading=\"lazy\" decoding=\"async\" class=\"size-full wp-image-76016\" src=\"https:\/\/i0.wp.com\/www.eltrabajo.cl\/portal\/wp-content\/uploads\/2016\/12\/Familiar33.jpg?resize=529%2C659\" alt=\"APENAS UN NI\u00d1O.- En el c\u00edrculo, a la izquierda, vemos a don Ricardo Juri cuando apenas era un joven cantante y aprendiz de periodismo.\" width=\"529\" height=\"659\" srcset=\"https:\/\/i0.wp.com\/eltrabajo.cl\/portal\/wp-content\/uploads\/2016\/12\/Familiar33.jpg?w=529&amp;ssl=1 529w, https:\/\/i0.wp.com\/eltrabajo.cl\/portal\/wp-content\/uploads\/2016\/12\/Familiar33.jpg?resize=120%2C150&amp;ssl=1 120w, https:\/\/i0.wp.com\/eltrabajo.cl\/portal\/wp-content\/uploads\/2016\/12\/Familiar33.jpg?resize=241%2C300&amp;ssl=1 241w, https:\/\/i0.wp.com\/eltrabajo.cl\/portal\/wp-content\/uploads\/2016\/12\/Familiar33.jpg?resize=400%2C498&amp;ssl=1 400w\" sizes=\"auto, (max-width: 529px) 100vw, 529px\" \/><\/a><figcaption id=\"caption-attachment-76016\" class=\"wp-caption-text\">APENAS UN NI\u00d1O.- En el c\u00edrculo, a la izquierda, vemos a don Ricardo Juri cuando apenas era un joven cantante y aprendiz de periodismo.<\/figcaption><\/figure>\n<figure id=\"attachment_76017\" aria-describedby=\"caption-attachment-76017\" style=\"width: 530px\" class=\"wp-caption alignleft\"><a href=\"http:\/\/www.eltrabajo.cl\/portal\/aconcagua-aun-llora-la-muerte-del-periodista-miguel-ricardo-juri-juri\/miguelito33\/\" rel=\"attachment wp-att-76017\"><img data-recalc-dims=\"1\" loading=\"lazy\" decoding=\"async\" class=\"size-full wp-image-76017\" src=\"https:\/\/i0.wp.com\/www.eltrabajo.cl\/portal\/wp-content\/uploads\/2016\/12\/Miguelito33.jpg?resize=530%2C348\" alt=\"MISA Y FUNERALES.- Don Miguel fue velado en la iglesia La Merced, sus funerales iniciaron con una Misa a las 16:00 horas, pasando luego sus restos luego al Cementerio Parque Almendral.\" width=\"530\" height=\"348\" srcset=\"https:\/\/i0.wp.com\/eltrabajo.cl\/portal\/wp-content\/uploads\/2016\/12\/Miguelito33.jpg?w=530&amp;ssl=1 530w, https:\/\/i0.wp.com\/eltrabajo.cl\/portal\/wp-content\/uploads\/2016\/12\/Miguelito33.jpg?resize=200%2C131&amp;ssl=1 200w, https:\/\/i0.wp.com\/eltrabajo.cl\/portal\/wp-content\/uploads\/2016\/12\/Miguelito33.jpg?resize=300%2C197&amp;ssl=1 300w, https:\/\/i0.wp.com\/eltrabajo.cl\/portal\/wp-content\/uploads\/2016\/12\/Miguelito33.jpg?resize=228%2C150&amp;ssl=1 228w, https:\/\/i0.wp.com\/eltrabajo.cl\/portal\/wp-content\/uploads\/2016\/12\/Miguelito33.jpg?resize=400%2C263&amp;ssl=1 400w\" sizes=\"auto, (max-width: 530px) 100vw, 530px\" \/><\/a><figcaption id=\"caption-attachment-76017\" class=\"wp-caption-text\">MISA Y FUNERALES.- Don Miguel fue velado en la iglesia La Merced, sus funerales iniciaron con una Misa a las 16:00 horas, pasando luego sus restos luego al Cementerio Parque Almendral.<\/figcaption><\/figure>\n","protected":false},"excerpt":{"rendered":"<p>Hijo Ilustre parti\u00f3 habiendo cumplido todas sus metas:\u00a0Gerente General de Diario El Trabajo, fue despedido por amigos y familiares en gran caravana por el centro de la ciudad. M\u00e1s que estar de&#8230;<\/p>\n","protected":false},"author":1,"featured_media":76017,"comment_status":"open","ping_status":"open","sticky":false,"template":"","format":"standard","meta":{"advanced_seo_description":"","jetpack_seo_html_title":"","jetpack_seo_noindex":false,"_jetpack_memberships_contains_paid_content":false,"footnotes":""},"categories":[15],"tags":[],"class_list":["post-76015","post","type-post","status-publish","format-standard","has-post-thumbnail","hentry","category-comunidad"],"jetpack_featured_media_url":"https:\/\/i0.wp.com\/eltrabajo.cl\/portal\/wp-content\/uploads\/2016\/12\/Miguelito33.jpg?fit=530%2C348&ssl=1","jetpack_sharing_enabled":true,"jetpack_likes_enabled":true,"jetpack-related-posts":[],"_links":{"self":[{"href":"https:\/\/eltrabajo.cl\/portal\/wp-json\/wp\/v2\/posts\/76015","targetHints":{"allow":["GET"]}}],"collection":[{"href":"https:\/\/eltrabajo.cl\/portal\/wp-json\/wp\/v2\/posts"}],"about":[{"href":"https:\/\/eltrabajo.cl\/portal\/wp-json\/wp\/v2\/types\/post"}],"author":[{"embeddable":true,"href":"https:\/\/eltrabajo.cl\/portal\/wp-json\/wp\/v2\/users\/1"}],"replies":[{"embeddable":true,"href":"https:\/\/eltrabajo.cl\/portal\/wp-json\/wp\/v2\/comments?post=76015"}],"version-history":[{"count":0,"href":"https:\/\/eltrabajo.cl\/portal\/wp-json\/wp\/v2\/posts\/76015\/revisions"}],"wp:featuredmedia":[{"embeddable":true,"href":"https:\/\/eltrabajo.cl\/portal\/wp-json\/wp\/v2\/media\/76017"}],"wp:attachment":[{"href":"https:\/\/eltrabajo.cl\/portal\/wp-json\/wp\/v2\/media?parent=76015"}],"wp:term":[{"taxonomy":"category","embeddable":true,"href":"https:\/\/eltrabajo.cl\/portal\/wp-json\/wp\/v2\/categories?post=76015"},{"taxonomy":"post_tag","embeddable":true,"href":"https:\/\/eltrabajo.cl\/portal\/wp-json\/wp\/v2\/tags?post=76015"}],"curies":[{"name":"wp","href":"https:\/\/api.w.org\/{rel}","templated":true}]}}