{"id":76021,"date":"2016-12-21T08:57:03","date_gmt":"2016-12-21T11:57:03","guid":{"rendered":"http:\/\/www.eltrabajo.cl\/portal\/?p=76021"},"modified":"2016-12-21T09:14:56","modified_gmt":"2016-12-21T12:14:56","slug":"por-siempre-don-miguel","status":"publish","type":"post","link":"https:\/\/eltrabajo.cl\/portal\/por-siempre-don-miguel\/","title":{"rendered":"Por siempre &#8216;Don Miguel&#8217;"},"content":{"rendered":"<p>Hace casi cuarenta a\u00f1os, \u2018Don Miguel\u2019 Ricardo Juri Juri sufrir\u00eda su primer infarto al coraz\u00f3n. Toda una vida como deportista junto al vigor y fortaleza que siempre le acompa\u00f1aron, le ayudar\u00edan a superar ese primer evento. Las estad\u00edsticas eran terribles: solo un 20% de las v\u00edctimas sobreviv\u00eda; ello, sin considerar que por aquel entonces el hospital de San Felipe ni siquiera contaba con un desfibrilador para hacer frente a una falla card\u00edaca (hoy los hay hasta en las ambulancias).<br \/>\nNo ser\u00eda esa la primera vez que nosotros, sus hijos, lo ver\u00edamos en una sala UCI, conectado a tubos, m\u00e1quinas y mangueras que lo mantendr\u00edan con vida, hasta que su deteriorado coraz\u00f3n recuperara la fuerza para permitirle seguir respirando. Fueron al menos tres eventos serios en que estuvo muerto por breves lapsos de tiempo, el \u00faltimo de los cuales, incluso, por largos cinco minutos, donde solo la porf\u00eda del Dr. Luis Foncea lo traer\u00eda de regreso del insondable mundo del m\u00e1s all\u00e1. Para muchos, aquello fue sencillamente un milagro.<br \/>\nComo sea, ese primer infarto coloc\u00f3 a \u2018Don Miguel\u2019 por primera vez frente a la muerte, lo que le llev\u00f3 a meditar sobre lo que ser\u00eda y deseaba para su \u00faltimo adi\u00f3s: un funeral sencillo, tal como era \u00e9l en vida; una ceremonia pr\u00e1cticamente privada, sin discursos ni alabanzas de personas que hablar\u00edan maravillas del \u2018finado\u2019, de sus virtudes y de lo bueno que era en la vida, bonitas pero innecesarias palabras que no se corresponder\u00edan con la verdad, pues \u00e9l, como cualquiera, tambi\u00e9n ten\u00eda defectos, pero de ellos nadie hablar\u00eda. Hasta ese punto lleg\u00f3 su compromiso con la Verdad, valor superior que siempre defendi\u00f3 y que nos inculc\u00f3 respetar y hacerlo parte de nuestras vidas, constituyendo la esencia de Diario El Trabajo.<br \/>\nA pesar que est\u00e1bamos decididos a cumplir esa \u00faltima voluntad, manifestada hace casi 40 a\u00f1os, la verdad es que fallamos en el \u00faltimo momento. Su muerte se registr\u00f3 a las 15,30 horas del domingo 18 de diciembre, y aunque intentamos mantenerlo en reserva, en menos de 30 minutos los tel\u00e9fonos comenzaron a sonar insistentemente, preguntando si era verdad que \u2018Don Miguel\u2019 hab\u00eda fallecido. Ya no ser\u00eda posible tener una ceremonia privada, pues eran miles de personas, ligadas a las m\u00e1s diversas esferas de nuestro f\u00e9rtil valle, las que conoc\u00edan, apreciaban y respetaban a nuestro padre, a quien siempre llamaron \u2018Don Miguel\u2019 con cari\u00f1o y respeto.<br \/>\nCuando un adulto mayor fallece, los que llegan a despedirlo suelen ser muy pocos, pues muchos de sus amigos ya han partido. En esta ocasi\u00f3n y pese a lo infernal del d\u00eda, fueron varios cientos de personas, grandes y poderosos, humildes y modestos, los que llegaron a dar el \u00faltimo adi\u00f3s. Luego una larga caravana de veh\u00edculos recorrer\u00eda algunas calles de la ciudad, pasando frente a su casa y frente al edificio de Diario El Trabajo en calle Salinas.<br \/>\nYa en el Cementerio Parque de Almendral, y atendiendo solo en parte el deseo de nuestro padre, hubo espacio para dos discursos, el primero del Alcalde Patricio Freire que concurri\u00f3 a despedirlo, tanto en su calidad de amigo personal como de edil de la ciudad, por ser Miguel Ricardo Juri Juri declarado Hijo Ilustre de San Felipe el a\u00f1o 1997, durante la gesti\u00f3n del exalcalde Jaime Amar que tambi\u00e9n estaba presente en el lugar. Despu\u00e9s la intervenci\u00f3n de Manuel Vald\u00e9s, Director del programa radial Deportes en la (radio) Aconcagua, quien se refiri\u00f3 a la labor desarrollada por Miguel Juri como relator deportivo, fundador del programa y como su profesor y gu\u00eda en el mundo del periodismo deportivo.<br \/>\nA menudo a las personas que detentan un cargo relevante, que son poderosos, millonarios o muy importantes, se les antepone el t\u00edtulo de \u2018Don\u2019 a su nombre de pila. Nuestro padre fue siempre un hombre sencillo, austero, sin \u00ednfulas de grandeza; su modestia y sencillez fueron parte de su car\u00e1cter, unido a un exquisito sentido del humor y el respeto que profesaba a todos, sin importar credo ni condici\u00f3n econ\u00f3mica, social o cultural. Ello le vali\u00f3 que le la gente le llamara \u2018Don\u2019, no por ser un hombre importante, propietario del \u00fanico diario de la provincia de San Felipe, sino porque su forma de ser le vali\u00f3 ese honor, ganado con el cari\u00f1o y respeto que supo despertar en todos quienes le conocieron. Es precisamente esto lo que nos lleva a estar tranquilos, pues nuestro padre nos despierta profunda admiraci\u00f3n y el leg\u00edtimo orgullo de ser sus hijos.<br \/>\n<strong>Marco A. Juri<\/strong><\/p>\n<figure id=\"attachment_76018\" aria-describedby=\"caption-attachment-76018\" style=\"width: 529px\" class=\"wp-caption alignleft\"><a href=\"http:\/\/www.eltrabajo.cl\/portal\/aconcagua-aun-llora-la-muerte-del-periodista-miguel-ricardo-juri-juri\/ricardo-juri\/\" rel=\"attachment wp-att-76018\"><img data-recalc-dims=\"1\" loading=\"lazy\" decoding=\"async\" class=\"size-full wp-image-76018\" src=\"https:\/\/i0.wp.com\/www.eltrabajo.cl\/portal\/wp-content\/uploads\/2016\/12\/Ricardo-Juri.jpg?resize=529%2C589\" alt=\"EL JOVEN RICARDO.- As\u00ed luc\u00eda este periodista sanfelipe\u00f1o cuando apenas ten\u00eda 20 a\u00f1os.\" width=\"529\" height=\"589\" srcset=\"https:\/\/i0.wp.com\/eltrabajo.cl\/portal\/wp-content\/uploads\/2016\/12\/Ricardo-Juri.jpg?w=529&amp;ssl=1 529w, https:\/\/i0.wp.com\/eltrabajo.cl\/portal\/wp-content\/uploads\/2016\/12\/Ricardo-Juri.jpg?resize=135%2C150&amp;ssl=1 135w, https:\/\/i0.wp.com\/eltrabajo.cl\/portal\/wp-content\/uploads\/2016\/12\/Ricardo-Juri.jpg?resize=269%2C300&amp;ssl=1 269w, https:\/\/i0.wp.com\/eltrabajo.cl\/portal\/wp-content\/uploads\/2016\/12\/Ricardo-Juri.jpg?resize=400%2C445&amp;ssl=1 400w\" sizes=\"auto, (max-width: 529px) 100vw, 529px\" \/><\/a><figcaption id=\"caption-attachment-76018\" class=\"wp-caption-text\">EL JOVEN RICARDO.- As\u00ed luc\u00eda este periodista sanfelipe\u00f1o cuando apenas ten\u00eda 20 a\u00f1os.<\/figcaption><\/figure>\n","protected":false},"excerpt":{"rendered":"<p>Hace casi cuarenta a\u00f1os, \u2018Don Miguel\u2019 Ricardo Juri Juri sufrir\u00eda su primer infarto al coraz\u00f3n. Toda una vida como deportista junto al vigor y fortaleza que siempre le acompa\u00f1aron, le ayudar\u00edan a&#8230;<\/p>\n","protected":false},"author":1,"featured_media":76028,"comment_status":"open","ping_status":"open","sticky":false,"template":"","format":"standard","meta":{"advanced_seo_description":"","jetpack_seo_html_title":"","jetpack_seo_noindex":false,"_jetpack_memberships_contains_paid_content":false,"footnotes":""},"categories":[32],"tags":[],"class_list":["post-76021","post","type-post","status-publish","format-standard","has-post-thumbnail","hentry","category-opinion"],"jetpack_featured_media_url":"https:\/\/i0.wp.com\/eltrabajo.cl\/portal\/wp-content\/uploads\/2016\/12\/Ricardo-Juri-1.jpg?fit=530%2C349&ssl=1","jetpack_sharing_enabled":true,"jetpack_likes_enabled":true,"jetpack-related-posts":[],"_links":{"self":[{"href":"https:\/\/eltrabajo.cl\/portal\/wp-json\/wp\/v2\/posts\/76021","targetHints":{"allow":["GET"]}}],"collection":[{"href":"https:\/\/eltrabajo.cl\/portal\/wp-json\/wp\/v2\/posts"}],"about":[{"href":"https:\/\/eltrabajo.cl\/portal\/wp-json\/wp\/v2\/types\/post"}],"author":[{"embeddable":true,"href":"https:\/\/eltrabajo.cl\/portal\/wp-json\/wp\/v2\/users\/1"}],"replies":[{"embeddable":true,"href":"https:\/\/eltrabajo.cl\/portal\/wp-json\/wp\/v2\/comments?post=76021"}],"version-history":[{"count":0,"href":"https:\/\/eltrabajo.cl\/portal\/wp-json\/wp\/v2\/posts\/76021\/revisions"}],"wp:featuredmedia":[{"embeddable":true,"href":"https:\/\/eltrabajo.cl\/portal\/wp-json\/wp\/v2\/media\/76028"}],"wp:attachment":[{"href":"https:\/\/eltrabajo.cl\/portal\/wp-json\/wp\/v2\/media?parent=76021"}],"wp:term":[{"taxonomy":"category","embeddable":true,"href":"https:\/\/eltrabajo.cl\/portal\/wp-json\/wp\/v2\/categories?post=76021"},{"taxonomy":"post_tag","embeddable":true,"href":"https:\/\/eltrabajo.cl\/portal\/wp-json\/wp\/v2\/tags?post=76021"}],"curies":[{"name":"wp","href":"https:\/\/api.w.org\/{rel}","templated":true}]}}