{"id":76034,"date":"2016-12-22T08:41:48","date_gmt":"2016-12-22T11:41:48","guid":{"rendered":"http:\/\/www.eltrabajo.cl\/portal\/?p=76034"},"modified":"2016-12-22T08:41:48","modified_gmt":"2016-12-22T11:41:48","slug":"espectacular-celebracion-de-navidad-en-el-estadio-municipal-de-llay-llay","status":"publish","type":"post","link":"https:\/\/eltrabajo.cl\/portal\/espectacular-celebracion-de-navidad-en-el-estadio-municipal-de-llay-llay\/","title":{"rendered":"Espectacular celebraci\u00f3n de Navidad en el Estadio Municipal de Llay Llay"},"content":{"rendered":"<p><strong>M\u00e1s de tres mil ni\u00f1os, disfrutaron de juegos inflables, juegos de agua, pinta caritas, zumba, el divertido show de Pol\u00edn y Maxi, los exploracolores de Cantando Aprendo a Hablar. <\/strong><\/p>\n<p><strong>LLAY LLAY.-<\/strong> Este a\u00f1o, el alcalde Edgardo Gonz\u00e1lez, quiso innovar en la celebraci\u00f3n de Navidad comunal, que cada a\u00f1o la Municipalidad realiza, y es por ello que la fiesta se efectu\u00f3 en el Estadio Municipal, y fue abierta para todos los vecinos de Llay Llay. Los ni\u00f1os de entre 0 mes a 9 a\u00f1os, previamente inscritos en la Oficina de la Mujer, recibieron su regalo, tanto de los sectores rurales como en el centro de la ciudad.<br \/>\nA partir de las 16:00 horas, los ni\u00f1os de la comuna, pudieron disfrutar de una entretenida jornada, donde hubo dulces, golosinas, helados, regalos, juegos inflables, juegos de agua, pelotas, rollers, pintacaritas, globoflexia, zumbakids, animaciones, disfraces infantiles, concluyendo con la presentaci\u00f3n de Maxi, Pol\u00ed y el lobito Caulim\u00f3n de los exploracolores de Cantando Aprendo a Hablar. Adem\u00e1s, al lugar lleg\u00f3 el Viejito Pascuero con quien pudieron tomarse unas fotograf\u00edas y entregar sus cartas.<br \/>\nEl evento, fue financiado en su totalidad con recursos municipales.<br \/>\nAl respecto, el alcalde Edgardo Gonz\u00e1lez, indic\u00f3 que se siente muy contento porque la gente disfrut\u00f3 de la fiesta preparada, \u201cesta vez quisimos, hacer algo distinto es por eso que no realizamos la fiesta en el centro y en los sectores rurales, sino que focalizamos todo en el estadio y me siento feliz, porque lleg\u00f3 mucha gente y disfrutaron de todo lo que hab\u00eda preparado para los ni\u00f1os y ni\u00f1as de la comuna, nos preocupamos de poner buses de acercamiento para el sector rural y de hacer una linda jornada abierta a todos no s\u00f3lo a los ni\u00f1os que se inscriben para la entrega de juguetes, sino inclusiva y el resultado fue un \u00e9xito, me alegra ver que la gente de Llay Llay pudo disfrutar, entretenerse y pasar una tarde agradable\u201d. Agreg\u00f3 el Edil.<\/p>\n<figure id=\"attachment_76035\" aria-describedby=\"caption-attachment-76035\" style=\"width: 530px\" class=\"wp-caption alignleft\"><a href=\"http:\/\/www.eltrabajo.cl\/portal\/espectacular-celebracion-de-navidad-en-el-estadio-municipal-de-llay-llay\/fiesta-navidad-llay-llay-2\/\" rel=\"attachment wp-att-76035\"><img data-recalc-dims=\"1\" loading=\"lazy\" decoding=\"async\" class=\"size-full wp-image-76035\" src=\"https:\/\/i0.wp.com\/www.eltrabajo.cl\/portal\/wp-content\/uploads\/2016\/12\/FIESTA-NAVIDAD-LLAY-LLAY-2.jpg?resize=530%2C349\" alt=\"La fiesta se efectu\u00f3 en el Estadio Municipal, y fue abierta para todos los vecinos de Llay Llay.\" width=\"530\" height=\"349\" srcset=\"https:\/\/i0.wp.com\/eltrabajo.cl\/portal\/wp-content\/uploads\/2016\/12\/FIESTA-NAVIDAD-LLAY-LLAY-2.jpg?w=530&amp;ssl=1 530w, https:\/\/i0.wp.com\/eltrabajo.cl\/portal\/wp-content\/uploads\/2016\/12\/FIESTA-NAVIDAD-LLAY-LLAY-2.jpg?resize=200%2C132&amp;ssl=1 200w, https:\/\/i0.wp.com\/eltrabajo.cl\/portal\/wp-content\/uploads\/2016\/12\/FIESTA-NAVIDAD-LLAY-LLAY-2.jpg?resize=300%2C198&amp;ssl=1 300w, https:\/\/i0.wp.com\/eltrabajo.cl\/portal\/wp-content\/uploads\/2016\/12\/FIESTA-NAVIDAD-LLAY-LLAY-2.jpg?resize=228%2C150&amp;ssl=1 228w, https:\/\/i0.wp.com\/eltrabajo.cl\/portal\/wp-content\/uploads\/2016\/12\/FIESTA-NAVIDAD-LLAY-LLAY-2.jpg?resize=400%2C263&amp;ssl=1 400w\" sizes=\"auto, (max-width: 530px) 100vw, 530px\" \/><\/a><figcaption id=\"caption-attachment-76035\" class=\"wp-caption-text\">La fiesta se efectu\u00f3 en el Estadio Municipal, y fue abierta para todos los vecinos de Llay Llay.<\/figcaption><\/figure>\n<figure id=\"attachment_76036\" aria-describedby=\"caption-attachment-76036\" style=\"width: 530px\" class=\"wp-caption alignleft\"><a href=\"http:\/\/www.eltrabajo.cl\/portal\/espectacular-celebracion-de-navidad-en-el-estadio-municipal-de-llay-llay\/fiesta-navidad-llay-llay-3\/\" rel=\"attachment wp-att-76036\"><img data-recalc-dims=\"1\" loading=\"lazy\" decoding=\"async\" class=\"size-full wp-image-76036\" src=\"https:\/\/i0.wp.com\/www.eltrabajo.cl\/portal\/wp-content\/uploads\/2016\/12\/FIESTA-NAVIDAD-LLAY-LLAY-3.jpg?resize=530%2C349\" alt=\"Los ni\u00f1os de entre 0 mes a 9 a\u00f1os, previamente inscritos en la Oficina de la Mujer, recibieron su regalo, tanto de los sectores rurales como en el centro de la ciudad.\" width=\"530\" height=\"349\" srcset=\"https:\/\/i0.wp.com\/eltrabajo.cl\/portal\/wp-content\/uploads\/2016\/12\/FIESTA-NAVIDAD-LLAY-LLAY-3.jpg?w=530&amp;ssl=1 530w, https:\/\/i0.wp.com\/eltrabajo.cl\/portal\/wp-content\/uploads\/2016\/12\/FIESTA-NAVIDAD-LLAY-LLAY-3.jpg?resize=200%2C132&amp;ssl=1 200w, https:\/\/i0.wp.com\/eltrabajo.cl\/portal\/wp-content\/uploads\/2016\/12\/FIESTA-NAVIDAD-LLAY-LLAY-3.jpg?resize=300%2C198&amp;ssl=1 300w, https:\/\/i0.wp.com\/eltrabajo.cl\/portal\/wp-content\/uploads\/2016\/12\/FIESTA-NAVIDAD-LLAY-LLAY-3.jpg?resize=228%2C150&amp;ssl=1 228w, https:\/\/i0.wp.com\/eltrabajo.cl\/portal\/wp-content\/uploads\/2016\/12\/FIESTA-NAVIDAD-LLAY-LLAY-3.jpg?resize=400%2C263&amp;ssl=1 400w\" sizes=\"auto, (max-width: 530px) 100vw, 530px\" \/><\/a><figcaption id=\"caption-attachment-76036\" class=\"wp-caption-text\">Los ni\u00f1os de entre 0 mes a 9 a\u00f1os, previamente inscritos en la Oficina de la Mujer, recibieron su regalo, tanto de los sectores rurales como en el centro de la ciudad.<\/figcaption><\/figure>\n<figure id=\"attachment_76037\" aria-describedby=\"caption-attachment-76037\" style=\"width: 530px\" class=\"wp-caption alignleft\"><a href=\"http:\/\/www.eltrabajo.cl\/portal\/espectacular-celebracion-de-navidad-en-el-estadio-municipal-de-llay-llay\/fiesta-navidad-llay-llay-4\/\" rel=\"attachment wp-att-76037\"><img data-recalc-dims=\"1\" loading=\"lazy\" decoding=\"async\" class=\"size-full wp-image-76037\" src=\"https:\/\/i0.wp.com\/www.eltrabajo.cl\/portal\/wp-content\/uploads\/2016\/12\/FIESTA-NAVIDAD-LLAY-LLAY-4.jpg?resize=530%2C349\" alt=\"Muy divertido estuvo el show de Pol\u00edn y Maxi, los exploracolores de Cantando Aprendo a Hablar.  \" width=\"530\" height=\"349\" srcset=\"https:\/\/i0.wp.com\/eltrabajo.cl\/portal\/wp-content\/uploads\/2016\/12\/FIESTA-NAVIDAD-LLAY-LLAY-4.jpg?w=530&amp;ssl=1 530w, https:\/\/i0.wp.com\/eltrabajo.cl\/portal\/wp-content\/uploads\/2016\/12\/FIESTA-NAVIDAD-LLAY-LLAY-4.jpg?resize=200%2C132&amp;ssl=1 200w, https:\/\/i0.wp.com\/eltrabajo.cl\/portal\/wp-content\/uploads\/2016\/12\/FIESTA-NAVIDAD-LLAY-LLAY-4.jpg?resize=300%2C198&amp;ssl=1 300w, https:\/\/i0.wp.com\/eltrabajo.cl\/portal\/wp-content\/uploads\/2016\/12\/FIESTA-NAVIDAD-LLAY-LLAY-4.jpg?resize=228%2C150&amp;ssl=1 228w, https:\/\/i0.wp.com\/eltrabajo.cl\/portal\/wp-content\/uploads\/2016\/12\/FIESTA-NAVIDAD-LLAY-LLAY-4.jpg?resize=400%2C263&amp;ssl=1 400w\" sizes=\"auto, (max-width: 530px) 100vw, 530px\" \/><\/a><figcaption id=\"caption-attachment-76037\" class=\"wp-caption-text\">Muy divertido estuvo el show de Pol\u00edn y Maxi, los exploracolores de Cantando Aprendo a Hablar.<\/figcaption><\/figure>\n<figure id=\"attachment_76038\" aria-describedby=\"caption-attachment-76038\" style=\"width: 530px\" class=\"wp-caption alignleft\"><a href=\"http:\/\/www.eltrabajo.cl\/portal\/espectacular-celebracion-de-navidad-en-el-estadio-municipal-de-llay-llay\/fiesta-navidad-llay-llay\/\" rel=\"attachment wp-att-76038\"><img data-recalc-dims=\"1\" loading=\"lazy\" decoding=\"async\" class=\"size-full wp-image-76038\" src=\"https:\/\/i0.wp.com\/www.eltrabajo.cl\/portal\/wp-content\/uploads\/2016\/12\/FIESTA-NAVIDAD-LLAY-LLAY.jpg?resize=530%2C349\" alt=\"M\u00e1s de tres mil ni\u00f1os, disfrutaron de juegos inflables, juegos de agua, pinta caritas, zumba, el divertido show de Pol\u00edn y Maxi, los exploracolores de Cantando Aprendo a Hablar.  \" width=\"530\" height=\"349\" srcset=\"https:\/\/i0.wp.com\/eltrabajo.cl\/portal\/wp-content\/uploads\/2016\/12\/FIESTA-NAVIDAD-LLAY-LLAY.jpg?w=530&amp;ssl=1 530w, https:\/\/i0.wp.com\/eltrabajo.cl\/portal\/wp-content\/uploads\/2016\/12\/FIESTA-NAVIDAD-LLAY-LLAY.jpg?resize=200%2C132&amp;ssl=1 200w, https:\/\/i0.wp.com\/eltrabajo.cl\/portal\/wp-content\/uploads\/2016\/12\/FIESTA-NAVIDAD-LLAY-LLAY.jpg?resize=300%2C198&amp;ssl=1 300w, https:\/\/i0.wp.com\/eltrabajo.cl\/portal\/wp-content\/uploads\/2016\/12\/FIESTA-NAVIDAD-LLAY-LLAY.jpg?resize=228%2C150&amp;ssl=1 228w, https:\/\/i0.wp.com\/eltrabajo.cl\/portal\/wp-content\/uploads\/2016\/12\/FIESTA-NAVIDAD-LLAY-LLAY.jpg?resize=400%2C263&amp;ssl=1 400w\" sizes=\"auto, (max-width: 530px) 100vw, 530px\" \/><\/a><figcaption id=\"caption-attachment-76038\" class=\"wp-caption-text\">M\u00e1s de tres mil ni\u00f1os, disfrutaron de juegos inflables, juegos de agua, pinta caritas, zumba, el divertido show de Pol\u00edn y Maxi, los exploracolores de Cantando Aprendo a Hablar.<\/figcaption><\/figure>\n","protected":false},"excerpt":{"rendered":"<p>M\u00e1s de tres mil ni\u00f1os, disfrutaron de juegos inflables, juegos de agua, pinta caritas, zumba, el divertido show de Pol\u00edn y Maxi, los exploracolores de Cantando Aprendo a Hablar. LLAY LLAY.- Este&#8230;<\/p>\n","protected":false},"author":1,"featured_media":76035,"comment_status":"open","ping_status":"open","sticky":false,"template":"","format":"standard","meta":{"advanced_seo_description":"","jetpack_seo_html_title":"","jetpack_seo_noindex":false,"_jetpack_memberships_contains_paid_content":false,"footnotes":""},"categories":[1],"tags":[],"class_list":["post-76034","post","type-post","status-publish","format-standard","has-post-thumbnail","hentry","category-cronica"],"jetpack_featured_media_url":"https:\/\/i0.wp.com\/eltrabajo.cl\/portal\/wp-content\/uploads\/2016\/12\/FIESTA-NAVIDAD-LLAY-LLAY-2.jpg?fit=530%2C349&ssl=1","jetpack_sharing_enabled":true,"jetpack_likes_enabled":true,"jetpack-related-posts":[],"_links":{"self":[{"href":"https:\/\/eltrabajo.cl\/portal\/wp-json\/wp\/v2\/posts\/76034","targetHints":{"allow":["GET"]}}],"collection":[{"href":"https:\/\/eltrabajo.cl\/portal\/wp-json\/wp\/v2\/posts"}],"about":[{"href":"https:\/\/eltrabajo.cl\/portal\/wp-json\/wp\/v2\/types\/post"}],"author":[{"embeddable":true,"href":"https:\/\/eltrabajo.cl\/portal\/wp-json\/wp\/v2\/users\/1"}],"replies":[{"embeddable":true,"href":"https:\/\/eltrabajo.cl\/portal\/wp-json\/wp\/v2\/comments?post=76034"}],"version-history":[{"count":0,"href":"https:\/\/eltrabajo.cl\/portal\/wp-json\/wp\/v2\/posts\/76034\/revisions"}],"wp:featuredmedia":[{"embeddable":true,"href":"https:\/\/eltrabajo.cl\/portal\/wp-json\/wp\/v2\/media\/76035"}],"wp:attachment":[{"href":"https:\/\/eltrabajo.cl\/portal\/wp-json\/wp\/v2\/media?parent=76034"}],"wp:term":[{"taxonomy":"category","embeddable":true,"href":"https:\/\/eltrabajo.cl\/portal\/wp-json\/wp\/v2\/categories?post=76034"},{"taxonomy":"post_tag","embeddable":true,"href":"https:\/\/eltrabajo.cl\/portal\/wp-json\/wp\/v2\/tags?post=76034"}],"curies":[{"name":"wp","href":"https:\/\/api.w.org\/{rel}","templated":true}]}}