{"id":76041,"date":"2016-12-22T08:51:37","date_gmt":"2016-12-22T11:51:37","guid":{"rendered":"http:\/\/www.eltrabajo.cl\/portal\/?p=76041"},"modified":"2016-12-22T08:51:37","modified_gmt":"2016-12-22T11:51:37","slug":"titulan-a-mas-de-cien-nuevos-profesionales-y-tecnicos-promocion-2016-en-la-uac","status":"publish","type":"post","link":"https:\/\/eltrabajo.cl\/portal\/titulan-a-mas-de-cien-nuevos-profesionales-y-tecnicos-promocion-2016-en-la-uac\/","title":{"rendered":"Titulan a m\u00e1s de cien nuevos profesionales y t\u00e9cnicos promoci\u00f3n 2016 en la UAC"},"content":{"rendered":"<ul>\n<li><strong><span style=\"color: #ff0000;\">Universidad de Aconcagua sede San Felipe:<\/span>\u00a0Los nuevos titulados, recibieron sus diplomas en el Teatro Municipal de San Felipe, en una ceremonia que cont\u00f3 con la presencia del rector de la Casa de Estudios, Sergio Anabal\u00f3n.<\/strong><\/li>\n<\/ul>\n<p>Acompa\u00f1ados de sus familiares, profesores y funcionarios de la Universidad de Aconcagua, 102 estudiantes de la casa de estudios recibieron sus t\u00edtulos profesionales y t\u00e9cnicos correspondientes a la promoci\u00f3n 2016 de la sede San Felipe. La actividad, se desarroll\u00f3 en el Teatro Municipal de San Felipe y fue encabezada por el rector de la UAC, Sergio Anabal\u00f3n, contando adem\u00e1s con la presencia de autoridades locales.<br \/>\nLos nuevos profesionales, corresponden a las diferentes carreras que la Universidad de Aconcagua imparte en San Felipe, como son Agronom\u00eda, Derecho, Fonoaudiolog\u00eda, Kinesiolog\u00eda, Prevenci\u00f3n de Riesgos, Ingenier\u00eda Comercial y Contador Auditor. As\u00ed tambi\u00e9n, los nuevos t\u00e9cnicos corresponden a las \u00e1reas de Nivel Superior en Enfermer\u00eda, Agronom\u00eda, Prevenci\u00f3n de Riesgos y Contabilidad General.<br \/>\nLas distinciones m\u00e1s relevantes en cuanto a las calificaciones, fueron para las estudiantes: Camila Uribe, T\u00e9cnico en Enfermer\u00eda de Nivel Superior y Miriam Fuentes, de Psicolog\u00eda. Por su parte, la distinci\u00f3n m\u00e1xima de la Universidad de Aconcagua, que enfatiza tantos los logros acad\u00e9micos como las caracter\u00edsticas personales del nominado, recay\u00f3 el alumno Francisco Araya, de la carrera de Derecho, quien enfatiz\u00f3 en el car\u00e1cter abierto y pluralista de la Casa de Estudios y en la diversidad que representan sus estudiantes, muchos de ellos padres de familia y trabajadores que concurren a sus clases en la jornada vespertina.<br \/>\n\u201cHe conocido a muchas personas valiosas en cada una de las jornadas de estudio. En cada sala de clases y en cada carrera. En la Universidad de Aconcagua se cumple con lo que se ha elegido como frase de cabecera, ser un espacio abierto a todos\u201d, recalc\u00f3 en su discurso de finalizaci\u00f3n.<br \/>\nPor su parte, el director de la Sede San Felipe, Javier Cerda, enfatiz\u00f3 en el car\u00e1cter multidisciplinario de la titulaci\u00f3n, donde nuevos profesionales de todas las \u00e1reas del saber recibieron sus diplomas. \u201cTenemos nuevos profesionales del derecho, de la administraci\u00f3n, de la salud, de las ciencias agr\u00edcolas, de prevenci\u00f3n de riesgos. Es un motivo de orgullo para nuestra sede entregar los t\u00edtulos a quienes hemos acompa\u00f1ado en su proceso educativo y esperamos que dejen muy bien puesto el nombre de la Universidad en cada uno de sus puestos de trabajo\u201d.<\/p>\n<figure id=\"attachment_76042\" aria-describedby=\"caption-attachment-76042\" style=\"width: 530px\" class=\"wp-caption alignleft\"><a href=\"http:\/\/www.eltrabajo.cl\/portal\/titulan-a-mas-de-cien-nuevos-profesionales-y-tecnicos-promocion-2016-en-la-uac\/premio-uac\/\" rel=\"attachment wp-att-76042\"><img data-recalc-dims=\"1\" loading=\"lazy\" decoding=\"async\" class=\"size-full wp-image-76042\" src=\"https:\/\/i0.wp.com\/www.eltrabajo.cl\/portal\/wp-content\/uploads\/2016\/12\/Premio-UAC.jpg?resize=530%2C350\" alt=\"La distinci\u00f3n m\u00e1xima recay\u00f3 el alumno Francisco Araya, de la carrera de Derecho, que enfatiza tantos los logros acad\u00e9micos, como las caracter\u00edsticas personales del nominado.\" width=\"530\" height=\"350\" srcset=\"https:\/\/i0.wp.com\/eltrabajo.cl\/portal\/wp-content\/uploads\/2016\/12\/Premio-UAC.jpg?w=530&amp;ssl=1 530w, https:\/\/i0.wp.com\/eltrabajo.cl\/portal\/wp-content\/uploads\/2016\/12\/Premio-UAC.jpg?resize=200%2C132&amp;ssl=1 200w, https:\/\/i0.wp.com\/eltrabajo.cl\/portal\/wp-content\/uploads\/2016\/12\/Premio-UAC.jpg?resize=300%2C198&amp;ssl=1 300w, https:\/\/i0.wp.com\/eltrabajo.cl\/portal\/wp-content\/uploads\/2016\/12\/Premio-UAC.jpg?resize=227%2C150&amp;ssl=1 227w, https:\/\/i0.wp.com\/eltrabajo.cl\/portal\/wp-content\/uploads\/2016\/12\/Premio-UAC.jpg?resize=400%2C264&amp;ssl=1 400w\" sizes=\"auto, (max-width: 530px) 100vw, 530px\" \/><\/a><figcaption id=\"caption-attachment-76042\" class=\"wp-caption-text\">La distinci\u00f3n m\u00e1xima recay\u00f3 en el alumno Francisco Araya, de la carrera de Derecho, que enfatiza tantos los logros acad\u00e9micos, como las caracter\u00edsticas personales del nominado.<\/figcaption><\/figure>\n<figure id=\"attachment_76043\" aria-describedby=\"caption-attachment-76043\" style=\"width: 530px\" class=\"wp-caption alignleft\"><a href=\"http:\/\/www.eltrabajo.cl\/portal\/titulan-a-mas-de-cien-nuevos-profesionales-y-tecnicos-promocion-2016-en-la-uac\/uac-1\/\" rel=\"attachment wp-att-76043\"><img data-recalc-dims=\"1\" loading=\"lazy\" decoding=\"async\" class=\"size-full wp-image-76043\" src=\"https:\/\/i0.wp.com\/www.eltrabajo.cl\/portal\/wp-content\/uploads\/2016\/12\/UAC-1.jpg?resize=530%2C348\" alt=\"Acompa\u00f1ados de sus familiares, profesores y funcionarios de la Universidad, 102 estudiantes de la casa de estudios, obtuvieron sus t\u00edtulos profesionales y t\u00e9cnicos.\" width=\"530\" height=\"348\" srcset=\"https:\/\/i0.wp.com\/eltrabajo.cl\/portal\/wp-content\/uploads\/2016\/12\/UAC-1.jpg?w=530&amp;ssl=1 530w, https:\/\/i0.wp.com\/eltrabajo.cl\/portal\/wp-content\/uploads\/2016\/12\/UAC-1.jpg?resize=200%2C131&amp;ssl=1 200w, https:\/\/i0.wp.com\/eltrabajo.cl\/portal\/wp-content\/uploads\/2016\/12\/UAC-1.jpg?resize=300%2C197&amp;ssl=1 300w, https:\/\/i0.wp.com\/eltrabajo.cl\/portal\/wp-content\/uploads\/2016\/12\/UAC-1.jpg?resize=228%2C150&amp;ssl=1 228w, https:\/\/i0.wp.com\/eltrabajo.cl\/portal\/wp-content\/uploads\/2016\/12\/UAC-1.jpg?resize=400%2C263&amp;ssl=1 400w\" sizes=\"auto, (max-width: 530px) 100vw, 530px\" \/><\/a><figcaption id=\"caption-attachment-76043\" class=\"wp-caption-text\">Acompa\u00f1ados de sus familiares, profesores y funcionarios de la Universidad, 102 estudiantes de la casa de estudios, obtuvieron sus t\u00edtulos profesionales y t\u00e9cnicos.<\/figcaption><\/figure>\n<figure id=\"attachment_76044\" aria-describedby=\"caption-attachment-76044\" style=\"width: 530px\" class=\"wp-caption alignleft\"><a href=\"http:\/\/www.eltrabajo.cl\/portal\/titulan-a-mas-de-cien-nuevos-profesionales-y-tecnicos-promocion-2016-en-la-uac\/uac-2\/\" rel=\"attachment wp-att-76044\"><img data-recalc-dims=\"1\" loading=\"lazy\" decoding=\"async\" class=\"size-full wp-image-76044\" src=\"https:\/\/i0.wp.com\/www.eltrabajo.cl\/portal\/wp-content\/uploads\/2016\/12\/UAC-2.jpg?resize=530%2C350\" alt=\"Los nuevos titulados, recibieron sus diplomas en el Teatro Municipal de San Felipe, en una ceremonia que cont\u00f3 con la presencia del rector de la Casa de Estudios, Sergio Anabal\u00f3n.\" width=\"530\" height=\"350\" srcset=\"https:\/\/i0.wp.com\/eltrabajo.cl\/portal\/wp-content\/uploads\/2016\/12\/UAC-2.jpg?w=530&amp;ssl=1 530w, https:\/\/i0.wp.com\/eltrabajo.cl\/portal\/wp-content\/uploads\/2016\/12\/UAC-2.jpg?resize=200%2C132&amp;ssl=1 200w, https:\/\/i0.wp.com\/eltrabajo.cl\/portal\/wp-content\/uploads\/2016\/12\/UAC-2.jpg?resize=300%2C198&amp;ssl=1 300w, https:\/\/i0.wp.com\/eltrabajo.cl\/portal\/wp-content\/uploads\/2016\/12\/UAC-2.jpg?resize=227%2C150&amp;ssl=1 227w, https:\/\/i0.wp.com\/eltrabajo.cl\/portal\/wp-content\/uploads\/2016\/12\/UAC-2.jpg?resize=400%2C264&amp;ssl=1 400w\" sizes=\"auto, (max-width: 530px) 100vw, 530px\" \/><\/a><figcaption id=\"caption-attachment-76044\" class=\"wp-caption-text\">Los nuevos titulados, recibieron sus diplomas en el Teatro Municipal de San Felipe, en una ceremonia que cont\u00f3 con la presencia del rector de la Casa de Estudios, Sergio Anabal\u00f3n.<\/figcaption><\/figure>\n","protected":false},"excerpt":{"rendered":"<p>Universidad de Aconcagua sede San Felipe:\u00a0Los nuevos titulados, recibieron sus diplomas en el Teatro Municipal de San Felipe, en una ceremonia que cont\u00f3 con la presencia del rector de la Casa de&#8230;<\/p>\n","protected":false},"author":1,"featured_media":76044,"comment_status":"open","ping_status":"open","sticky":false,"template":"","format":"standard","meta":{"advanced_seo_description":"","jetpack_seo_html_title":"","jetpack_seo_noindex":false,"_jetpack_memberships_contains_paid_content":false,"footnotes":""},"categories":[1],"tags":[],"class_list":["post-76041","post","type-post","status-publish","format-standard","has-post-thumbnail","hentry","category-cronica"],"jetpack_featured_media_url":"https:\/\/i0.wp.com\/eltrabajo.cl\/portal\/wp-content\/uploads\/2016\/12\/UAC-2.jpg?fit=530%2C350&ssl=1","jetpack_sharing_enabled":true,"jetpack_likes_enabled":true,"jetpack-related-posts":[],"_links":{"self":[{"href":"https:\/\/eltrabajo.cl\/portal\/wp-json\/wp\/v2\/posts\/76041","targetHints":{"allow":["GET"]}}],"collection":[{"href":"https:\/\/eltrabajo.cl\/portal\/wp-json\/wp\/v2\/posts"}],"about":[{"href":"https:\/\/eltrabajo.cl\/portal\/wp-json\/wp\/v2\/types\/post"}],"author":[{"embeddable":true,"href":"https:\/\/eltrabajo.cl\/portal\/wp-json\/wp\/v2\/users\/1"}],"replies":[{"embeddable":true,"href":"https:\/\/eltrabajo.cl\/portal\/wp-json\/wp\/v2\/comments?post=76041"}],"version-history":[{"count":0,"href":"https:\/\/eltrabajo.cl\/portal\/wp-json\/wp\/v2\/posts\/76041\/revisions"}],"wp:featuredmedia":[{"embeddable":true,"href":"https:\/\/eltrabajo.cl\/portal\/wp-json\/wp\/v2\/media\/76044"}],"wp:attachment":[{"href":"https:\/\/eltrabajo.cl\/portal\/wp-json\/wp\/v2\/media?parent=76041"}],"wp:term":[{"taxonomy":"category","embeddable":true,"href":"https:\/\/eltrabajo.cl\/portal\/wp-json\/wp\/v2\/categories?post=76041"},{"taxonomy":"post_tag","embeddable":true,"href":"https:\/\/eltrabajo.cl\/portal\/wp-json\/wp\/v2\/tags?post=76041"}],"curies":[{"name":"wp","href":"https:\/\/api.w.org\/{rel}","templated":true}]}}