{"id":76047,"date":"2016-12-22T08:54:47","date_gmt":"2016-12-22T11:54:47","guid":{"rendered":"http:\/\/www.eltrabajo.cl\/portal\/?p=76047"},"modified":"2016-12-22T08:54:47","modified_gmt":"2016-12-22T11:54:47","slug":"cesfam-curimon-obtuvo-1er-lugar-en-calidad-de-trato-al-usuario-en-v-region","status":"publish","type":"post","link":"https:\/\/eltrabajo.cl\/portal\/cesfam-curimon-obtuvo-1er-lugar-en-calidad-de-trato-al-usuario-en-v-region\/","title":{"rendered":"Cesfam Curim\u00f3n obtuvo 1er lugar en calidad de trato al usuario en V Regi\u00f3n"},"content":{"rendered":"<ul>\n<li><strong><span style=\"color: #ff0000;\">Encuesta realizada por la Universidad de Chile:<\/span>\u00a0Establecimiento cuenta con un equipo de 44 personas, quienes atienden a una poblaci\u00f3n de casi 7 mil usuarios.<\/strong><\/li>\n<\/ul>\n<p>Como un verdadero regalo de Navidad recibieron en el Cesfam de Curim\u00f3n, la noticia que los ubica como el Centro de Salud Familiar que brinda la mejor calidad de trato a sus usuarios dentro de todos los establecimientos de Salud P\u00fablica de la Regi\u00f3n de Valpara\u00edso.<br \/>\nEsta medici\u00f3n se realiza a petici\u00f3n del Ministerio de Salud y es el Centro de Estudios de la Universidad de Chile el encargado de realizar la encuesta a una determinada muestra de los usuarios de los distintos Cesfam y Hospitales P\u00fablicos a nivel nacional, a partir del cual se elabora un r\u00e1nking, en donde este a\u00f1o el Cesfam Curim\u00f3n fue el mejor ubicado a nivel regional.<br \/>\nAs\u00ed lo confirm\u00f3 la directora de este recinto, la matrona Jenny Henr\u00edquez, quien atribuy\u00f3 este gran logro a las distintas fortalezas que ha mostrado el equipo de 44 funcionarios del Cesfam Curim\u00f3n, quienes atienden a un universo cercano a los 7 mil usuarios.<br \/>\n\u201cEs la coronaci\u00f3n a un trabajo arduo, perseverante y que definitivamente tiene que ver con las competencias del equipo, el cual, es muy resiliente, hemos trabajado arduamente pero con el cari\u00f1o que nos nace, son cosas que se dan y que en alg\u00fan minuto generan este tipo e resultados\u201d, expres\u00f3 Henr\u00edquez, argumentando que \u201chay mucha solidaridad entre ellos, un esp\u00edritu humano para ayudarse entre s\u00ed, vocaci\u00f3n de servicio y mucha fortaleza como equipo, tenemos gente con m\u00e1s a\u00f1os, pero tambi\u00e9n gente nueva que le inyecta energ\u00eda al equipo\u201d, asever\u00f3.<br \/>\nDel mismo modo, la profesional record\u00f3 que el eje central del modelo de salud familiar es el respeto y la dignidad para con los usuarios, factor que -seg\u00fan dijo- ha prevalecido en el trabajo de su plantilla. \u201cSi bien es cierto, ha habido historias un poco duras, la otra parte nos ha dicho que cuando hemos pasado momentos dif\u00edciles, nuestro Cesfam ha podido demostrar que esas responsabilidades no estaban ac\u00e1. Pero ahora nos enfocamos en celebrar, porque hacemos un trabajo con cari\u00f1o, es muy relevante tener dentro de la red a un Cesfam que tiene este galard\u00f3n\u201d, enfatiz\u00f3 la directora.<br \/>\nRespecto de los desaf\u00edos que se proyecta el Cesfam Curim\u00f3n, con miras al 2017, la matrona afirm\u00f3 que pretenden conservar la cima del podio en el cual han sido ubicados a nivel regional y aspirar a estar mejor ubicados a nivel nacional. As\u00ed mismo, cree preponderante trabajar en el proceso de calidad para optar a la acreditaci\u00f3n para el a\u00f1o 2018.<br \/>\nDe acuerdo a lo descrito por Henr\u00edquez, la encuesta consideraba preguntas bastante puntuales, tales como: \u00bfQu\u00e9 le parece el establecimiento? (en referencia a si est\u00e1 limpio y ordenado) y, \u00bfLo llamaron por su nombre?, \u00bflo miraron a los ojos?, \u00bfle solucionaron su problema?, \u00bfestaba identificada la persona que lo atendi\u00f3? (en relaci\u00f3n con la atenci\u00f3n recibida en Some y posteriormente por parte de los T\u00e9cnicos param\u00e9dicos y Profesionales del recinto).<br \/>\nA su vez, la directora del Sistema de Salud Municipal, Marcela Brito, asegur\u00f3 que el reconocimiento otorgado a este establecimiento, es motivo de orgullo para toda la red de salud local y determin\u00f3 que \u201cm\u00e1s que orgullo, es tener la conciencia tranquila de que estamos haciendo lo que nos corresponde (\u2026) contribuir con un granito de arena a que dignifiquemos lo que hacemos los equipos de salud, valorando lo primero: nuestros usuarios\u201d, sentenci\u00f3 la enfermera.<br \/>\nEl alcalde de San Felipe, Patricio Freire, destac\u00f3 el trabajo que se est\u00e1 llevando a cabo a nivel del Departamento de Salud Municipal y manifest\u00f3 que \u201cestamos contentos, siempre apuntamos a cosas grandes y esto es lo m\u00e1s grande que nos ha podido ocurrir. Ahora vamos a apostar a la certificaci\u00f3n de calidad del Cesfam Iturra en San Felipe (\u2026) felicitar a los funcionarios, porque ellos juegan un papel fundamental en la atenci\u00f3n de nuestros vecinos y vecinas\u201d, valor\u00f3 el edil.<\/p>\n<figure id=\"attachment_76048\" aria-describedby=\"caption-attachment-76048\" style=\"width: 530px\" class=\"wp-caption alignleft\"><a href=\"http:\/\/www.eltrabajo.cl\/portal\/cesfam-curimon-obtuvo-1er-lugar-en-calidad-de-trato-al-usuario-en-v-region\/foto-2-alcalde-de-san-felipe-patricio-freire\/\" rel=\"attachment wp-att-76048\"><img data-recalc-dims=\"1\" loading=\"lazy\" decoding=\"async\" class=\"size-full wp-image-76048\" src=\"https:\/\/i0.wp.com\/www.eltrabajo.cl\/portal\/wp-content\/uploads\/2016\/12\/Foto-2-Alcalde-de-San-Felipe-Patricio-Freire.jpg?resize=530%2C348\" alt=\"Alcalde de San Felipe, Patricio Freire (al centro), junto a la directora del Cesfam Curim\u00f3n,  Jenny Henr\u00edquez (a la derecha) y la Directora del Sistema de Salud Municipal, Marcela Brito (a la izquierda).\" width=\"530\" height=\"348\" srcset=\"https:\/\/i0.wp.com\/eltrabajo.cl\/portal\/wp-content\/uploads\/2016\/12\/Foto-2-Alcalde-de-San-Felipe-Patricio-Freire.jpg?w=530&amp;ssl=1 530w, https:\/\/i0.wp.com\/eltrabajo.cl\/portal\/wp-content\/uploads\/2016\/12\/Foto-2-Alcalde-de-San-Felipe-Patricio-Freire.jpg?resize=200%2C131&amp;ssl=1 200w, https:\/\/i0.wp.com\/eltrabajo.cl\/portal\/wp-content\/uploads\/2016\/12\/Foto-2-Alcalde-de-San-Felipe-Patricio-Freire.jpg?resize=300%2C197&amp;ssl=1 300w, https:\/\/i0.wp.com\/eltrabajo.cl\/portal\/wp-content\/uploads\/2016\/12\/Foto-2-Alcalde-de-San-Felipe-Patricio-Freire.jpg?resize=228%2C150&amp;ssl=1 228w, https:\/\/i0.wp.com\/eltrabajo.cl\/portal\/wp-content\/uploads\/2016\/12\/Foto-2-Alcalde-de-San-Felipe-Patricio-Freire.jpg?resize=400%2C263&amp;ssl=1 400w\" sizes=\"auto, (max-width: 530px) 100vw, 530px\" \/><\/a><figcaption id=\"caption-attachment-76048\" class=\"wp-caption-text\">Alcalde de San Felipe, Patricio Freire (al centro), junto a la directora del Cesfam Curim\u00f3n, Jenny Henr\u00edquez (a la derecha) y la Directora del Sistema de Salud Municipal, Marcela Brito (a la izquierda).<\/figcaption><\/figure>\n<figure id=\"attachment_76049\" aria-describedby=\"caption-attachment-76049\" style=\"width: 530px\" class=\"wp-caption alignleft\"><a href=\"http:\/\/www.eltrabajo.cl\/portal\/cesfam-curimon-obtuvo-1er-lugar-en-calidad-de-trato-al-usuario-en-v-region\/foto-1-cesfam-curimon\/\" rel=\"attachment wp-att-76049\"><img data-recalc-dims=\"1\" loading=\"lazy\" decoding=\"async\" class=\"size-full wp-image-76049\" src=\"https:\/\/i0.wp.com\/www.eltrabajo.cl\/portal\/wp-content\/uploads\/2016\/12\/Foto-1-Cesfam-Curim%C3%B3n.jpg?resize=530%2C350\" alt=\"Cesfam Curim\u00f3n, fue el mejor evaluado en Calidad de Trato al Usuario a nivel Regional, tras encuesta realizada por la Universidad de Chile, a encargo del Ministerio de Salud.\" width=\"530\" height=\"350\" srcset=\"https:\/\/i0.wp.com\/eltrabajo.cl\/portal\/wp-content\/uploads\/2016\/12\/Foto-1-Cesfam-Curim%C3%B3n.jpg?w=530&amp;ssl=1 530w, https:\/\/i0.wp.com\/eltrabajo.cl\/portal\/wp-content\/uploads\/2016\/12\/Foto-1-Cesfam-Curim%C3%B3n.jpg?resize=200%2C132&amp;ssl=1 200w, https:\/\/i0.wp.com\/eltrabajo.cl\/portal\/wp-content\/uploads\/2016\/12\/Foto-1-Cesfam-Curim%C3%B3n.jpg?resize=300%2C198&amp;ssl=1 300w, https:\/\/i0.wp.com\/eltrabajo.cl\/portal\/wp-content\/uploads\/2016\/12\/Foto-1-Cesfam-Curim%C3%B3n.jpg?resize=227%2C150&amp;ssl=1 227w, https:\/\/i0.wp.com\/eltrabajo.cl\/portal\/wp-content\/uploads\/2016\/12\/Foto-1-Cesfam-Curim%C3%B3n.jpg?resize=400%2C264&amp;ssl=1 400w\" sizes=\"auto, (max-width: 530px) 100vw, 530px\" \/><\/a><figcaption id=\"caption-attachment-76049\" class=\"wp-caption-text\">Cesfam Curim\u00f3n, fue el mejor evaluado en Calidad de Trato al Usuario a nivel Regional, tras encuesta realizada por la Universidad de Chile, a encargo del Ministerio de Salud.<\/figcaption><\/figure>\n","protected":false},"excerpt":{"rendered":"<p>Encuesta realizada por la Universidad de Chile:\u00a0Establecimiento cuenta con un equipo de 44 personas, quienes atienden a una poblaci\u00f3n de casi 7 mil usuarios. Como un verdadero regalo de Navidad recibieron en&#8230;<\/p>\n","protected":false},"author":1,"featured_media":76049,"comment_status":"open","ping_status":"open","sticky":false,"template":"","format":"standard","meta":{"advanced_seo_description":"","jetpack_seo_html_title":"","jetpack_seo_noindex":false,"_jetpack_memberships_contains_paid_content":false,"footnotes":""},"categories":[1],"tags":[],"class_list":["post-76047","post","type-post","status-publish","format-standard","has-post-thumbnail","hentry","category-cronica"],"jetpack_featured_media_url":"https:\/\/i0.wp.com\/eltrabajo.cl\/portal\/wp-content\/uploads\/2016\/12\/Foto-1-Cesfam-Curim%C3%B3n.jpg?fit=530%2C350&ssl=1","jetpack_sharing_enabled":true,"jetpack_likes_enabled":true,"jetpack-related-posts":[],"_links":{"self":[{"href":"https:\/\/eltrabajo.cl\/portal\/wp-json\/wp\/v2\/posts\/76047","targetHints":{"allow":["GET"]}}],"collection":[{"href":"https:\/\/eltrabajo.cl\/portal\/wp-json\/wp\/v2\/posts"}],"about":[{"href":"https:\/\/eltrabajo.cl\/portal\/wp-json\/wp\/v2\/types\/post"}],"author":[{"embeddable":true,"href":"https:\/\/eltrabajo.cl\/portal\/wp-json\/wp\/v2\/users\/1"}],"replies":[{"embeddable":true,"href":"https:\/\/eltrabajo.cl\/portal\/wp-json\/wp\/v2\/comments?post=76047"}],"version-history":[{"count":0,"href":"https:\/\/eltrabajo.cl\/portal\/wp-json\/wp\/v2\/posts\/76047\/revisions"}],"wp:featuredmedia":[{"embeddable":true,"href":"https:\/\/eltrabajo.cl\/portal\/wp-json\/wp\/v2\/media\/76049"}],"wp:attachment":[{"href":"https:\/\/eltrabajo.cl\/portal\/wp-json\/wp\/v2\/media?parent=76047"}],"wp:term":[{"taxonomy":"category","embeddable":true,"href":"https:\/\/eltrabajo.cl\/portal\/wp-json\/wp\/v2\/categories?post=76047"},{"taxonomy":"post_tag","embeddable":true,"href":"https:\/\/eltrabajo.cl\/portal\/wp-json\/wp\/v2\/tags?post=76047"}],"curies":[{"name":"wp","href":"https:\/\/api.w.org\/{rel}","templated":true}]}}