{"id":76061,"date":"2016-12-23T08:41:00","date_gmt":"2016-12-23T11:41:00","guid":{"rendered":"http:\/\/www.eltrabajo.cl\/portal\/?p=76061"},"modified":"2016-12-23T08:41:00","modified_gmt":"2016-12-23T11:41:00","slug":"implementan-whats-pap-para-que-mujeres-comprueben-si-estan-al-dia-con-papanicolau","status":"publish","type":"post","link":"https:\/\/eltrabajo.cl\/portal\/implementan-whats-pap-para-que-mujeres-comprueben-si-estan-al-dia-con-papanicolau\/","title":{"rendered":"Implementan Whats PAP para que mujeres comprueben si est\u00e1n al d\u00eda con Papanicolau"},"content":{"rendered":"<p>Con una campa\u00f1a muy creativa destinada a la mujer, el Cesfam San Felipe El Real implement\u00f3 un n\u00famero de Whatsapp que denominaron <strong>Whats PAP <\/strong>para preguntar solamente por el examen del Papanicolau.<br \/>\nLa directora del recinto, doctora Andrea Rodr\u00edguez, dijo que hay dos lienzos desplegados en el establecimiento, donde est\u00e1 el n\u00famero de tel\u00e9fono.<br \/>\nLa idea es, que las mujeres a trav\u00e9s de un mensaje de whatsapp pregunten si tienen el PAP vigente.<br \/>\nEl mensaje de Whatsapp, lo contestar\u00e1 un matr\u00f3n, quien va a revisar en las fichas electr\u00f3nicas si est\u00e1 al d\u00eda con el examen.<br \/>\nSi no tiene el PAP vigente, se lo va a indicar y le dar\u00e1 una hora para realiz\u00e1rselo, \u201cpara esto hemos dispuesto extensi\u00f3n horaria para despu\u00e9s de las cinco de la tarde de lunes a jueves y despu\u00e9s de la cuatro de la tarde los viernes y las ma\u00f1anas de los s\u00e1bados para aquellas mujeres que por trabajo no puedan asistir en horario de d\u00eda h\u00e1bil, adem\u00e1s hay horario de PAP espontaneo a las doce del d\u00eda en los tres sectores azul, amarillo y verde para ello se tienen que acercar directamente al Some y decir que vienen a una hora de PAP espontaneo\u201d dijo la directora.<br \/>\nEste programa es para usuarias que est\u00e1n inscritas en el Cesfam San Felipe El Real y que no tengan claridad si tienen el PAP vigente o no, por este medio pueden hacer la consulta y solicitar la hora.<br \/>\nEl numero del Whatsapp es +569 67799656<\/p>\n<figure id=\"attachment_76062\" aria-describedby=\"caption-attachment-76062\" style=\"width: 530px\" class=\"wp-caption alignleft\"><a href=\"http:\/\/www.eltrabajo.cl\/portal\/implementan-whats-pap-para-que-mujeres-comprueben-si-estan-al-dia-con-papanicolau\/directora1-5\/\" rel=\"attachment wp-att-76062\"><img data-recalc-dims=\"1\" loading=\"lazy\" decoding=\"async\" class=\"size-full wp-image-76062\" src=\"https:\/\/i0.wp.com\/www.eltrabajo.cl\/portal\/wp-content\/uploads\/2016\/12\/Directora1.jpg?resize=530%2C348\" alt=\"Doctora Andrea Rodr\u00edguez, directora del Cesfam San Felipe El Real de San Felipe.\" width=\"530\" height=\"348\" srcset=\"https:\/\/i0.wp.com\/eltrabajo.cl\/portal\/wp-content\/uploads\/2016\/12\/Directora1.jpg?w=530&amp;ssl=1 530w, https:\/\/i0.wp.com\/eltrabajo.cl\/portal\/wp-content\/uploads\/2016\/12\/Directora1.jpg?resize=200%2C131&amp;ssl=1 200w, https:\/\/i0.wp.com\/eltrabajo.cl\/portal\/wp-content\/uploads\/2016\/12\/Directora1.jpg?resize=300%2C197&amp;ssl=1 300w, https:\/\/i0.wp.com\/eltrabajo.cl\/portal\/wp-content\/uploads\/2016\/12\/Directora1.jpg?resize=228%2C150&amp;ssl=1 228w, https:\/\/i0.wp.com\/eltrabajo.cl\/portal\/wp-content\/uploads\/2016\/12\/Directora1.jpg?resize=400%2C263&amp;ssl=1 400w\" sizes=\"auto, (max-width: 530px) 100vw, 530px\" \/><\/a><figcaption id=\"caption-attachment-76062\" class=\"wp-caption-text\">Doctora Andrea Rodr\u00edguez, directora del Cesfam San Felipe El Real de San Felipe.<\/figcaption><\/figure>\n<figure id=\"attachment_76063\" aria-describedby=\"caption-attachment-76063\" style=\"width: 530px\" class=\"wp-caption alignleft\"><a href=\"http:\/\/www.eltrabajo.cl\/portal\/implementan-whats-pap-para-que-mujeres-comprueben-si-estan-al-dia-con-papanicolau\/whatsapp\/\" rel=\"attachment wp-att-76063\"><img data-recalc-dims=\"1\" loading=\"lazy\" decoding=\"async\" class=\"size-full wp-image-76063\" src=\"https:\/\/i0.wp.com\/www.eltrabajo.cl\/portal\/wp-content\/uploads\/2016\/12\/WHATSAPP.jpg?resize=530%2C350\" alt=\"Este es el n\u00famero del Whats PAP.\" width=\"530\" height=\"350\" srcset=\"https:\/\/i0.wp.com\/eltrabajo.cl\/portal\/wp-content\/uploads\/2016\/12\/WHATSAPP.jpg?w=530&amp;ssl=1 530w, https:\/\/i0.wp.com\/eltrabajo.cl\/portal\/wp-content\/uploads\/2016\/12\/WHATSAPP.jpg?resize=200%2C132&amp;ssl=1 200w, https:\/\/i0.wp.com\/eltrabajo.cl\/portal\/wp-content\/uploads\/2016\/12\/WHATSAPP.jpg?resize=300%2C198&amp;ssl=1 300w, https:\/\/i0.wp.com\/eltrabajo.cl\/portal\/wp-content\/uploads\/2016\/12\/WHATSAPP.jpg?resize=227%2C150&amp;ssl=1 227w, https:\/\/i0.wp.com\/eltrabajo.cl\/portal\/wp-content\/uploads\/2016\/12\/WHATSAPP.jpg?resize=400%2C264&amp;ssl=1 400w\" sizes=\"auto, (max-width: 530px) 100vw, 530px\" \/><\/a><figcaption id=\"caption-attachment-76063\" class=\"wp-caption-text\">Este es el n\u00famero del Whats PAP.<\/figcaption><\/figure>\n","protected":false},"excerpt":{"rendered":"<p>Con una campa\u00f1a muy creativa destinada a la mujer, el Cesfam San Felipe El Real implement\u00f3 un n\u00famero de Whatsapp que denominaron Whats PAP para preguntar solamente por el examen del Papanicolau&#8230;.<\/p>\n","protected":false},"author":1,"featured_media":76062,"comment_status":"open","ping_status":"open","sticky":false,"template":"","format":"standard","meta":{"advanced_seo_description":"","jetpack_seo_html_title":"","jetpack_seo_noindex":false,"_jetpack_memberships_contains_paid_content":false,"footnotes":""},"categories":[1],"tags":[],"class_list":["post-76061","post","type-post","status-publish","format-standard","has-post-thumbnail","hentry","category-cronica"],"jetpack_featured_media_url":"https:\/\/i0.wp.com\/eltrabajo.cl\/portal\/wp-content\/uploads\/2016\/12\/Directora1.jpg?fit=530%2C348&ssl=1","jetpack_sharing_enabled":true,"jetpack_likes_enabled":true,"jetpack-related-posts":[],"_links":{"self":[{"href":"https:\/\/eltrabajo.cl\/portal\/wp-json\/wp\/v2\/posts\/76061","targetHints":{"allow":["GET"]}}],"collection":[{"href":"https:\/\/eltrabajo.cl\/portal\/wp-json\/wp\/v2\/posts"}],"about":[{"href":"https:\/\/eltrabajo.cl\/portal\/wp-json\/wp\/v2\/types\/post"}],"author":[{"embeddable":true,"href":"https:\/\/eltrabajo.cl\/portal\/wp-json\/wp\/v2\/users\/1"}],"replies":[{"embeddable":true,"href":"https:\/\/eltrabajo.cl\/portal\/wp-json\/wp\/v2\/comments?post=76061"}],"version-history":[{"count":0,"href":"https:\/\/eltrabajo.cl\/portal\/wp-json\/wp\/v2\/posts\/76061\/revisions"}],"wp:featuredmedia":[{"embeddable":true,"href":"https:\/\/eltrabajo.cl\/portal\/wp-json\/wp\/v2\/media\/76062"}],"wp:attachment":[{"href":"https:\/\/eltrabajo.cl\/portal\/wp-json\/wp\/v2\/media?parent=76061"}],"wp:term":[{"taxonomy":"category","embeddable":true,"href":"https:\/\/eltrabajo.cl\/portal\/wp-json\/wp\/v2\/categories?post=76061"},{"taxonomy":"post_tag","embeddable":true,"href":"https:\/\/eltrabajo.cl\/portal\/wp-json\/wp\/v2\/tags?post=76061"}],"curies":[{"name":"wp","href":"https:\/\/api.w.org\/{rel}","templated":true}]}}