{"id":76066,"date":"2016-12-23T08:44:02","date_gmt":"2016-12-23T11:44:02","guid":{"rendered":"http:\/\/www.eltrabajo.cl\/portal\/?p=76066"},"modified":"2016-12-23T08:44:02","modified_gmt":"2016-12-23T11:44:02","slug":"monitoras-de-salud-regalonean-a-usuarios-del-segismundo-iturra","status":"publish","type":"post","link":"https:\/\/eltrabajo.cl\/portal\/monitoras-de-salud-regalonean-a-usuarios-del-segismundo-iturra\/","title":{"rendered":"Monitoras de salud regalonean a usuarios del Segismundo Iturra"},"content":{"rendered":"<p>Con gran \u00e1nimo la ma\u00f1ana de este martes en las salas de espera del Cesfam Segismundo Iturra, dependiente de la direcci\u00f3n municipal de Salud, se realiz\u00f3 la \u00faltima jornada que las 15 monitoras de salud, participantes del Departamento de Medicina Integral de Salud Mental de ese Cesfam, regalonearon a los usuarios con una serie de servicios personalizados para hacerles sentirse mejor.<br \/>\n\u00abYa son cinco a\u00f1os los que tenemos de trabajar con este grupo de monitores de salud, con quienes venimos desarrollando m\u00faltiples jornadas de trabajo en toda nuestra comuna y en distintas actividades durante el a\u00f1o. La idea de hoy d\u00eda tiene que ver con regalonear a nuestros usuarios, ellas y ellos han respondido muy bien, como siempre, y se han permitido masajes de autocuidado y aromaterapia\u00bb, explic\u00f3 a Diario El Trabajo la encargada de ese departamento, Salom\u00e9 Travisany.<\/p>\n<p><strong>MONITORA EJEMPLAR<\/strong><br \/>\nNuestro medio, habl\u00f3 tambi\u00e9n con una de las monitoras de salud, do\u00f1a Rosario Mu\u00f1oz, quien asegur\u00f3 que \u00abestoy en este taller desde que empez\u00f3 hace cinco a\u00f1os, para nosotras es un gusto el poder servir a los sanfelipe\u00f1os en cada actividad en la que participamos. A veces las personas, especialmente los adultos mayores, nos hablan y cuentan sus problemas, a veces lloran, pero lo que s\u00ed es seguro, es que siempre se van m\u00e1s animados y hasta aliviados tras nuestras terapias\u00bb.<br \/>\n<strong>Roberto Gonz\u00e1lez Short<\/strong><\/p>\n<figure id=\"attachment_76067\" aria-describedby=\"caption-attachment-76067\" style=\"width: 530px\" class=\"wp-caption alignleft\"><a href=\"http:\/\/www.eltrabajo.cl\/portal\/monitoras-de-salud-regalonean-a-usuarios-del-segismundo-iturra\/carolina-munoz\/\" rel=\"attachment wp-att-76067\"><img data-recalc-dims=\"1\" loading=\"lazy\" decoding=\"async\" class=\"size-full wp-image-76067\" src=\"https:\/\/i0.wp.com\/www.eltrabajo.cl\/portal\/wp-content\/uploads\/2016\/12\/Carolina-Munoz.jpg?resize=530%2C348\" alt=\"CON TERNURA.- Do\u00f1a Carolina Mu\u00f1oz, es una de las usuarias que se dejaron regalonear esta semana por las monitoras de salud en el Cesfam Segismundo Iturra.\" width=\"530\" height=\"348\" srcset=\"https:\/\/i0.wp.com\/eltrabajo.cl\/portal\/wp-content\/uploads\/2016\/12\/Carolina-Munoz.jpg?w=530&amp;ssl=1 530w, https:\/\/i0.wp.com\/eltrabajo.cl\/portal\/wp-content\/uploads\/2016\/12\/Carolina-Munoz.jpg?resize=200%2C131&amp;ssl=1 200w, https:\/\/i0.wp.com\/eltrabajo.cl\/portal\/wp-content\/uploads\/2016\/12\/Carolina-Munoz.jpg?resize=300%2C197&amp;ssl=1 300w, https:\/\/i0.wp.com\/eltrabajo.cl\/portal\/wp-content\/uploads\/2016\/12\/Carolina-Munoz.jpg?resize=228%2C150&amp;ssl=1 228w, https:\/\/i0.wp.com\/eltrabajo.cl\/portal\/wp-content\/uploads\/2016\/12\/Carolina-Munoz.jpg?resize=400%2C263&amp;ssl=1 400w\" sizes=\"auto, (max-width: 530px) 100vw, 530px\" \/><\/a><figcaption id=\"caption-attachment-76067\" class=\"wp-caption-text\">CON TERNURA.- Do\u00f1a Carolina Mu\u00f1oz, es una de las usuarias que se dejaron regalonear esta semana por las monitoras de salud en el Cesfam Segismundo Iturra.<\/figcaption><\/figure>\n<figure id=\"attachment_76068\" aria-describedby=\"caption-attachment-76068\" style=\"width: 530px\" class=\"wp-caption alignleft\"><a href=\"http:\/\/www.eltrabajo.cl\/portal\/monitoras-de-salud-regalonean-a-usuarios-del-segismundo-iturra\/porta-regaloneadas1\/\" rel=\"attachment wp-att-76068\"><img data-recalc-dims=\"1\" loading=\"lazy\" decoding=\"async\" class=\"size-full wp-image-76068\" src=\"https:\/\/i0.wp.com\/www.eltrabajo.cl\/portal\/wp-content\/uploads\/2016\/12\/porta-Regaloneadas1.jpg?resize=530%2C349\" alt=\"NAVIDAD SALUDABLE.- Decenas de usuarias del CSIT, aprovecharon la \u00faltima jornada del a\u00f1o que realizaron las monitoras de salud del Departamento de Medicina Integral de Salud Mental de ese Cesfam.\" width=\"530\" height=\"349\" srcset=\"https:\/\/i0.wp.com\/eltrabajo.cl\/portal\/wp-content\/uploads\/2016\/12\/porta-Regaloneadas1.jpg?w=530&amp;ssl=1 530w, https:\/\/i0.wp.com\/eltrabajo.cl\/portal\/wp-content\/uploads\/2016\/12\/porta-Regaloneadas1.jpg?resize=200%2C132&amp;ssl=1 200w, https:\/\/i0.wp.com\/eltrabajo.cl\/portal\/wp-content\/uploads\/2016\/12\/porta-Regaloneadas1.jpg?resize=300%2C198&amp;ssl=1 300w, https:\/\/i0.wp.com\/eltrabajo.cl\/portal\/wp-content\/uploads\/2016\/12\/porta-Regaloneadas1.jpg?resize=228%2C150&amp;ssl=1 228w, https:\/\/i0.wp.com\/eltrabajo.cl\/portal\/wp-content\/uploads\/2016\/12\/porta-Regaloneadas1.jpg?resize=400%2C263&amp;ssl=1 400w\" sizes=\"auto, (max-width: 530px) 100vw, 530px\" \/><\/a><figcaption id=\"caption-attachment-76068\" class=\"wp-caption-text\">NAVIDAD SALUDABLE.- Decenas de usuarias del CSIT, aprovecharon la \u00faltima jornada del a\u00f1o que realizaron las monitoras de salud del Departamento de Medicina Integral de Salud Mental de ese Cesfam.<\/figcaption><\/figure>\n<figure id=\"attachment_76069\" aria-describedby=\"caption-attachment-76069\" style=\"width: 300px\" class=\"wp-caption alignleft\"><a href=\"http:\/\/www.eltrabajo.cl\/portal\/monitoras-de-salud-regalonean-a-usuarios-del-segismundo-iturra\/rosario-munoz\/\" rel=\"attachment wp-att-76069\"><img data-recalc-dims=\"1\" loading=\"lazy\" decoding=\"async\" class=\"size-medium wp-image-76069\" src=\"https:\/\/i0.wp.com\/www.eltrabajo.cl\/portal\/wp-content\/uploads\/2016\/12\/Rosario-Munoz-300x198.jpg?resize=300%2C198\" alt=\"Do\u00f1a Rosario Mu\u00f1oz, monitora de salud.\" width=\"300\" height=\"198\" srcset=\"https:\/\/i0.wp.com\/eltrabajo.cl\/portal\/wp-content\/uploads\/2016\/12\/Rosario-Munoz.jpg?resize=300%2C198&amp;ssl=1 300w, https:\/\/i0.wp.com\/eltrabajo.cl\/portal\/wp-content\/uploads\/2016\/12\/Rosario-Munoz.jpg?resize=200%2C132&amp;ssl=1 200w, https:\/\/i0.wp.com\/eltrabajo.cl\/portal\/wp-content\/uploads\/2016\/12\/Rosario-Munoz.jpg?resize=227%2C150&amp;ssl=1 227w, https:\/\/i0.wp.com\/eltrabajo.cl\/portal\/wp-content\/uploads\/2016\/12\/Rosario-Munoz.jpg?resize=400%2C264&amp;ssl=1 400w, https:\/\/i0.wp.com\/eltrabajo.cl\/portal\/wp-content\/uploads\/2016\/12\/Rosario-Munoz.jpg?w=530&amp;ssl=1 530w\" sizes=\"auto, (max-width: 300px) 100vw, 300px\" \/><\/a><figcaption id=\"caption-attachment-76069\" class=\"wp-caption-text\">Do\u00f1a Rosario Mu\u00f1oz, monitora de salud.<\/figcaption><\/figure>\n<figure id=\"attachment_76070\" aria-describedby=\"caption-attachment-76070\" style=\"width: 300px\" class=\"wp-caption alignleft\"><a href=\"http:\/\/www.eltrabajo.cl\/portal\/monitoras-de-salud-regalonean-a-usuarios-del-segismundo-iturra\/salome-travisany\/\" rel=\"attachment wp-att-76070\"><img data-recalc-dims=\"1\" loading=\"lazy\" decoding=\"async\" class=\"size-medium wp-image-76070\" src=\"https:\/\/i0.wp.com\/www.eltrabajo.cl\/portal\/wp-content\/uploads\/2016\/12\/Salome-Travisany-300x198.jpg?resize=300%2C198\" alt=\"Encargada de ese departamento, Salom\u00e9 Travisany.\" width=\"300\" height=\"198\" srcset=\"https:\/\/i0.wp.com\/eltrabajo.cl\/portal\/wp-content\/uploads\/2016\/12\/Salome-Travisany.jpg?resize=300%2C198&amp;ssl=1 300w, https:\/\/i0.wp.com\/eltrabajo.cl\/portal\/wp-content\/uploads\/2016\/12\/Salome-Travisany.jpg?resize=200%2C132&amp;ssl=1 200w, https:\/\/i0.wp.com\/eltrabajo.cl\/portal\/wp-content\/uploads\/2016\/12\/Salome-Travisany.jpg?resize=228%2C150&amp;ssl=1 228w, https:\/\/i0.wp.com\/eltrabajo.cl\/portal\/wp-content\/uploads\/2016\/12\/Salome-Travisany.jpg?resize=400%2C263&amp;ssl=1 400w, https:\/\/i0.wp.com\/eltrabajo.cl\/portal\/wp-content\/uploads\/2016\/12\/Salome-Travisany.jpg?w=530&amp;ssl=1 530w\" sizes=\"auto, (max-width: 300px) 100vw, 300px\" \/><\/a><figcaption id=\"caption-attachment-76070\" class=\"wp-caption-text\">Encargada de ese departamento, Salom\u00e9 Travisany.<\/figcaption><\/figure>\n","protected":false},"excerpt":{"rendered":"<p>Con gran \u00e1nimo la ma\u00f1ana de este martes en las salas de espera del Cesfam Segismundo Iturra, dependiente de la direcci\u00f3n municipal de Salud, se realiz\u00f3 la \u00faltima jornada que las 15&#8230;<\/p>\n","protected":false},"author":1,"featured_media":76068,"comment_status":"open","ping_status":"open","sticky":false,"template":"","format":"standard","meta":{"advanced_seo_description":"","jetpack_seo_html_title":"","jetpack_seo_noindex":false,"_jetpack_memberships_contains_paid_content":false,"footnotes":""},"categories":[1],"tags":[],"class_list":["post-76066","post","type-post","status-publish","format-standard","has-post-thumbnail","hentry","category-cronica"],"jetpack_featured_media_url":"https:\/\/i0.wp.com\/eltrabajo.cl\/portal\/wp-content\/uploads\/2016\/12\/porta-Regaloneadas1.jpg?fit=530%2C349&ssl=1","jetpack_sharing_enabled":true,"jetpack_likes_enabled":true,"jetpack-related-posts":[],"_links":{"self":[{"href":"https:\/\/eltrabajo.cl\/portal\/wp-json\/wp\/v2\/posts\/76066","targetHints":{"allow":["GET"]}}],"collection":[{"href":"https:\/\/eltrabajo.cl\/portal\/wp-json\/wp\/v2\/posts"}],"about":[{"href":"https:\/\/eltrabajo.cl\/portal\/wp-json\/wp\/v2\/types\/post"}],"author":[{"embeddable":true,"href":"https:\/\/eltrabajo.cl\/portal\/wp-json\/wp\/v2\/users\/1"}],"replies":[{"embeddable":true,"href":"https:\/\/eltrabajo.cl\/portal\/wp-json\/wp\/v2\/comments?post=76066"}],"version-history":[{"count":0,"href":"https:\/\/eltrabajo.cl\/portal\/wp-json\/wp\/v2\/posts\/76066\/revisions"}],"wp:featuredmedia":[{"embeddable":true,"href":"https:\/\/eltrabajo.cl\/portal\/wp-json\/wp\/v2\/media\/76068"}],"wp:attachment":[{"href":"https:\/\/eltrabajo.cl\/portal\/wp-json\/wp\/v2\/media?parent=76066"}],"wp:term":[{"taxonomy":"category","embeddable":true,"href":"https:\/\/eltrabajo.cl\/portal\/wp-json\/wp\/v2\/categories?post=76066"},{"taxonomy":"post_tag","embeddable":true,"href":"https:\/\/eltrabajo.cl\/portal\/wp-json\/wp\/v2\/tags?post=76066"}],"curies":[{"name":"wp","href":"https:\/\/api.w.org\/{rel}","templated":true}]}}