{"id":76073,"date":"2016-12-23T08:49:34","date_gmt":"2016-12-23T11:49:34","guid":{"rendered":"http:\/\/www.eltrabajo.cl\/portal\/?p=76073"},"modified":"2016-12-23T08:49:34","modified_gmt":"2016-12-23T11:49:34","slug":"nelson-papudano-sagredo-brillo-en-multitudinaria-tarde-ranchera","status":"publish","type":"post","link":"https:\/\/eltrabajo.cl\/portal\/nelson-papudano-sagredo-brillo-en-multitudinaria-tarde-ranchera\/","title":{"rendered":"Nelson \u2018Papudano\u2019 Sagredo brill\u00f3 en multitudinaria tarde ranchera"},"content":{"rendered":"<ul>\n<li><strong>Locutor celebr\u00f3 sus 30 a\u00f1os de carrera radial:<\/strong><\/li>\n<\/ul>\n<p>Fue en una multitudinaria fiesta ranchera en la Plaza C\u00edvica, en la cual Nelson \u2018Papudano\u2019 Sagredo celebr\u00f3 a lo grande los 15 a\u00f1os de su programa radial Latido Ranchero, que se transmite por Radio Carnaval. Los artistas invitados fueron Charro El Real, La Morenita del Valle; El Cuyano y otros m\u00e1s.<br \/>\nDiario El Trabajo tom\u00f3 registro de los momentos m\u00e1s emotivos de la jornada, como lo fue cuando la familia del destacado locutor le sorprendi\u00f3 subiendo al escenario, para abrazarle y felicitarle p\u00fablicamente.<\/p>\n<p><strong>SIEMPRE NELSON<\/strong><br \/>\nNelson, figura en nuestro valle como el principal promotor de la m\u00fasica ranchera, \u00e9l ha \u2018bautizado\u2019 a decenas de artistas locales, impuls\u00e1ndolos tambi\u00e9n para que cumplan sus sue\u00f1os personales a nivel art\u00edstico, por medio de sus programas en televisi\u00f3n y radio.<br \/>\nLas autoridades de la comuna tambi\u00e9n se hicieron presentes para premiar a Nelson, quien emocionado, agradeci\u00f3 el apoyo de artistas y las m\u00e1s de 2.000 personas que le fueron a cantar el Feliz Cumplea\u00f1os personalmente.<br \/>\n<strong>Roberto Gonz\u00e1lez Short<\/strong><\/p>\n<figure id=\"attachment_76078\" aria-describedby=\"caption-attachment-76078\" style=\"width: 530px\" class=\"wp-caption alignleft\"><a href=\"http:\/\/www.eltrabajo.cl\/portal\/nelson-papudano-sagredo-brillo-en-multitudinaria-tarde-ranchera\/publico3-2\/\" rel=\"attachment wp-att-76078\"><img data-recalc-dims=\"1\" loading=\"lazy\" decoding=\"async\" class=\"size-full wp-image-76078\" src=\"https:\/\/i0.wp.com\/www.eltrabajo.cl\/portal\/wp-content\/uploads\/2016\/12\/Publico3.jpg?resize=530%2C349\" alt=\"TARDE RANCHERA.- Aqu\u00ed tenemos al p\u00fablico, con mensajes positivos para Nelson, en los que destacan los nombres de los artistas participantes en el concierto.\" width=\"530\" height=\"349\" srcset=\"https:\/\/i0.wp.com\/eltrabajo.cl\/portal\/wp-content\/uploads\/2016\/12\/Publico3.jpg?w=530&amp;ssl=1 530w, https:\/\/i0.wp.com\/eltrabajo.cl\/portal\/wp-content\/uploads\/2016\/12\/Publico3.jpg?resize=200%2C132&amp;ssl=1 200w, https:\/\/i0.wp.com\/eltrabajo.cl\/portal\/wp-content\/uploads\/2016\/12\/Publico3.jpg?resize=300%2C198&amp;ssl=1 300w, https:\/\/i0.wp.com\/eltrabajo.cl\/portal\/wp-content\/uploads\/2016\/12\/Publico3.jpg?resize=228%2C150&amp;ssl=1 228w, https:\/\/i0.wp.com\/eltrabajo.cl\/portal\/wp-content\/uploads\/2016\/12\/Publico3.jpg?resize=400%2C263&amp;ssl=1 400w\" sizes=\"auto, (max-width: 530px) 100vw, 530px\" \/><\/a><figcaption id=\"caption-attachment-76078\" class=\"wp-caption-text\">TARDE RANCHERA.- Aqu\u00ed tenemos al p\u00fablico, con mensajes positivos para Nelson, en los que destacan los nombres de los artistas participantes en el concierto.<\/figcaption><\/figure>\n<figure id=\"attachment_76077\" aria-describedby=\"caption-attachment-76077\" style=\"width: 530px\" class=\"wp-caption alignleft\"><a href=\"http:\/\/www.eltrabajo.cl\/portal\/nelson-papudano-sagredo-brillo-en-multitudinaria-tarde-ranchera\/publico2-3\/\" rel=\"attachment wp-att-76077\"><img data-recalc-dims=\"1\" loading=\"lazy\" decoding=\"async\" class=\"size-full wp-image-76077\" src=\"https:\/\/i0.wp.com\/www.eltrabajo.cl\/portal\/wp-content\/uploads\/2016\/12\/Publico2.jpg?resize=530%2C349\" alt=\"FIELES A NELSON.- Personas de todos los rincones del Valle Aconcagua llegaron para expresarle cari\u00f1o y fidelidad al locutor.\" width=\"530\" height=\"349\" srcset=\"https:\/\/i0.wp.com\/eltrabajo.cl\/portal\/wp-content\/uploads\/2016\/12\/Publico2.jpg?w=530&amp;ssl=1 530w, https:\/\/i0.wp.com\/eltrabajo.cl\/portal\/wp-content\/uploads\/2016\/12\/Publico2.jpg?resize=200%2C132&amp;ssl=1 200w, https:\/\/i0.wp.com\/eltrabajo.cl\/portal\/wp-content\/uploads\/2016\/12\/Publico2.jpg?resize=300%2C198&amp;ssl=1 300w, https:\/\/i0.wp.com\/eltrabajo.cl\/portal\/wp-content\/uploads\/2016\/12\/Publico2.jpg?resize=228%2C150&amp;ssl=1 228w, https:\/\/i0.wp.com\/eltrabajo.cl\/portal\/wp-content\/uploads\/2016\/12\/Publico2.jpg?resize=400%2C263&amp;ssl=1 400w\" sizes=\"auto, (max-width: 530px) 100vw, 530px\" \/><\/a><figcaption id=\"caption-attachment-76077\" class=\"wp-caption-text\">FIELES A NELSON.- Personas de todos los rincones del Valle Aconcagua llegaron para expresarle cari\u00f1o y fidelidad al locutor.<\/figcaption><\/figure>\n<figure id=\"attachment_76076\" aria-describedby=\"caption-attachment-76076\" style=\"width: 530px\" class=\"wp-caption alignleft\"><a href=\"http:\/\/www.eltrabajo.cl\/portal\/nelson-papudano-sagredo-brillo-en-multitudinaria-tarde-ranchera\/publico1-17\/\" rel=\"attachment wp-att-76076\"><img data-recalc-dims=\"1\" loading=\"lazy\" decoding=\"async\" class=\"size-full wp-image-76076\" src=\"https:\/\/i0.wp.com\/www.eltrabajo.cl\/portal\/wp-content\/uploads\/2016\/12\/Publico1-1.jpg?resize=530%2C349\" alt=\"MULTITUDINARIO CUMPLEA\u00d1OS.- M\u00e1s de 2.000 personas se dieron cita en la Plaza C\u00edvica para disfrutar de la tarde ranchera este domingo, y celebrar tambi\u00e9n los 30 a\u00f1os de carrera de Nelson Sagredo.\" width=\"530\" height=\"349\" srcset=\"https:\/\/i0.wp.com\/eltrabajo.cl\/portal\/wp-content\/uploads\/2016\/12\/Publico1-1.jpg?w=530&amp;ssl=1 530w, https:\/\/i0.wp.com\/eltrabajo.cl\/portal\/wp-content\/uploads\/2016\/12\/Publico1-1.jpg?resize=200%2C132&amp;ssl=1 200w, https:\/\/i0.wp.com\/eltrabajo.cl\/portal\/wp-content\/uploads\/2016\/12\/Publico1-1.jpg?resize=300%2C198&amp;ssl=1 300w, https:\/\/i0.wp.com\/eltrabajo.cl\/portal\/wp-content\/uploads\/2016\/12\/Publico1-1.jpg?resize=228%2C150&amp;ssl=1 228w, https:\/\/i0.wp.com\/eltrabajo.cl\/portal\/wp-content\/uploads\/2016\/12\/Publico1-1.jpg?resize=400%2C263&amp;ssl=1 400w\" sizes=\"auto, (max-width: 530px) 100vw, 530px\" \/><\/a><figcaption id=\"caption-attachment-76076\" class=\"wp-caption-text\">MULTITUDINARIO CUMPLEA\u00d1OS.- M\u00e1s de 2.000 personas se dieron cita en la Plaza C\u00edvica para disfrutar de la tarde ranchera este domingo, y celebrar tambi\u00e9n los 30 a\u00f1os de carrera de Nelson Sagredo.<\/figcaption><\/figure>\n<figure id=\"attachment_76075\" aria-describedby=\"caption-attachment-76075\" style=\"width: 530px\" class=\"wp-caption alignleft\"><a href=\"http:\/\/www.eltrabajo.cl\/portal\/nelson-papudano-sagredo-brillo-en-multitudinaria-tarde-ranchera\/familia1-18\/\" rel=\"attachment wp-att-76075\"><img data-recalc-dims=\"1\" loading=\"lazy\" decoding=\"async\" class=\"size-full wp-image-76075\" src=\"https:\/\/i0.wp.com\/www.eltrabajo.cl\/portal\/wp-content\/uploads\/2016\/12\/Familia1.jpg?resize=530%2C350\" alt=\"SORPRESA FAMILIAR.- El hermano de Nelson, Rodrigo Sagredo, su esposa do\u00f1a Trinidad Herrera, Marina y don Arturo Sagredo, padres del Papudano, sorprendieron al profesional en medio de la actividad.\" width=\"530\" height=\"350\" srcset=\"https:\/\/i0.wp.com\/eltrabajo.cl\/portal\/wp-content\/uploads\/2016\/12\/Familia1.jpg?w=530&amp;ssl=1 530w, https:\/\/i0.wp.com\/eltrabajo.cl\/portal\/wp-content\/uploads\/2016\/12\/Familia1.jpg?resize=200%2C132&amp;ssl=1 200w, https:\/\/i0.wp.com\/eltrabajo.cl\/portal\/wp-content\/uploads\/2016\/12\/Familia1.jpg?resize=300%2C198&amp;ssl=1 300w, https:\/\/i0.wp.com\/eltrabajo.cl\/portal\/wp-content\/uploads\/2016\/12\/Familia1.jpg?resize=227%2C150&amp;ssl=1 227w, https:\/\/i0.wp.com\/eltrabajo.cl\/portal\/wp-content\/uploads\/2016\/12\/Familia1.jpg?resize=400%2C264&amp;ssl=1 400w\" sizes=\"auto, (max-width: 530px) 100vw, 530px\" \/><\/a><figcaption id=\"caption-attachment-76075\" class=\"wp-caption-text\">SORPRESA FAMILIAR.- El hermano de Nelson, Rodrigo Sagredo, su esposa do\u00f1a Trinidad Herrera, Marina y don Arturo Sagredo, padres del Papudano, sorprendieron al profesional en medio de la actividad.<\/figcaption><\/figure>\n<figure id=\"attachment_76074\" aria-describedby=\"caption-attachment-76074\" style=\"width: 530px\" class=\"wp-caption alignleft\"><a href=\"http:\/\/www.eltrabajo.cl\/portal\/nelson-papudano-sagredo-brillo-en-multitudinaria-tarde-ranchera\/concejo33-3\/\" rel=\"attachment wp-att-76074\"><img data-recalc-dims=\"1\" loading=\"lazy\" decoding=\"async\" class=\"size-full wp-image-76074\" src=\"https:\/\/i0.wp.com\/www.eltrabajo.cl\/portal\/wp-content\/uploads\/2016\/12\/Concejo33.jpg?resize=530%2C350\" alt=\"REGALONEADO.- El alcalde Patricio Freire y el concejo municipal, tambi\u00e9n se hizo presente para premiar al experimentado locutor radial.\" width=\"530\" height=\"350\" srcset=\"https:\/\/i0.wp.com\/eltrabajo.cl\/portal\/wp-content\/uploads\/2016\/12\/Concejo33.jpg?w=530&amp;ssl=1 530w, https:\/\/i0.wp.com\/eltrabajo.cl\/portal\/wp-content\/uploads\/2016\/12\/Concejo33.jpg?resize=200%2C132&amp;ssl=1 200w, https:\/\/i0.wp.com\/eltrabajo.cl\/portal\/wp-content\/uploads\/2016\/12\/Concejo33.jpg?resize=300%2C198&amp;ssl=1 300w, https:\/\/i0.wp.com\/eltrabajo.cl\/portal\/wp-content\/uploads\/2016\/12\/Concejo33.jpg?resize=227%2C150&amp;ssl=1 227w, https:\/\/i0.wp.com\/eltrabajo.cl\/portal\/wp-content\/uploads\/2016\/12\/Concejo33.jpg?resize=400%2C264&amp;ssl=1 400w\" sizes=\"auto, (max-width: 530px) 100vw, 530px\" \/><\/a><figcaption id=\"caption-attachment-76074\" class=\"wp-caption-text\">REGALONEADO.- El alcalde Patricio Freire y el concejo municipal, tambi\u00e9n se hizo presente para premiar al experimentado locutor radial.<\/figcaption><\/figure>\n","protected":false},"excerpt":{"rendered":"<p>Locutor celebr\u00f3 sus 30 a\u00f1os de carrera radial: Fue en una multitudinaria fiesta ranchera en la Plaza C\u00edvica, en la cual Nelson \u2018Papudano\u2019 Sagredo celebr\u00f3 a lo grande los 15 a\u00f1os de&#8230;<\/p>\n","protected":false},"author":1,"featured_media":76075,"comment_status":"open","ping_status":"open","sticky":false,"template":"","format":"standard","meta":{"advanced_seo_description":"","jetpack_seo_html_title":"","jetpack_seo_noindex":false,"_jetpack_memberships_contains_paid_content":false,"footnotes":""},"categories":[15],"tags":[],"class_list":["post-76073","post","type-post","status-publish","format-standard","has-post-thumbnail","hentry","category-comunidad"],"jetpack_featured_media_url":"https:\/\/i0.wp.com\/eltrabajo.cl\/portal\/wp-content\/uploads\/2016\/12\/Familia1.jpg?fit=530%2C350&ssl=1","jetpack_sharing_enabled":true,"jetpack_likes_enabled":true,"jetpack-related-posts":[],"_links":{"self":[{"href":"https:\/\/eltrabajo.cl\/portal\/wp-json\/wp\/v2\/posts\/76073","targetHints":{"allow":["GET"]}}],"collection":[{"href":"https:\/\/eltrabajo.cl\/portal\/wp-json\/wp\/v2\/posts"}],"about":[{"href":"https:\/\/eltrabajo.cl\/portal\/wp-json\/wp\/v2\/types\/post"}],"author":[{"embeddable":true,"href":"https:\/\/eltrabajo.cl\/portal\/wp-json\/wp\/v2\/users\/1"}],"replies":[{"embeddable":true,"href":"https:\/\/eltrabajo.cl\/portal\/wp-json\/wp\/v2\/comments?post=76073"}],"version-history":[{"count":0,"href":"https:\/\/eltrabajo.cl\/portal\/wp-json\/wp\/v2\/posts\/76073\/revisions"}],"wp:featuredmedia":[{"embeddable":true,"href":"https:\/\/eltrabajo.cl\/portal\/wp-json\/wp\/v2\/media\/76075"}],"wp:attachment":[{"href":"https:\/\/eltrabajo.cl\/portal\/wp-json\/wp\/v2\/media?parent=76073"}],"wp:term":[{"taxonomy":"category","embeddable":true,"href":"https:\/\/eltrabajo.cl\/portal\/wp-json\/wp\/v2\/categories?post=76073"},{"taxonomy":"post_tag","embeddable":true,"href":"https:\/\/eltrabajo.cl\/portal\/wp-json\/wp\/v2\/tags?post=76073"}],"curies":[{"name":"wp","href":"https:\/\/api.w.org\/{rel}","templated":true}]}}