{"id":76081,"date":"2016-12-23T08:51:33","date_gmt":"2016-12-23T11:51:33","guid":{"rendered":"http:\/\/www.eltrabajo.cl\/portal\/?p=76081"},"modified":"2016-12-23T08:51:33","modified_gmt":"2016-12-23T11:51:33","slug":"defensa-de-la-tierra","status":"publish","type":"post","link":"https:\/\/eltrabajo.cl\/portal\/defensa-de-la-tierra\/","title":{"rendered":"Defensa de la tierra"},"content":{"rendered":"<p><strong>Por Olga Lolas Nazrala<\/strong><br \/>\nLa opini\u00f3n p\u00fablica, necesita estar permanentemente informada de lo que ocurre a su alrededor. Digo esto, porque el proyecto inmobiliario del grupo Angelini tendr\u00eda para nuestra ciudad fatales consecuencias. Y es nuestro deber: decirlo. Pretender traer a San Felipe, 6oo toneladas de arena contaminada, nos transformar\u00eda en un basurero. Ser utilizados como \u2018basureros\u2019 por los due\u00f1os del mundo, atenta contra nuestra dignidad de personas humanas, de hijos del Cid y los aucas. Como el poder del dinero, es ya un mal tan generalizado, esta vez, la lucha contra la multimillonaria empresa, es m\u00e1s desproporcionada que nunca. Todos los poderes de las llamadas \u2018autoridades\u2019 y los centenares de informes de \u2018impacto ambiental\u2019 elaborados, est\u00e1n a favor del mencionado proyecto inmobiliario. No podemos dar cr\u00e9dito a los ya aprobados, ni a los que pretenden hacer para acallar las voces, las protestas enardecidas de la multitud. La verdad, es que en esas arenas hay material clasificado como \u2018peligroso\u2019. La indignaci\u00f3n y el rechazo son colectivos. Y lo es no solo de la poblaci\u00f3n del Algarrobal, sino de toda la ciudad de San Felipe, sus comunas y las poblaciones que la f\u00fanebre caravana de camiones encontrar\u00eda a su paso. \u201c\u00bfQu\u00e9 derechos son los que se arroga el Intendente de Valpara\u00edso?\u201d y, \u201c\u00bfde d\u00f3nde le vienen para disponer as\u00ed de nuestra ciudad, sus habitantes, sus autoridades, desde el alcalde a concejales?\u201d. Es tan grave la situaci\u00f3n que si esto llegara a consolidarse, nuestra regi\u00f3n se transformar\u00eda en otra Araucan\u00eda. La violencia de estas arbitrarias decisiones, genera m\u00e1s violencia. Donde hay injusticia, y se desconocen los derechos de las personas, en algunos casos se provocan acciones en leg\u00edtima defensa. \u201c\u00bfQu\u00e9 pasar\u00eda si por esta flagrante violaci\u00f3n a los derechos humanos como ser\u00eda el invadirnos depeligrosos hidrocarburos, nos quej\u00e1ramos a un Tribunal Internacional de Justicia?\u201d. No podemos permitir que 440,000 m3 de arena contaminada, da\u00f1e nuestra salud, el aire, la tierra y el agua de la regi\u00f3n.<\/p>\n<p>&nbsp;<\/p>\n","protected":false},"excerpt":{"rendered":"<p>Por Olga Lolas Nazrala La opini\u00f3n p\u00fablica, necesita estar permanentemente informada de lo que ocurre a su alrededor. Digo esto, porque el proyecto inmobiliario del grupo Angelini tendr\u00eda para nuestra ciudad fatales&#8230;<\/p>\n","protected":false},"author":1,"featured_media":75555,"comment_status":"open","ping_status":"open","sticky":false,"template":"","format":"standard","meta":{"advanced_seo_description":"","jetpack_seo_html_title":"","jetpack_seo_noindex":false,"_jetpack_memberships_contains_paid_content":false,"footnotes":""},"categories":[32],"tags":[],"class_list":["post-76081","post","type-post","status-publish","format-standard","has-post-thumbnail","hentry","category-opinion"],"jetpack_featured_media_url":"https:\/\/i0.wp.com\/eltrabajo.cl\/portal\/wp-content\/uploads\/2016\/11\/Carteles.jpg?fit=530%2C350&ssl=1","jetpack_sharing_enabled":true,"jetpack_likes_enabled":true,"jetpack-related-posts":[],"_links":{"self":[{"href":"https:\/\/eltrabajo.cl\/portal\/wp-json\/wp\/v2\/posts\/76081","targetHints":{"allow":["GET"]}}],"collection":[{"href":"https:\/\/eltrabajo.cl\/portal\/wp-json\/wp\/v2\/posts"}],"about":[{"href":"https:\/\/eltrabajo.cl\/portal\/wp-json\/wp\/v2\/types\/post"}],"author":[{"embeddable":true,"href":"https:\/\/eltrabajo.cl\/portal\/wp-json\/wp\/v2\/users\/1"}],"replies":[{"embeddable":true,"href":"https:\/\/eltrabajo.cl\/portal\/wp-json\/wp\/v2\/comments?post=76081"}],"version-history":[{"count":0,"href":"https:\/\/eltrabajo.cl\/portal\/wp-json\/wp\/v2\/posts\/76081\/revisions"}],"wp:featuredmedia":[{"embeddable":true,"href":"https:\/\/eltrabajo.cl\/portal\/wp-json\/wp\/v2\/media\/75555"}],"wp:attachment":[{"href":"https:\/\/eltrabajo.cl\/portal\/wp-json\/wp\/v2\/media?parent=76081"}],"wp:term":[{"taxonomy":"category","embeddable":true,"href":"https:\/\/eltrabajo.cl\/portal\/wp-json\/wp\/v2\/categories?post=76081"},{"taxonomy":"post_tag","embeddable":true,"href":"https:\/\/eltrabajo.cl\/portal\/wp-json\/wp\/v2\/tags?post=76081"}],"curies":[{"name":"wp","href":"https:\/\/api.w.org\/{rel}","templated":true}]}}