{"id":76083,"date":"2016-12-23T08:53:13","date_gmt":"2016-12-23T11:53:13","guid":{"rendered":"http:\/\/www.eltrabajo.cl\/portal\/?p=76083"},"modified":"2016-12-23T08:53:14","modified_gmt":"2016-12-23T11:53:14","slug":"vecinos-denuncian-incumplimiento-de-acuerdo-por-cierre-de-av-ohiggins","status":"publish","type":"post","link":"https:\/\/eltrabajo.cl\/portal\/vecinos-denuncian-incumplimiento-de-acuerdo-por-cierre-de-av-ohiggins\/","title":{"rendered":"Vecinos denuncian incumplimiento de acuerdo por cierre de Av. O&#8217;Higgins"},"content":{"rendered":"<ul>\n<li><strong>En la intersecci\u00f3n con calle Navarro:<\/strong><\/li>\n<\/ul>\n<p>Un grupo de vecinos y comerciantes est\u00e1 muy molesto ya que ayer en la ma\u00f1ana, fueron testigos del sorpresivo cierre en la intersecci\u00f3n de avenida O\u00b4Higgins con Navarro, debido al inicio de los trabajos de construcci\u00f3n de ciclov\u00edas que durar\u00edan unos tres meses, construcci\u00f3n a la cual no se oponen, pero que les traer\u00e1 graves consecuencias econ\u00f3micas sino se cumple un acuerdo logrado en una reuni\u00f3n realizada el 07 de diciembre en el Sal\u00f3n de Honor de la Municipalidad de San Felipe, para que hubiera una coordinaci\u00f3n previa y un resguardo para ellos de poder seguir trabajando en sus locales comerciales.<br \/>\nGast\u00f3n Allegro, vocero de los vecinos que viven desde Traslavi\u00f1a hacia avenida Maip\u00fa, dijo que est\u00e1n muy preocupados y a estas alturas molestos por el sorpresivo cierre de esta calle, frente a los locales y casas de varias personas de la zona.<br \/>\nEl cierre corresponde a la avenida O\u00b4Higgins y calle Navarro hacia Maip\u00fa por los trabajos que est\u00e1 haciendo Serviu en las ciclov\u00edas.<br \/>\nLo m\u00e1s extra\u00f1o de esto, comenta Allegro, es que ellos sostuvieron reuniones previas con gente de Serviu y la Municipalidad; \u201cdonde se tom\u00f3 el compromiso de tener un nivel de coordinaci\u00f3n y resguardo para nosotros poder seguir habitando y operando en nuestros locales, los vecinos en sus casas sin que se altere en su grado total el orden y el tr\u00e1nsito en la zona. y resulta que eso lamentablemente no se cumpli\u00f3\u201d.<br \/>\nReconoce que una vez ocurrido el cierre, procedi\u00f3 de inmediato a comunicarse a trav\u00e9s de correos con gente de la constructora y Serviu, espec\u00edficamente con Nahuel Salas, donde le pidi\u00f3 que se cumpliera lo prometido en una reuni\u00f3n realizada el 7 de diciembre en el sal\u00f3n de honor de la Municipalidad de San Felipe, donde tambi\u00e9n estuvo presente el alcalde Patricio Freire.<br \/>\n\u201cEn esa reuni\u00f3n se comprometieron a realizar reuniones previas de coordinaci\u00f3n entre la constructora, Serviu y el municipio, para evitar todas estas situaciones que hoy se est\u00e1n viviendo. Ninguno de nosotros se opone a lo que significa el desarrollo comunal con las ciclov\u00edas y todo lo que involucra, claramente estamos a favor de este tipo de iniciativas, lo que no nos parece es que sin previo aviso se vulnere nuestro derecho a entrar a nuestros locales, a nosotros y a los clientes, no podemos acceder en los veh\u00edculos, no podemos tener la comodidad que nuestros clientes entren y salgan producto de que se cerraron los accesos vehiculares en su totalidad, cosa que se nos comprometi\u00f3 que no iba a ocurrir, entonces esa es la molestia que representamos todos los vecinos desde Traslavi\u00f1a a avenida Maip\u00fa\u201d, sostuvo.<br \/>\nLo \u00fanico que est\u00e1n pidiendo, es que se cumpla el compromiso adquirido en la reuni\u00f3n del 7 de diciembre.<br \/>\nCreen que las consecuencias econ\u00f3micas para ellos pueden ser catastr\u00f3ficas, ya que se corre el riesgo de despedir personas, debido al los meses que estar\u00edan sin poder operar como corresponde.<br \/>\nEn el caso personal de \u00e9l, tiene diez personas trabajando en su local de venta de herramientas.<br \/>\nEn definitiva, lo que est\u00e1n pidiendo es que se les habilite un acceso para que ellos sigan operando.<br \/>\nComo vecinos afectados, hablaron con la empresa donde le dijeron que la municipalidad le hab\u00eda entregado un decreto autorizando el cierre del tr\u00e1nsito por esa avenida.<br \/>\n\u201cEntonces yo le pregunto al se\u00f1or de la Direcci\u00f3n de Tr\u00e1nsito y al propio alcalde, si ustedes se comprometieron con nosotros que eso no iba a ocurrir, como autorizan v\u00eda un decreto a cerrar la calle, nos mintieron entonces, fue un show la reuni\u00f3n en el Ilustre Sal\u00f3n de la Municipalidad, que es lo que est\u00e1 pasando con esta administraci\u00f3n, eso es lo que me preocupa, no nos oponemos, pero pedimos que lo que se acord\u00f3, ocurra\u201d, finaliza el vocero.<\/p>\n<p><strong>SECPLA RESPONDE<\/strong><br \/>\nDiario El Trabajo consult\u00f3 sobre esta situaci\u00f3n al Secretario de Planificaci\u00f3n Comunal, Claudio Paredes, quien se\u00f1al\u00f3 que efectivamente en la reuni\u00f3n realizada el pasado 7 de diciembre, se le inform\u00f3 a los vecinos los plazos que tendr\u00eda el proyecto, a lo que se suma una carta enviada tambi\u00e9n a los vecinos y comerciantes del sector de parte de la empresa entregando una informaci\u00f3n similar, por lo que seg\u00fan el Secpla los detalles y plazos del proyecto fueron socializados.<br \/>\nAdem\u00e1s agrega el profesional que el proyecto deb\u00eda comenzar el pasado 15 de diciembre, pero finalmente empez\u00f3 el 19, todo con el objetivo de que los vecinos y comerciantes tomaran las medidas necesarias.<br \/>\nTambi\u00e9n Paredes dijo que el proyecto ten\u00eda como plazo de ejecuci\u00f3n tres meses, sin embargo el municipio realiz\u00f3 las gestiones con la empresa para que sea utilizado un acelerante en el material y as\u00ed culminar el proyecto en alrededor de un mes y medio.<br \/>\nAsimismo los profesionales de la Secpla se reunir\u00e1n nuevamente con los vecinos hoy viernes para explicar nuevamente los plazos y avances que contempla el proyecto.<\/p>\n<figure id=\"attachment_76084\" aria-describedby=\"caption-attachment-76084\" style=\"width: 530px\" class=\"wp-caption alignleft\"><a href=\"http:\/\/www.eltrabajo.cl\/portal\/vecinos-denuncian-incumplimiento-de-acuerdo-por-cierre-de-av-ohiggins\/vecino_11\/\" rel=\"attachment wp-att-76084\"><img data-recalc-dims=\"1\" loading=\"lazy\" decoding=\"async\" class=\"size-full wp-image-76084\" src=\"https:\/\/i0.wp.com\/www.eltrabajo.cl\/portal\/wp-content\/uploads\/2016\/12\/vecino_11.jpg?resize=530%2C350\" alt=\"Los vecinos junto al cierre que fue puesto para cortar el tr\u00e1nsito en Avenida O\u00b4Higgins con Navarro.\" width=\"530\" height=\"350\" srcset=\"https:\/\/i0.wp.com\/eltrabajo.cl\/portal\/wp-content\/uploads\/2016\/12\/vecino_11.jpg?w=530&amp;ssl=1 530w, https:\/\/i0.wp.com\/eltrabajo.cl\/portal\/wp-content\/uploads\/2016\/12\/vecino_11.jpg?resize=200%2C132&amp;ssl=1 200w, https:\/\/i0.wp.com\/eltrabajo.cl\/portal\/wp-content\/uploads\/2016\/12\/vecino_11.jpg?resize=300%2C198&amp;ssl=1 300w, https:\/\/i0.wp.com\/eltrabajo.cl\/portal\/wp-content\/uploads\/2016\/12\/vecino_11.jpg?resize=227%2C150&amp;ssl=1 227w, https:\/\/i0.wp.com\/eltrabajo.cl\/portal\/wp-content\/uploads\/2016\/12\/vecino_11.jpg?resize=400%2C264&amp;ssl=1 400w\" sizes=\"auto, (max-width: 530px) 100vw, 530px\" \/><\/a><figcaption id=\"caption-attachment-76084\" class=\"wp-caption-text\">Los vecinos junto al cierre que fue puesto para cortar el tr\u00e1nsito en Avenida O\u00b4Higgins con Navarro.<\/figcaption><\/figure>\n","protected":false},"excerpt":{"rendered":"<p>En la intersecci\u00f3n con calle Navarro: Un grupo de vecinos y comerciantes est\u00e1 muy molesto ya que ayer en la ma\u00f1ana, fueron testigos del sorpresivo cierre en la intersecci\u00f3n de avenida O\u00b4Higgins&#8230;<\/p>\n","protected":false},"author":1,"featured_media":76084,"comment_status":"open","ping_status":"open","sticky":false,"template":"","format":"standard","meta":{"advanced_seo_description":"","jetpack_seo_html_title":"","jetpack_seo_noindex":false,"_jetpack_memberships_contains_paid_content":false,"footnotes":""},"categories":[15],"tags":[],"class_list":["post-76083","post","type-post","status-publish","format-standard","has-post-thumbnail","hentry","category-comunidad"],"jetpack_featured_media_url":"https:\/\/i0.wp.com\/eltrabajo.cl\/portal\/wp-content\/uploads\/2016\/12\/vecino_11.jpg?fit=530%2C350&ssl=1","jetpack_sharing_enabled":true,"jetpack_likes_enabled":true,"jetpack-related-posts":[],"_links":{"self":[{"href":"https:\/\/eltrabajo.cl\/portal\/wp-json\/wp\/v2\/posts\/76083","targetHints":{"allow":["GET"]}}],"collection":[{"href":"https:\/\/eltrabajo.cl\/portal\/wp-json\/wp\/v2\/posts"}],"about":[{"href":"https:\/\/eltrabajo.cl\/portal\/wp-json\/wp\/v2\/types\/post"}],"author":[{"embeddable":true,"href":"https:\/\/eltrabajo.cl\/portal\/wp-json\/wp\/v2\/users\/1"}],"replies":[{"embeddable":true,"href":"https:\/\/eltrabajo.cl\/portal\/wp-json\/wp\/v2\/comments?post=76083"}],"version-history":[{"count":0,"href":"https:\/\/eltrabajo.cl\/portal\/wp-json\/wp\/v2\/posts\/76083\/revisions"}],"wp:featuredmedia":[{"embeddable":true,"href":"https:\/\/eltrabajo.cl\/portal\/wp-json\/wp\/v2\/media\/76084"}],"wp:attachment":[{"href":"https:\/\/eltrabajo.cl\/portal\/wp-json\/wp\/v2\/media?parent=76083"}],"wp:term":[{"taxonomy":"category","embeddable":true,"href":"https:\/\/eltrabajo.cl\/portal\/wp-json\/wp\/v2\/categories?post=76083"},{"taxonomy":"post_tag","embeddable":true,"href":"https:\/\/eltrabajo.cl\/portal\/wp-json\/wp\/v2\/tags?post=76083"}],"curies":[{"name":"wp","href":"https:\/\/api.w.org\/{rel}","templated":true}]}}