{"id":76096,"date":"2016-12-26T08:51:47","date_gmt":"2016-12-26T11:51:47","guid":{"rendered":"http:\/\/www.eltrabajo.cl\/portal\/?p=76096"},"modified":"2016-12-26T08:51:47","modified_gmt":"2016-12-26T11:51:47","slug":"policia-de-investigaciones-intensificara-labores-de-control-con-inmigrantes","status":"publish","type":"post","link":"https:\/\/eltrabajo.cl\/portal\/policia-de-investigaciones-intensificara-labores-de-control-con-inmigrantes\/","title":{"rendered":"Polic\u00eda de Investigaciones intensificar\u00e1 labores de control con inmigrantes"},"content":{"rendered":"<ul>\n<li><strong>PDI confirma que manejan informaci\u00f3n de hacinamiento de extranjeros en algunos puntos de San Felipe:<\/strong><\/li>\n<\/ul>\n<p>Para nadie es un misterio que San Felipe y varias comunas de la Provincia, han sido elegidas por extranjeros de distintos pa\u00edses, como el lugar donde pretenden mejorar la calidad de vida que ten\u00edan en sus respectivas naciones.<br \/>\nNo es un secreto que en el \u00faltimo a\u00f1o -a nivel nacional- la llegada de inmigrantes se haya visto multiplicada de forma exponencial y que para muchas de estas personas, los primeros meses en suelo chileno, han estado muy lejos de ser, el destino paradisiaco que realmente esperaban.<br \/>\nSi bien, hay muchos extranjeros que lograron encontrar trabajo, para otros, la situaci\u00f3n ha sido m\u00e1s compleja, en especial, para los haitianos, quienes con un idioma diferente y muy pocos recursos, han debido hacinarse en distintos lugares de la comuna.<br \/>\nVecinos del sector poniente de San Felipe, a trav\u00e9s de la redes sociales, han dado a conocer la precaria situaci\u00f3n en que se encuentra un centenar de inmigrantes en la Villa Santa Teresita, hecho que fue confirmado por el jefe subrogante de la Bicrim San Felipe de la \u00b4Polic\u00eda de Investigaciones, Comisario Andr\u00e9s Carre\u00f1o, quien relat\u00f3 que \u00abmanejamos informaci\u00f3n que en distintos puntos, fuera de la zona central de la ciudad, est\u00e1n residiendo muchas personas y no con las comodidades de acuerdo a los que los contratan o los traen al pa\u00eds\u00bb, afirm\u00f3.<br \/>\nRespecto de qu\u00e9 tipo de diligencias son las que realiza PDI para controlar esta situaci\u00f3n, el Comisario dijo que se est\u00e1 llevando a efecto una fiscalizaci\u00f3n exhaustiva y trabajando con otras instituciones del Estado. \u00abRealizamos reuniones con la Gobernaci\u00f3n e intercambio de informaci\u00f3n tambi\u00e9n, y nos falta coordinarnos con los dem\u00e1s servicios para organizar una salida general\u00bb, apunt\u00f3, argumentando que, un m\u00e9todo utilizado hasta el momento, es la visita a distintas empresas y faenas agr\u00edcolas de la zona, donde se est\u00e1 contratando personal extranjero.<br \/>\nEn ese contexto, Carre\u00f1o asegur\u00f3 que se est\u00e1n realizando diversas labores policiales, de modo tal de asegurar que los extranjeros residentes en la zona, se encuentren con su situaci\u00f3n legal vigente.<br \/>\n\u00abLo \u00faltimo que se est\u00e1 haciendo, son labores preventivas, sobre todo en esta fecha y controles a recintos donde, manejamos informaci\u00f3n que la cantidad de personas no corresponde a determinados espacios, cuesta creer un poco, pero toda esa situaci\u00f3n se est\u00e1 fiscalizando, y llevaremos un control referente a la cantidad de extranjeros que ha llegado a la zona\u00bb, detall\u00f3 el polic\u00eda.<\/p>\n<figure id=\"attachment_76097\" aria-describedby=\"caption-attachment-76097\" style=\"width: 530px\" class=\"wp-caption alignleft\"><a href=\"http:\/\/www.eltrabajo.cl\/portal\/policia-de-investigaciones-intensificara-labores-de-control-con-inmigrantes\/pdi-comisario-andres-carreno\/\" rel=\"attachment wp-att-76097\"><img data-recalc-dims=\"1\" loading=\"lazy\" decoding=\"async\" class=\"size-full wp-image-76097\" src=\"https:\/\/i0.wp.com\/www.eltrabajo.cl\/portal\/wp-content\/uploads\/2016\/12\/PDI-Comisario-Andr%C3%A9s-Carre%C3%B1o.jpg?resize=530%2C349\" alt=\"Comisario Andr\u00e9s Carre\u00f1o, jefe subrogante de la Bicrim San Felipe. \" width=\"530\" height=\"349\" srcset=\"https:\/\/i0.wp.com\/eltrabajo.cl\/portal\/wp-content\/uploads\/2016\/12\/PDI-Comisario-Andr%C3%A9s-Carre%C3%B1o.jpg?w=530&amp;ssl=1 530w, https:\/\/i0.wp.com\/eltrabajo.cl\/portal\/wp-content\/uploads\/2016\/12\/PDI-Comisario-Andr%C3%A9s-Carre%C3%B1o.jpg?resize=200%2C132&amp;ssl=1 200w, https:\/\/i0.wp.com\/eltrabajo.cl\/portal\/wp-content\/uploads\/2016\/12\/PDI-Comisario-Andr%C3%A9s-Carre%C3%B1o.jpg?resize=300%2C198&amp;ssl=1 300w, https:\/\/i0.wp.com\/eltrabajo.cl\/portal\/wp-content\/uploads\/2016\/12\/PDI-Comisario-Andr%C3%A9s-Carre%C3%B1o.jpg?resize=228%2C150&amp;ssl=1 228w, https:\/\/i0.wp.com\/eltrabajo.cl\/portal\/wp-content\/uploads\/2016\/12\/PDI-Comisario-Andr%C3%A9s-Carre%C3%B1o.jpg?resize=400%2C263&amp;ssl=1 400w\" sizes=\"auto, (max-width: 530px) 100vw, 530px\" \/><\/a><figcaption id=\"caption-attachment-76097\" class=\"wp-caption-text\">Comisario Andr\u00e9s Carre\u00f1o, jefe subrogante de la Bicrim San Felipe.<\/figcaption><\/figure>\n","protected":false},"excerpt":{"rendered":"<p>PDI confirma que manejan informaci\u00f3n de hacinamiento de extranjeros en algunos puntos de San Felipe: Para nadie es un misterio que San Felipe y varias comunas de la Provincia, han sido elegidas&#8230;<\/p>\n","protected":false},"author":1,"featured_media":76097,"comment_status":"open","ping_status":"open","sticky":false,"template":"","format":"standard","meta":{"advanced_seo_description":"","jetpack_seo_html_title":"","jetpack_seo_noindex":false,"_jetpack_memberships_contains_paid_content":false,"footnotes":""},"categories":[1],"tags":[],"class_list":["post-76096","post","type-post","status-publish","format-standard","has-post-thumbnail","hentry","category-cronica"],"jetpack_featured_media_url":"https:\/\/i0.wp.com\/eltrabajo.cl\/portal\/wp-content\/uploads\/2016\/12\/PDI-Comisario-Andr%C3%A9s-Carre%C3%B1o.jpg?fit=530%2C349&ssl=1","jetpack_sharing_enabled":true,"jetpack_likes_enabled":true,"jetpack-related-posts":[],"_links":{"self":[{"href":"https:\/\/eltrabajo.cl\/portal\/wp-json\/wp\/v2\/posts\/76096","targetHints":{"allow":["GET"]}}],"collection":[{"href":"https:\/\/eltrabajo.cl\/portal\/wp-json\/wp\/v2\/posts"}],"about":[{"href":"https:\/\/eltrabajo.cl\/portal\/wp-json\/wp\/v2\/types\/post"}],"author":[{"embeddable":true,"href":"https:\/\/eltrabajo.cl\/portal\/wp-json\/wp\/v2\/users\/1"}],"replies":[{"embeddable":true,"href":"https:\/\/eltrabajo.cl\/portal\/wp-json\/wp\/v2\/comments?post=76096"}],"version-history":[{"count":0,"href":"https:\/\/eltrabajo.cl\/portal\/wp-json\/wp\/v2\/posts\/76096\/revisions"}],"wp:featuredmedia":[{"embeddable":true,"href":"https:\/\/eltrabajo.cl\/portal\/wp-json\/wp\/v2\/media\/76097"}],"wp:attachment":[{"href":"https:\/\/eltrabajo.cl\/portal\/wp-json\/wp\/v2\/media?parent=76096"}],"wp:term":[{"taxonomy":"category","embeddable":true,"href":"https:\/\/eltrabajo.cl\/portal\/wp-json\/wp\/v2\/categories?post=76096"},{"taxonomy":"post_tag","embeddable":true,"href":"https:\/\/eltrabajo.cl\/portal\/wp-json\/wp\/v2\/tags?post=76096"}],"curies":[{"name":"wp","href":"https:\/\/api.w.org\/{rel}","templated":true}]}}