{"id":76100,"date":"2016-12-26T08:53:37","date_gmt":"2016-12-26T11:53:37","guid":{"rendered":"http:\/\/www.eltrabajo.cl\/portal\/?p=76100"},"modified":"2016-12-26T08:53:37","modified_gmt":"2016-12-26T11:53:37","slug":"mejoras-de-areas-verdes-y-juegos-infantiles-en-villa-departamental","status":"publish","type":"post","link":"https:\/\/eltrabajo.cl\/portal\/mejoras-de-areas-verdes-y-juegos-infantiles-en-villa-departamental\/","title":{"rendered":"Mejoras de \u00e1reas verdes y juegos infantiles en Villa Departamental"},"content":{"rendered":"<ul>\n<li><strong>Impulsadas por el municipio sanfelipe\u00f1o:<\/strong><\/li>\n<\/ul>\n<p>Una visita que permiti\u00f3 dejar en claro la satisfacci\u00f3n, alegr\u00eda y agradecimiento de los vecinos, realiz\u00f3 el alcalde Patricio Freire a la Villa Departamental, sector poblacional que por estos d\u00edas est\u00e1 siendo sometido a una intervenci\u00f3n para la creaci\u00f3n de una zona de \u00e1reas verdes, que incluye juegos infantiles.<br \/>\nSi bien inicialmente es un punto de la villa el que se est\u00e1 interviniendo, el cambio para los vecinos ha sido rotundo, seg\u00fan reconoci\u00f3 la presidenta de la Junta de Vecinos del sector, Pamela Silva, quien expres\u00f3 su satisfacci\u00f3n por el respaldo que han encontrado en el municipio, donde no s\u00f3lo se realizan estos trabajos, sino tambi\u00e9n est\u00e1 ad portas de su entrega, el proyecto de reposici\u00f3n de la sede comunitaria.<br \/>\n\u201cHemos luchado durante siete a\u00f1os como dirigentes para sacar adelante la villa, con el alcalde anterior cinco a\u00f1os y con el alcalde Freire, dos a\u00f1os, y \u00e9l nos acogi\u00f3 esta necesidad que planteamos para nuestros ni\u00f1os, porque est\u00e1bamos como tirados en un rinc\u00f3n de San Felipe, pero ahora queremos que la Departamental se conozca por cosas buenas. Pronto vamos a inaugurar la sede comunitaria por la que luchamos tanto y ahora con las \u00e1reas verdes, estamos m\u00e1s que felices, porque es verdad que el verde cambia todo\u201d, se\u00f1al\u00f3 Pamela Silva.<br \/>\nA su vez, el alcalde Freire manifest\u00f3 que la frase \u201cSan Felipe, la comuna de todos\u201d debe ser palpable y en esa l\u00ednea, reconoci\u00f3 la labor dirigencial como clave para avanzar por una mejor calidad de vida de las comunidades, ya que al trabajar en conjunto con las unidades vecinales, es posible consensuar proyectos y acelerar iniciativas.<br \/>\n\u201cEstamos terminando la instalaci\u00f3n de \u00e1reas verdes y juegos infantiles. Estamos en todos los barrios haciendo hermoseamiento y este era un sector que se nos hab\u00eda quedado atr\u00e1s, y por ello la Secpla ha estado trabajando arduamente por todos los sectores de la comuna y este es un sector espectacular, la Villa Departamental es un \u00edcono de San Felipe, con vecinos trabajadores y una dirigente que se nos alej\u00f3 un tiempo, pero que volvi\u00f3 a acercarse al municipio, lo que nos ha permitido sacar adelante estas iniciativas\u201d, expres\u00f3 la primera autoridad comunal.<br \/>\nRespecto de las obras en ejecuci\u00f3n, el director de la Secpla, Claudio Paredes se\u00f1al\u00f3 que se est\u00e1 efectuando una intervenci\u00f3n que contempla el hermoseamiento de un sector emblem\u00e1tico de la comuna y donde por a\u00f1os sus habitantes sintieron abandono de las autoridades.<br \/>\n\u201cCorresponde a una intervenci\u00f3n territorial que hace la municipalidad, a partir del requerimiento que nos hace el alcalde Patricio Freire, particularmente en tres \u00e1mbitos, desarrollo de espacios urbanos, con la consolidaci\u00f3n de espacios con alg\u00fan nivel de obsolescencia, que transformamos en \u00e1reas verdes; incorporaci\u00f3n de mobiliario urbano y seguridad; as\u00ed como juegos infantiles\u201d, explic\u00f3 Paredes.<br \/>\nEn el sector, tambi\u00e9n se efectu\u00f3 un recambio de luminarias por tecnolog\u00eda LED, al tiempo que est\u00e1 pr\u00f3xima a ser inaugurada la sede comunitaria, por lo que existe una completa intervenci\u00f3n que se est\u00e1 realizando en el sector y que seg\u00fan dijo el alcalde Freire, da cuenta del trabajo conjunto con los vecinos.<\/p>\n<figure id=\"attachment_76101\" aria-describedby=\"caption-attachment-76101\" style=\"width: 530px\" class=\"wp-caption alignleft\"><a href=\"http:\/\/www.eltrabajo.cl\/portal\/mejoras-de-areas-verdes-y-juegos-infantiles-en-villa-departamental\/areas-verdes-y-juegos\/\" rel=\"attachment wp-att-76101\"><img data-recalc-dims=\"1\" loading=\"lazy\" decoding=\"async\" class=\"size-full wp-image-76101\" src=\"https:\/\/i0.wp.com\/www.eltrabajo.cl\/portal\/wp-content\/uploads\/2016\/12\/areas-verdes-y-juegos.jpg?resize=530%2C348\" alt=\"Los vecinos de la Villa Departamental se encuentran felices por los avances en las intervenciones para la creaci\u00f3n de una zona de \u00e1reas verdes, que incluye juegos infantiles.\" width=\"530\" height=\"348\" srcset=\"https:\/\/i0.wp.com\/eltrabajo.cl\/portal\/wp-content\/uploads\/2016\/12\/areas-verdes-y-juegos.jpg?w=530&amp;ssl=1 530w, https:\/\/i0.wp.com\/eltrabajo.cl\/portal\/wp-content\/uploads\/2016\/12\/areas-verdes-y-juegos.jpg?resize=200%2C131&amp;ssl=1 200w, https:\/\/i0.wp.com\/eltrabajo.cl\/portal\/wp-content\/uploads\/2016\/12\/areas-verdes-y-juegos.jpg?resize=300%2C197&amp;ssl=1 300w, https:\/\/i0.wp.com\/eltrabajo.cl\/portal\/wp-content\/uploads\/2016\/12\/areas-verdes-y-juegos.jpg?resize=228%2C150&amp;ssl=1 228w, https:\/\/i0.wp.com\/eltrabajo.cl\/portal\/wp-content\/uploads\/2016\/12\/areas-verdes-y-juegos.jpg?resize=400%2C263&amp;ssl=1 400w\" sizes=\"auto, (max-width: 530px) 100vw, 530px\" \/><\/a><figcaption id=\"caption-attachment-76101\" class=\"wp-caption-text\">Los vecinos de la Villa Departamental se encuentran felices por los avances en las intervenciones para la creaci\u00f3n de una zona de \u00e1reas verdes, que incluye juegos infantiles.<\/figcaption><\/figure>\n","protected":false},"excerpt":{"rendered":"<p>Impulsadas por el municipio sanfelipe\u00f1o: Una visita que permiti\u00f3 dejar en claro la satisfacci\u00f3n, alegr\u00eda y agradecimiento de los vecinos, realiz\u00f3 el alcalde Patricio Freire a la Villa Departamental, sector poblacional que&#8230;<\/p>\n","protected":false},"author":1,"featured_media":76101,"comment_status":"open","ping_status":"open","sticky":false,"template":"","format":"standard","meta":{"advanced_seo_description":"","jetpack_seo_html_title":"","jetpack_seo_noindex":false,"_jetpack_memberships_contains_paid_content":false,"footnotes":""},"categories":[1],"tags":[],"class_list":["post-76100","post","type-post","status-publish","format-standard","has-post-thumbnail","hentry","category-cronica"],"jetpack_featured_media_url":"https:\/\/i0.wp.com\/eltrabajo.cl\/portal\/wp-content\/uploads\/2016\/12\/areas-verdes-y-juegos.jpg?fit=530%2C348&ssl=1","jetpack_sharing_enabled":true,"jetpack_likes_enabled":true,"jetpack-related-posts":[],"_links":{"self":[{"href":"https:\/\/eltrabajo.cl\/portal\/wp-json\/wp\/v2\/posts\/76100","targetHints":{"allow":["GET"]}}],"collection":[{"href":"https:\/\/eltrabajo.cl\/portal\/wp-json\/wp\/v2\/posts"}],"about":[{"href":"https:\/\/eltrabajo.cl\/portal\/wp-json\/wp\/v2\/types\/post"}],"author":[{"embeddable":true,"href":"https:\/\/eltrabajo.cl\/portal\/wp-json\/wp\/v2\/users\/1"}],"replies":[{"embeddable":true,"href":"https:\/\/eltrabajo.cl\/portal\/wp-json\/wp\/v2\/comments?post=76100"}],"version-history":[{"count":0,"href":"https:\/\/eltrabajo.cl\/portal\/wp-json\/wp\/v2\/posts\/76100\/revisions"}],"wp:featuredmedia":[{"embeddable":true,"href":"https:\/\/eltrabajo.cl\/portal\/wp-json\/wp\/v2\/media\/76101"}],"wp:attachment":[{"href":"https:\/\/eltrabajo.cl\/portal\/wp-json\/wp\/v2\/media?parent=76100"}],"wp:term":[{"taxonomy":"category","embeddable":true,"href":"https:\/\/eltrabajo.cl\/portal\/wp-json\/wp\/v2\/categories?post=76100"},{"taxonomy":"post_tag","embeddable":true,"href":"https:\/\/eltrabajo.cl\/portal\/wp-json\/wp\/v2\/tags?post=76100"}],"curies":[{"name":"wp","href":"https:\/\/api.w.org\/{rel}","templated":true}]}}