{"id":76104,"date":"2016-12-26T08:56:42","date_gmt":"2016-12-26T11:56:42","guid":{"rendered":"http:\/\/www.eltrabajo.cl\/portal\/?p=76104"},"modified":"2016-12-26T08:56:42","modified_gmt":"2016-12-26T11:56:42","slug":"cecilia-y-celia-cruz-cantaron-a-los-abuelitos-de-hogar-trivelli","status":"publish","type":"post","link":"https:\/\/eltrabajo.cl\/portal\/cecilia-y-celia-cruz-cantaron-a-los-abuelitos-de-hogar-trivelli\/","title":{"rendered":"\u2018Cecilia\u2019 y \u2018Celia Cruz\u2019 cantaron a los abuelitos de Hogar Trivelli"},"content":{"rendered":"<ul>\n<li><strong>Profesores de la JFK cierran su a\u00f1o con trabajo social:<\/strong><\/li>\n<\/ul>\n<p>Un electrizante carnaval navide\u00f1o, es del que pudieron disfrutar los 49 adultos mayores de Hogar Trivelli, luego que todo el personal docente de la Escuela Jhon F. Kenedy decidiera realizar su cierre de actividades en este centro del Adulto Mayor.<br \/>\nLa iniciativa comprometi\u00f3 una serie de actividades art\u00edsticas y recreativas, para que no s\u00f3lo los abuelitos lo pasaran bien, sino tambi\u00e9n que participaran con libertad.<\/p>\n<p><strong>GRANDES SORPRESAS<\/strong><br \/>\nLas c\u00e1maras de Diario El Trabajo, tomaron registro de esta jornada especial, a la que llegaron dos grandes artistas: Cecilia (rockera Nueva Ola) y la inmortal Celia Cruz, quienes deleitaron con su ritmo a los presentes.<br \/>\nDurante la actividad, los adultos mayores disfrutaron de bebidas, helados, comiditas y de un ambiente muy especial, adem\u00e1s de la Cena de Nochebuena que recibieron por la noche. Tambi\u00e9n hubo algunos abuelitos que declamaron sus poemas favoritos; otros bailaron y muchos aplaudieron a los artistas invitados.<\/p>\n<p><strong>TRECE HU\u00c9SPEDES<\/strong><br \/>\nEsta actividad, la reciben estos abuelitos como b\u00e1lsamo a sus vidas, pues recordemos que una compleja situaci\u00f3n se vivi\u00f3 en la comuna de San Esteban, cuando hace pocas semanas atr\u00e1s, 28 adultos mayores debieron ser evacuados, luego que un incendio consumiera totalmente las dependencias del hogar que habitaban en pleno centro de la comuna. En la actualidad de ese hogar siniestrado, s\u00f3lo trece adultos mayores permanecen en Hogar Trivelli calle Tocornal, pues al resto ya ha reinstalado en otros lugares y sus hogares por sus familiares, mientras que son 36 abuelitos los que permanentemente viven en este hogar.<br \/>\n<strong>Roberto Gonz\u00e1lez Short<\/strong><\/p>\n<figure id=\"attachment_76105\" aria-describedby=\"caption-attachment-76105\" style=\"width: 530px\" class=\"wp-caption alignleft\"><a href=\"http:\/\/www.eltrabajo.cl\/portal\/cecilia-y-celia-cruz-cantaron-a-los-abuelitos-de-hogar-trivelli\/abuelitos-hogar-trivelli\/\" rel=\"attachment wp-att-76105\"><img data-recalc-dims=\"1\" loading=\"lazy\" decoding=\"async\" class=\"size-full wp-image-76105\" src=\"https:\/\/i0.wp.com\/www.eltrabajo.cl\/portal\/wp-content\/uploads\/2016\/12\/Abuelitos-hogar-trivelli.jpg?resize=530%2C348\" alt=\"ENDULZANDO SUS VIDAS.- Aqu\u00ed tenemos a estos abuelitos disfrutando a lo grande de sus ricos helados.\" width=\"530\" height=\"348\" srcset=\"https:\/\/i0.wp.com\/eltrabajo.cl\/portal\/wp-content\/uploads\/2016\/12\/Abuelitos-hogar-trivelli.jpg?w=530&amp;ssl=1 530w, https:\/\/i0.wp.com\/eltrabajo.cl\/portal\/wp-content\/uploads\/2016\/12\/Abuelitos-hogar-trivelli.jpg?resize=200%2C131&amp;ssl=1 200w, https:\/\/i0.wp.com\/eltrabajo.cl\/portal\/wp-content\/uploads\/2016\/12\/Abuelitos-hogar-trivelli.jpg?resize=300%2C197&amp;ssl=1 300w, https:\/\/i0.wp.com\/eltrabajo.cl\/portal\/wp-content\/uploads\/2016\/12\/Abuelitos-hogar-trivelli.jpg?resize=228%2C150&amp;ssl=1 228w, https:\/\/i0.wp.com\/eltrabajo.cl\/portal\/wp-content\/uploads\/2016\/12\/Abuelitos-hogar-trivelli.jpg?resize=400%2C263&amp;ssl=1 400w\" sizes=\"auto, (max-width: 530px) 100vw, 530px\" \/><\/a><figcaption id=\"caption-attachment-76105\" class=\"wp-caption-text\">ENDULZANDO SUS VIDAS.- Aqu\u00ed tenemos a estos abuelitos disfrutando a lo grande de sus ricos helados.<\/figcaption><\/figure>\n<figure id=\"attachment_76106\" aria-describedby=\"caption-attachment-76106\" style=\"width: 530px\" class=\"wp-caption alignleft\"><a href=\"http:\/\/www.eltrabajo.cl\/portal\/cecilia-y-celia-cruz-cantaron-a-los-abuelitos-de-hogar-trivelli\/hogar-trivelli-carolina-vargas\/\" rel=\"attachment wp-att-76106\"><img data-recalc-dims=\"1\" loading=\"lazy\" decoding=\"async\" class=\"size-full wp-image-76106\" src=\"https:\/\/i0.wp.com\/www.eltrabajo.cl\/portal\/wp-content\/uploads\/2016\/12\/hogar-trivelli-Carolina-Vargas.jpg?resize=530%2C349\" alt=\"LOCOS POR CECILIA.- La profesora Carolina Vargas interpret\u00f3 a la cantante nacional Cecilia, rockera de La Nueva Ola.\" width=\"530\" height=\"349\" srcset=\"https:\/\/i0.wp.com\/eltrabajo.cl\/portal\/wp-content\/uploads\/2016\/12\/hogar-trivelli-Carolina-Vargas.jpg?w=530&amp;ssl=1 530w, https:\/\/i0.wp.com\/eltrabajo.cl\/portal\/wp-content\/uploads\/2016\/12\/hogar-trivelli-Carolina-Vargas.jpg?resize=200%2C132&amp;ssl=1 200w, https:\/\/i0.wp.com\/eltrabajo.cl\/portal\/wp-content\/uploads\/2016\/12\/hogar-trivelli-Carolina-Vargas.jpg?resize=300%2C198&amp;ssl=1 300w, https:\/\/i0.wp.com\/eltrabajo.cl\/portal\/wp-content\/uploads\/2016\/12\/hogar-trivelli-Carolina-Vargas.jpg?resize=228%2C150&amp;ssl=1 228w, https:\/\/i0.wp.com\/eltrabajo.cl\/portal\/wp-content\/uploads\/2016\/12\/hogar-trivelli-Carolina-Vargas.jpg?resize=400%2C263&amp;ssl=1 400w\" sizes=\"auto, (max-width: 530px) 100vw, 530px\" \/><\/a><figcaption id=\"caption-attachment-76106\" class=\"wp-caption-text\">LOCOS POR CECILIA.- La profesora Carolina Vargas interpret\u00f3 a la cantante nacional Cecilia, rockera de La Nueva Ola.<\/figcaption><\/figure>\n<figure id=\"attachment_76107\" aria-describedby=\"caption-attachment-76107\" style=\"width: 530px\" class=\"wp-caption alignleft\"><a href=\"http:\/\/www.eltrabajo.cl\/portal\/cecilia-y-celia-cruz-cantaron-a-los-abuelitos-de-hogar-trivelli\/hogar-trivelli-celia-cruz\/\" rel=\"attachment wp-att-76107\"><img data-recalc-dims=\"1\" loading=\"lazy\" decoding=\"async\" class=\"size-full wp-image-76107\" src=\"https:\/\/i0.wp.com\/www.eltrabajo.cl\/portal\/wp-content\/uploads\/2016\/12\/hogar-trivelli-Celia-Cruz.jpg?resize=530%2C349\" alt=\"AZUUUUCAR.- La inmortal artista cubana, Celia Cruz, fue interpretada por la profesora Loreto Asp\u00e9 (a la derecha).\" width=\"530\" height=\"349\" srcset=\"https:\/\/i0.wp.com\/eltrabajo.cl\/portal\/wp-content\/uploads\/2016\/12\/hogar-trivelli-Celia-Cruz.jpg?w=530&amp;ssl=1 530w, https:\/\/i0.wp.com\/eltrabajo.cl\/portal\/wp-content\/uploads\/2016\/12\/hogar-trivelli-Celia-Cruz.jpg?resize=200%2C132&amp;ssl=1 200w, https:\/\/i0.wp.com\/eltrabajo.cl\/portal\/wp-content\/uploads\/2016\/12\/hogar-trivelli-Celia-Cruz.jpg?resize=300%2C198&amp;ssl=1 300w, https:\/\/i0.wp.com\/eltrabajo.cl\/portal\/wp-content\/uploads\/2016\/12\/hogar-trivelli-Celia-Cruz.jpg?resize=228%2C150&amp;ssl=1 228w, https:\/\/i0.wp.com\/eltrabajo.cl\/portal\/wp-content\/uploads\/2016\/12\/hogar-trivelli-Celia-Cruz.jpg?resize=400%2C263&amp;ssl=1 400w\" sizes=\"auto, (max-width: 530px) 100vw, 530px\" \/><\/a><figcaption id=\"caption-attachment-76107\" class=\"wp-caption-text\">AZUUUUCAR.- La inmortal artista cubana, Celia Cruz, fue interpretada por la profesora Loreto Asp\u00e9 (a la derecha).<\/figcaption><\/figure>\n<figure id=\"attachment_76108\" aria-describedby=\"caption-attachment-76108\" style=\"width: 530px\" class=\"wp-caption alignleft\"><a href=\"http:\/\/www.eltrabajo.cl\/portal\/cecilia-y-celia-cruz-cantaron-a-los-abuelitos-de-hogar-trivelli\/hogar-trivelli-elba-castro\/\" rel=\"attachment wp-att-76108\"><img data-recalc-dims=\"1\" loading=\"lazy\" decoding=\"async\" class=\"size-full wp-image-76108\" src=\"https:\/\/i0.wp.com\/www.eltrabajo.cl\/portal\/wp-content\/uploads\/2016\/12\/hogar-trivelli-Elba-Castro.jpg?resize=530%2C349\" alt=\"IMPONENTE POETISA.- Dola Elba Castro, de 90 a\u00f1os y usuaria de Hogar Trivelli, sac\u00f3 sus talentos a relucir, declamando sus mejores poemas a viva voz.\" width=\"530\" height=\"349\" srcset=\"https:\/\/i0.wp.com\/eltrabajo.cl\/portal\/wp-content\/uploads\/2016\/12\/hogar-trivelli-Elba-Castro.jpg?w=530&amp;ssl=1 530w, https:\/\/i0.wp.com\/eltrabajo.cl\/portal\/wp-content\/uploads\/2016\/12\/hogar-trivelli-Elba-Castro.jpg?resize=200%2C132&amp;ssl=1 200w, https:\/\/i0.wp.com\/eltrabajo.cl\/portal\/wp-content\/uploads\/2016\/12\/hogar-trivelli-Elba-Castro.jpg?resize=300%2C198&amp;ssl=1 300w, https:\/\/i0.wp.com\/eltrabajo.cl\/portal\/wp-content\/uploads\/2016\/12\/hogar-trivelli-Elba-Castro.jpg?resize=228%2C150&amp;ssl=1 228w, https:\/\/i0.wp.com\/eltrabajo.cl\/portal\/wp-content\/uploads\/2016\/12\/hogar-trivelli-Elba-Castro.jpg?resize=400%2C263&amp;ssl=1 400w\" sizes=\"auto, (max-width: 530px) 100vw, 530px\" \/><\/a><figcaption id=\"caption-attachment-76108\" class=\"wp-caption-text\">IMPONENTE POETISA.- Dola Elba Castro, de 90 a\u00f1os y usuaria de Hogar Trivelli, sac\u00f3 sus talentos a relucir, declamando sus mejores poemas a viva voz.<\/figcaption><\/figure>\n","protected":false},"excerpt":{"rendered":"<p>Profesores de la JFK cierran su a\u00f1o con trabajo social: Un electrizante carnaval navide\u00f1o, es del que pudieron disfrutar los 49 adultos mayores de Hogar Trivelli, luego que todo el personal docente&#8230;<\/p>\n","protected":false},"author":1,"featured_media":76105,"comment_status":"open","ping_status":"open","sticky":false,"template":"","format":"standard","meta":{"advanced_seo_description":"","jetpack_seo_html_title":"","jetpack_seo_noindex":false,"_jetpack_memberships_contains_paid_content":false,"footnotes":""},"categories":[15],"tags":[],"class_list":["post-76104","post","type-post","status-publish","format-standard","has-post-thumbnail","hentry","category-comunidad"],"jetpack_featured_media_url":"https:\/\/i0.wp.com\/eltrabajo.cl\/portal\/wp-content\/uploads\/2016\/12\/Abuelitos-hogar-trivelli.jpg?fit=530%2C348&ssl=1","jetpack_sharing_enabled":true,"jetpack_likes_enabled":true,"jetpack-related-posts":[],"_links":{"self":[{"href":"https:\/\/eltrabajo.cl\/portal\/wp-json\/wp\/v2\/posts\/76104","targetHints":{"allow":["GET"]}}],"collection":[{"href":"https:\/\/eltrabajo.cl\/portal\/wp-json\/wp\/v2\/posts"}],"about":[{"href":"https:\/\/eltrabajo.cl\/portal\/wp-json\/wp\/v2\/types\/post"}],"author":[{"embeddable":true,"href":"https:\/\/eltrabajo.cl\/portal\/wp-json\/wp\/v2\/users\/1"}],"replies":[{"embeddable":true,"href":"https:\/\/eltrabajo.cl\/portal\/wp-json\/wp\/v2\/comments?post=76104"}],"version-history":[{"count":0,"href":"https:\/\/eltrabajo.cl\/portal\/wp-json\/wp\/v2\/posts\/76104\/revisions"}],"wp:featuredmedia":[{"embeddable":true,"href":"https:\/\/eltrabajo.cl\/portal\/wp-json\/wp\/v2\/media\/76105"}],"wp:attachment":[{"href":"https:\/\/eltrabajo.cl\/portal\/wp-json\/wp\/v2\/media?parent=76104"}],"wp:term":[{"taxonomy":"category","embeddable":true,"href":"https:\/\/eltrabajo.cl\/portal\/wp-json\/wp\/v2\/categories?post=76104"},{"taxonomy":"post_tag","embeddable":true,"href":"https:\/\/eltrabajo.cl\/portal\/wp-json\/wp\/v2\/tags?post=76104"}],"curies":[{"name":"wp","href":"https:\/\/api.w.org\/{rel}","templated":true}]}}