{"id":76111,"date":"2016-12-26T09:02:17","date_gmt":"2016-12-26T12:02:17","guid":{"rendered":"http:\/\/www.eltrabajo.cl\/portal\/?p=76111"},"modified":"2016-12-26T09:02:17","modified_gmt":"2016-12-26T12:02:17","slug":"vecino-ofrece-doce-cachorritos-caninos-para-ser-adoptados","status":"publish","type":"post","link":"https:\/\/eltrabajo.cl\/portal\/vecino-ofrece-doce-cachorritos-caninos-para-ser-adoptados\/","title":{"rendered":"Vecino ofrece doce cachorritos caninos para ser adoptados"},"content":{"rendered":"<p>Un llamado para pedir ayuda en el problema de salud p\u00fablica que le afecta a \u00e9l, y a sus vecinos, es el que est\u00e1 haciendo don Jorge San Mart\u00edn, vecino de Poblaci\u00f3n Bernardo Cruz. Seg\u00fan lo explic\u00f3 don Jorge, y seg\u00fan lo verificamos tras una visita en terreno, son doce los perros que \u00e9l tiene en su casa, los que est\u00e1n generando desde hace un a\u00f1o el malestar del vecindario.<\/p>\n<p><strong>PARA ADOPTAR<\/strong><\/p>\n<figure id=\"attachment_76113\" aria-describedby=\"caption-attachment-76113\" style=\"width: 300px\" class=\"wp-caption alignleft\"><a href=\"http:\/\/www.eltrabajo.cl\/portal\/vecino-ofrece-doce-cachorritos-caninos-para-ser-adoptados\/jorge-san-martin-silva\/\" rel=\"attachment wp-att-76113\"><img data-recalc-dims=\"1\" loading=\"lazy\" decoding=\"async\" class=\"size-medium wp-image-76113\" src=\"https:\/\/i0.wp.com\/www.eltrabajo.cl\/portal\/wp-content\/uploads\/2016\/12\/Jorge-San-Martin-Silva-300x198.jpg?resize=300%2C198\" alt=\"Jorge San Mart\u00edn Silva, vecino Poblaci\u00f3n Bernardo Cruz.\" width=\"300\" height=\"198\" srcset=\"https:\/\/i0.wp.com\/eltrabajo.cl\/portal\/wp-content\/uploads\/2016\/12\/Jorge-San-Martin-Silva.jpg?resize=300%2C198&amp;ssl=1 300w, https:\/\/i0.wp.com\/eltrabajo.cl\/portal\/wp-content\/uploads\/2016\/12\/Jorge-San-Martin-Silva.jpg?resize=200%2C132&amp;ssl=1 200w, https:\/\/i0.wp.com\/eltrabajo.cl\/portal\/wp-content\/uploads\/2016\/12\/Jorge-San-Martin-Silva.jpg?resize=228%2C150&amp;ssl=1 228w, https:\/\/i0.wp.com\/eltrabajo.cl\/portal\/wp-content\/uploads\/2016\/12\/Jorge-San-Martin-Silva.jpg?resize=400%2C263&amp;ssl=1 400w, https:\/\/i0.wp.com\/eltrabajo.cl\/portal\/wp-content\/uploads\/2016\/12\/Jorge-San-Martin-Silva.jpg?w=530&amp;ssl=1 530w\" sizes=\"auto, (max-width: 300px) 100vw, 300px\" \/><\/a><figcaption id=\"caption-attachment-76113\" class=\"wp-caption-text\">Jorge San Mart\u00edn Silva, vecino Poblaci\u00f3n Bernardo Cruz.<\/figcaption><\/figure>\n<p>\u00abYo ten\u00eda dos perritas, las adopt\u00e9 porque me dio pena verlas sin due\u00f1o en la calle. Primero una de ellas tuvo perritos, logr\u00e9 colocarlos en la Plaza de Armas con esas agrupaciones de animalistas. El problema se complic\u00f3, cuando la segunda perrita se me escap\u00f3 y qued\u00f3 embarazada, as\u00ed, llegaron doce cachorritos y es ah\u00ed donde se me complica todo, aunque el municipio ya me las esteriliz\u00f3, no logro que alguien adopte a estos lindos cachorros, ya tienen un a\u00f1o y ya me est\u00e1n tambi\u00e9n generando problemas en el barrio con mis vecinos\u00bb, coment\u00f3 don Jorge tras una visita que realiz\u00f3 a nuestra Sala de Redacci\u00f3n.<br \/>\nSeg\u00fan este vecino, lo que \u00e9l necesita es poner en adopci\u00f3n a sus perros, actualmente los animalitos est\u00e1n en su casa, pero est\u00e1n muy estresados por el encierro, lo que genera mucho ruido y malos olores a los vecinos.<br \/>\n\u00abLo que puedo decir, es que me pueden llamar al fono 992636362, para que podamos coordinar entregarle uno, o los cachorros que quieran adoptar\u00bb, agreg\u00f3 don Jorge San Mart\u00edn.<br \/>\n<strong>Roberto Gonz\u00e1lez Short<\/strong><\/p>\n<figure id=\"attachment_76112\" aria-describedby=\"caption-attachment-76112\" style=\"width: 530px\" class=\"wp-caption alignleft\"><a href=\"http:\/\/www.eltrabajo.cl\/portal\/vecino-ofrece-doce-cachorritos-caninos-para-ser-adoptados\/perros-para-regalar\/\" rel=\"attachment wp-att-76112\"><img data-recalc-dims=\"1\" loading=\"lazy\" decoding=\"async\" class=\"size-full wp-image-76112\" src=\"https:\/\/i0.wp.com\/www.eltrabajo.cl\/portal\/wp-content\/uploads\/2016\/12\/Perros-para-regalar.jpg?resize=530%2C350\" alt=\"PARA ADOPTAR.- Estos son algunos de los perritos que don Jorge necesita dar en adopci\u00f3n, apenas tienen un a\u00f1o de edad.\" width=\"530\" height=\"350\" srcset=\"https:\/\/i0.wp.com\/eltrabajo.cl\/portal\/wp-content\/uploads\/2016\/12\/Perros-para-regalar.jpg?w=530&amp;ssl=1 530w, https:\/\/i0.wp.com\/eltrabajo.cl\/portal\/wp-content\/uploads\/2016\/12\/Perros-para-regalar.jpg?resize=200%2C132&amp;ssl=1 200w, https:\/\/i0.wp.com\/eltrabajo.cl\/portal\/wp-content\/uploads\/2016\/12\/Perros-para-regalar.jpg?resize=300%2C198&amp;ssl=1 300w, https:\/\/i0.wp.com\/eltrabajo.cl\/portal\/wp-content\/uploads\/2016\/12\/Perros-para-regalar.jpg?resize=227%2C150&amp;ssl=1 227w, https:\/\/i0.wp.com\/eltrabajo.cl\/portal\/wp-content\/uploads\/2016\/12\/Perros-para-regalar.jpg?resize=400%2C264&amp;ssl=1 400w\" sizes=\"auto, (max-width: 530px) 100vw, 530px\" \/><\/a><figcaption id=\"caption-attachment-76112\" class=\"wp-caption-text\">PARA ADOPTAR.- Estos son algunos de los perritos que don Jorge necesita dar en adopci\u00f3n, apenas tienen un a\u00f1o de edad.<\/figcaption><\/figure>\n","protected":false},"excerpt":{"rendered":"<p>Un llamado para pedir ayuda en el problema de salud p\u00fablica que le afecta a \u00e9l, y a sus vecinos, es el que est\u00e1 haciendo don Jorge San Mart\u00edn, vecino de Poblaci\u00f3n&#8230;<\/p>\n","protected":false},"author":1,"featured_media":76112,"comment_status":"open","ping_status":"open","sticky":false,"template":"","format":"standard","meta":{"advanced_seo_description":"","jetpack_seo_html_title":"","jetpack_seo_noindex":false,"_jetpack_memberships_contains_paid_content":false,"footnotes":""},"categories":[15],"tags":[],"class_list":["post-76111","post","type-post","status-publish","format-standard","has-post-thumbnail","hentry","category-comunidad"],"jetpack_featured_media_url":"https:\/\/i0.wp.com\/eltrabajo.cl\/portal\/wp-content\/uploads\/2016\/12\/Perros-para-regalar.jpg?fit=530%2C350&ssl=1","jetpack_sharing_enabled":true,"jetpack_likes_enabled":true,"jetpack-related-posts":[],"_links":{"self":[{"href":"https:\/\/eltrabajo.cl\/portal\/wp-json\/wp\/v2\/posts\/76111","targetHints":{"allow":["GET"]}}],"collection":[{"href":"https:\/\/eltrabajo.cl\/portal\/wp-json\/wp\/v2\/posts"}],"about":[{"href":"https:\/\/eltrabajo.cl\/portal\/wp-json\/wp\/v2\/types\/post"}],"author":[{"embeddable":true,"href":"https:\/\/eltrabajo.cl\/portal\/wp-json\/wp\/v2\/users\/1"}],"replies":[{"embeddable":true,"href":"https:\/\/eltrabajo.cl\/portal\/wp-json\/wp\/v2\/comments?post=76111"}],"version-history":[{"count":0,"href":"https:\/\/eltrabajo.cl\/portal\/wp-json\/wp\/v2\/posts\/76111\/revisions"}],"wp:featuredmedia":[{"embeddable":true,"href":"https:\/\/eltrabajo.cl\/portal\/wp-json\/wp\/v2\/media\/76112"}],"wp:attachment":[{"href":"https:\/\/eltrabajo.cl\/portal\/wp-json\/wp\/v2\/media?parent=76111"}],"wp:term":[{"taxonomy":"category","embeddable":true,"href":"https:\/\/eltrabajo.cl\/portal\/wp-json\/wp\/v2\/categories?post=76111"},{"taxonomy":"post_tag","embeddable":true,"href":"https:\/\/eltrabajo.cl\/portal\/wp-json\/wp\/v2\/tags?post=76111"}],"curies":[{"name":"wp","href":"https:\/\/api.w.org\/{rel}","templated":true}]}}