{"id":76125,"date":"2016-12-26T09:13:27","date_gmt":"2016-12-26T12:13:27","guid":{"rendered":"http:\/\/www.eltrabajo.cl\/portal\/?p=76125"},"modified":"2016-12-26T09:13:27","modified_gmt":"2016-12-26T12:13:27","slug":"bastian-soto-destacado-basquetbolista-unico-puntaje-nacional-en-ciencias","status":"publish","type":"post","link":"https:\/\/eltrabajo.cl\/portal\/bastian-soto-destacado-basquetbolista-unico-puntaje-nacional-en-ciencias\/","title":{"rendered":"Basti\u00e1n Soto, destacado basquetbolista, \u00fanico puntaje nacional en Ciencias"},"content":{"rendered":"<ul>\n<li><strong>Prueba de Selecci\u00f3n Universitaria 2017:<\/strong><\/li>\n<\/ul>\n<p>La fecha y llamada telef\u00f3nica que no pod\u00eda creer, de la Universidad Cat\u00f3lica, quedar\u00e1n por siempre marcadas en la vida de Basti\u00e1n Alejandro Soto Contreras, estudiante y basquetbolista del Colegio Jos\u00e9 Agust\u00edn G\u00f3mez de San Felipe, convirti\u00e9ndolo en uno de los 163 puntajes nacionales de la \u00faltima PSU con 850 puntos.<br \/>\nHijo de Alejandra Contreras Cabrera y Gabriel Soto, administrador en la Exportadora Baika, ubicada a la entrada de San Felipe, tiene dos hermanos; Alonso cuatros a\u00f1os menor y una hermanita de un a\u00f1o y medio.<br \/>\nEn su familia siempre creyeron en \u00e9l, coment\u00e1ndoles que ojal\u00e1 resulte todo bien.<br \/>\nReconoce que el miedo lo invadi\u00f3 en su momento porque los amigos en el colegio, al saber que le iba bien, que estudiaba, le dejaban la vara bien alta, incluso desde antes de la PSU lo calificaban como puntaje nacional, hecho que se lo dec\u00edan cuando lo ve\u00edan: \u201cah\u00ed va el puntaje nacional, entonces despu\u00e9s a uno igual le entra el miedo al no querer decepcionar a los que te rodean (\u2026) familia y todo eso\u201d.<br \/>\n<strong>&#8211; \u00bfQu\u00e9 ocurri\u00f3 el d\u00eda que rendiste la prueba de ciencias?<\/strong><br \/>\n&#8211; La verdad que cuando sal\u00ed de la prueba de Ciencias, sal\u00ed muy nervioso y emocionado a la vez, porque todo lo que me prepar\u00e9 hab\u00eda valido la pena, respond\u00ed la mayor\u00eda de la prueba seguro.<br \/>\nSe emocion\u00f3 al enterarse que adelantar\u00edan las llamadas a los puntajes nacionales, estaba con la esperanza que lo pod\u00edan llamar, m\u00e1s cuando vio que empez\u00f3 a sonar el celular y respondi\u00f3 al llamado de la Universidad Cat\u00f3lica para felicitarlo porque hab\u00eda logrado el m\u00e1ximo puntaje en la prueba, primero crey\u00f3 que era una broma, otra cosa menos eso, de hecho.<br \/>\n<strong>&#8211; \u00bfQu\u00e9 pas\u00f3 en el momento que dieron la noticia?<\/strong><br \/>\n&#8211; Qued\u00e9 congelado un rato, mis pap\u00e1s tambi\u00e9n estaban ah\u00ed expectantes, porque tambi\u00e9n les hab\u00eda comentado, ya despu\u00e9s la felicidad fue enorme (\u2026) de mis pap\u00e1s tambi\u00e9n.<br \/>\n<strong>&#8211; \u00bfDesde qu\u00e9 curso est\u00e1s en el Colegio Agust\u00edn G\u00f3mez?<\/strong><br \/>\n&#8211; En el Agust\u00edn G\u00f3mez estoy desde sexto b\u00e1sico y eso se lo tengo que agradecer al administrador y profesor Felipe Rodr\u00edguez, ya que gracias a \u00e9l y gracias al b\u00e1squetbol pude entrar a ese colegio.<br \/>\n<strong>&#8211; \u00bfCu\u00e1les fueron las impresiones de tus amigos?<\/strong><br \/>\n&#8211; Me llamaron, mi celular un poco m\u00e1s y colapsa de tantas llamadas de todos lados, del diario, mis amigos, por Facebook, whatsapp, o sea de todos lados felicit\u00e1ndome.<br \/>\n<strong>&#8211; \u00bfC\u00f3mo te sientes el d\u00eda de hoy?<\/strong><br \/>\n&#8211; Feliz, o sea ayer (s\u00e1bado) estuve todo el d\u00eda tratando de asimilar el logro, como que a\u00fan no me la creo, es decir ya lo asumir\u00e9 un poco pero feliz y agradecido (\u2026) agradecido.<br \/>\n<strong>&#8211; \u00bfA a quienes agradeces por tus logros?<\/strong><br \/>\n&#8211; A mi familia, a todos los profesores del colegio, que siempre creyeron en m\u00ed, profesor Charles, la profesora Luzmira de Matem\u00e1ticas, a los profes del preuniversitario que siempre estuvieron apoy\u00e1ndome en todo (\u2026) a todos los profesores que estuvieron conmigo.<br \/>\n<strong>&#8211; \u00bfCu\u00e1les fueron los medios para lograr ser puntaje nacional?<\/strong><br \/>\n&#8211; En tercero medio entr\u00e9 a un preuniversitario donde tom\u00e9 matem\u00e1ticas, lo hice para adelantar materia, y de esa forma compatibilizar con el deporte porque para m\u00ed estudiar y hacer deporte es algo esencial. Es algo que me gusta y no lo iba a dejar por seguir estudiando, por eso en tercero tom\u00e9 matem\u00e1ticas y ah\u00ed hac\u00eda facs\u00edmiles, en cuarto medio part\u00ed con lenguaje, matem\u00e1ticas y lenguajes un tema obligatorio, pero siempre tuve la duda que iba a estudiar (\u2026) Ingenier\u00eda, por el tema que me resultaban m\u00e1s las matem\u00e1ticas, pero en vacaciones de invierno fue cuando me di cuenta que no iba a ser tan feliz siendo Ingeniero Civil en una oficina y me di cuenta que la Medicina pod\u00eda ser una gran y bonita carrera.<br \/>\nComenz\u00f3 a investigar, enter\u00e1ndose que le ped\u00edan mucho en ciencias, pero lo necesitaba para entrar a medicina, pidi\u00e9ndole a la t\u00eda del preuniversitario que lo cambiara a ciencia porque estaba en lenguaje: \u201cme hizo la paletea (sic) y me cambi\u00f3, ah\u00ed fue cuando me prepar\u00e9 m\u00e1s en ciencia, en el segundo semestre mi rutina fue llegar del colegio entrenar y estudiar ciencia eso fue lo \u00fanico que hice todo el segundo semestre\u201d.<br \/>\n<strong>&#8211; \u00bfCu\u00e1l ser\u00eda tu mensaje para las j\u00f3venes?<\/strong><br \/>\n&#8211; Me gustar\u00eda decir o dejar en claro el tema del deporte, algunos piensan que un deportista le va bien en el deporte pero en el colegio es porro, eso no es as\u00ed, siempre se puede compatibilizar las dos cosas, ser deportista y que te vaya bien en el colegio es cosa de que uno quiera hacerlo y tambi\u00e9n no verlo como un deber, sino algo donde uno la pasa bien, conoce amigos, sale, entrena por todo el tema de la salud, te sientes mejor, entonces es toda una experiencia que es impagable, hacer deporte y compatibilizarlo con los estudios es una ayuda enorme, con un tema donde te ayudan con la responsabilidad, la perseverancia y todo eso te lo deja el deporte y yo creo que un tema para cambiar la educaci\u00f3n es que le den m\u00e1s importancia al deporte.<br \/>\n<strong>&#8211; \u00bfCrees que esto ha sido como un regalo de Navidad?<\/strong><br \/>\n&#8211; S\u00ed, ayer todos felices, me pas\u00e9 donde mi abuela y todos felicit\u00e1ndome, orgulloso tambi\u00e9n de mi colegio (\u2026) muy agradecido del colegio sobre todo de los profesores.<br \/>\n<strong>&#8211; \u00bfDestacar\u00edas el apoyo de algunos profesores?<\/strong><br \/>\n&#8211; Al profe Vergara, Carla Harris que estuvo en primero, segundo, tercero de Ciencias conmigo; despu\u00e9s la profesora Jenny Arroyo, que estuvo en cuarto medio conmigo en Ciencias; Ana Mar\u00eda en Qu\u00edmica; la directora del colegio muy amorosa conmigo siempre disponible; a mi profesor Felipe Rodr\u00edguez, que gracias a \u00e9l pude entrar; a todos los entrenadores que tuve, Vladimir Morales un gran entrenador, Reyes, Alexandra Puebla, Oliver Salgado, yo tambi\u00e9n admiro a los profesores, creo que para ser profesor se necesita una gran vocaci\u00f3n y eso es admirable para m\u00ed.<\/p>\n<figure id=\"attachment_76126\" aria-describedby=\"caption-attachment-76126\" style=\"width: 530px\" class=\"wp-caption alignleft\"><a href=\"http:\/\/www.eltrabajo.cl\/portal\/bastian-soto-destacado-basquetbolista-unico-puntaje-nacional-en-ciencias\/bastian-soto-puntaje-naciuonal-2016\/\" rel=\"attachment wp-att-76126\"><img data-recalc-dims=\"1\" loading=\"lazy\" decoding=\"async\" class=\"size-full wp-image-76126\" src=\"https:\/\/i0.wp.com\/www.eltrabajo.cl\/portal\/wp-content\/uploads\/2016\/12\/Bastian-soto-puntaje-naciuonal-2016.jpg?resize=530%2C349\" alt=\"Bast\u00edan Soto Contreras junto a su polola, disfrutando de su juventud.\" width=\"530\" height=\"349\" srcset=\"https:\/\/i0.wp.com\/eltrabajo.cl\/portal\/wp-content\/uploads\/2016\/12\/Bastian-soto-puntaje-naciuonal-2016.jpg?w=530&amp;ssl=1 530w, https:\/\/i0.wp.com\/eltrabajo.cl\/portal\/wp-content\/uploads\/2016\/12\/Bastian-soto-puntaje-naciuonal-2016.jpg?resize=200%2C132&amp;ssl=1 200w, https:\/\/i0.wp.com\/eltrabajo.cl\/portal\/wp-content\/uploads\/2016\/12\/Bastian-soto-puntaje-naciuonal-2016.jpg?resize=300%2C198&amp;ssl=1 300w, https:\/\/i0.wp.com\/eltrabajo.cl\/portal\/wp-content\/uploads\/2016\/12\/Bastian-soto-puntaje-naciuonal-2016.jpg?resize=228%2C150&amp;ssl=1 228w, https:\/\/i0.wp.com\/eltrabajo.cl\/portal\/wp-content\/uploads\/2016\/12\/Bastian-soto-puntaje-naciuonal-2016.jpg?resize=400%2C263&amp;ssl=1 400w\" sizes=\"auto, (max-width: 530px) 100vw, 530px\" \/><\/a><figcaption id=\"caption-attachment-76126\" class=\"wp-caption-text\">Bast\u00edan Soto Contreras junto a su polola, disfrutando de su juventud.<\/figcaption><\/figure>\n","protected":false},"excerpt":{"rendered":"<p>Prueba de Selecci\u00f3n Universitaria 2017: La fecha y llamada telef\u00f3nica que no pod\u00eda creer, de la Universidad Cat\u00f3lica, quedar\u00e1n por siempre marcadas en la vida de Basti\u00e1n Alejandro Soto Contreras, estudiante y&#8230;<\/p>\n","protected":false},"author":1,"featured_media":76126,"comment_status":"open","ping_status":"open","sticky":false,"template":"","format":"standard","meta":{"advanced_seo_description":"","jetpack_seo_html_title":"","jetpack_seo_noindex":false,"_jetpack_memberships_contains_paid_content":false,"footnotes":""},"categories":[15],"tags":[],"class_list":["post-76125","post","type-post","status-publish","format-standard","has-post-thumbnail","hentry","category-comunidad"],"jetpack_featured_media_url":"https:\/\/i0.wp.com\/eltrabajo.cl\/portal\/wp-content\/uploads\/2016\/12\/Bastian-soto-puntaje-naciuonal-2016.jpg?fit=530%2C349&ssl=1","jetpack_sharing_enabled":true,"jetpack_likes_enabled":true,"jetpack-related-posts":[],"_links":{"self":[{"href":"https:\/\/eltrabajo.cl\/portal\/wp-json\/wp\/v2\/posts\/76125","targetHints":{"allow":["GET"]}}],"collection":[{"href":"https:\/\/eltrabajo.cl\/portal\/wp-json\/wp\/v2\/posts"}],"about":[{"href":"https:\/\/eltrabajo.cl\/portal\/wp-json\/wp\/v2\/types\/post"}],"author":[{"embeddable":true,"href":"https:\/\/eltrabajo.cl\/portal\/wp-json\/wp\/v2\/users\/1"}],"replies":[{"embeddable":true,"href":"https:\/\/eltrabajo.cl\/portal\/wp-json\/wp\/v2\/comments?post=76125"}],"version-history":[{"count":0,"href":"https:\/\/eltrabajo.cl\/portal\/wp-json\/wp\/v2\/posts\/76125\/revisions"}],"wp:featuredmedia":[{"embeddable":true,"href":"https:\/\/eltrabajo.cl\/portal\/wp-json\/wp\/v2\/media\/76126"}],"wp:attachment":[{"href":"https:\/\/eltrabajo.cl\/portal\/wp-json\/wp\/v2\/media?parent=76125"}],"wp:term":[{"taxonomy":"category","embeddable":true,"href":"https:\/\/eltrabajo.cl\/portal\/wp-json\/wp\/v2\/categories?post=76125"},{"taxonomy":"post_tag","embeddable":true,"href":"https:\/\/eltrabajo.cl\/portal\/wp-json\/wp\/v2\/tags?post=76125"}],"curies":[{"name":"wp","href":"https:\/\/api.w.org\/{rel}","templated":true}]}}