{"id":76136,"date":"2016-12-27T08:31:53","date_gmt":"2016-12-27T11:31:53","guid":{"rendered":"http:\/\/www.eltrabajo.cl\/portal\/?p=76136"},"modified":"2016-12-27T08:31:53","modified_gmt":"2016-12-27T11:31:53","slug":"inauguran-obras-de-reposicion-de-multicancha-de-los-departamentos-encon","status":"publish","type":"post","link":"https:\/\/eltrabajo.cl\/portal\/inauguran-obras-de-reposicion-de-multicancha-de-los-departamentos-encon\/","title":{"rendered":"Inauguran obras de reposici\u00f3n de multicancha de los Departamentos Enc\u00f3n"},"content":{"rendered":"<p>En una ceremonia muy emotiva, donde qued\u00f3 de manifiesto el agradecimiento de los vecinos por el apoyo que han recibido de parte de la primera autoridad comunal, para avanzar en diferentes tem\u00e1ticas del sector, se realiz\u00f3 la inauguraci\u00f3n del mejoramiento de la multicancha, que seg\u00fan explic\u00f3 el presidente de la Junta de Vecinos, Marcos Brito era urgente, pues se trata del \u00fanico espacio de su sector poblacional donde los ni\u00f1os, ni\u00f1as, adolescentes y j\u00f3venes pueden practicar deporte.<br \/>\n\u201cYo le quiero dar las gracias al alcalde, porque siempre nos ha apoyado, siempre nos ha ayudado. Es un logro grande que conseguimos, porque es la \u00fanica parte para que los ni\u00f1os se entretengan y ac\u00e1 cambi\u00f3 totalmente la cancha y por eso le doy gracias a la municipalidad. Ahora vamos a luchar por la sede y estamos trabajando juntos para conseguirlo\u201d, se\u00f1al\u00f3.<br \/>\nEn tal sentido, el alcalde Freire manifest\u00f3 que desde el inicio de su primer per\u00edodo municipal, ha trabajado mancomunadamente con los vecinos de Enc\u00f3n, resaltando el hecho que han impulsado diversas iniciativas orientadas a mejorar la calidad de vida de los habitantes de este sector.<br \/>\n\u201cHace cuatro a\u00f1os que estamos trabajando con los dirigentes de Enc\u00f3n. Esta es una villa muy importante y estamos haciendo esfuerzos para mejorar los departamentos, para mejorar el equipamiento comunitario, como ocurre con la multicancha, para que los ni\u00f1os tengan un lugar como corresponde para practicar deporte y divertirse\u201d, se\u00f1al\u00f3 el alcalde.<br \/>\nAcerca de los compromisos suscritos con los vecinos, manifest\u00f3 que \u201ctenemos dos desaf\u00edos que queremos sortear con \u00e9xito en lo sucesivo, como son la pavimentaci\u00f3n de los pasajes y la sede comunitaria, que son necesidades muy sentidas de la comunidad, por lo que estamos trabajando arduamente para materializar estos proyectos\u201d.<br \/>\nCabe consignar, que el proyecto de reposici\u00f3n de la multicancha del Condominio Social Enc\u00f3n, fue financiado con recursos municipales y represent\u00f3 una inversi\u00f3n superior a los cuatro millones de pesos.<\/p>\n<figure id=\"attachment_76137\" aria-describedby=\"caption-attachment-76137\" style=\"width: 530px\" class=\"wp-caption alignleft\"><a href=\"http:\/\/www.eltrabajo.cl\/portal\/inauguran-obras-de-reposicion-de-multicancha-de-los-departamentos-encon\/inauguracion-multicancha-2\/\" rel=\"attachment wp-att-76137\"><img data-recalc-dims=\"1\" loading=\"lazy\" decoding=\"async\" class=\"size-full wp-image-76137\" src=\"https:\/\/i0.wp.com\/www.eltrabajo.cl\/portal\/wp-content\/uploads\/2016\/12\/INAUGURACION-MULTICANCHA.jpg?resize=530%2C349\" alt=\"CORTE DE CINTA.- El Alcalde Patricio Freire, en compa\u00f1\u00eda de parte del Concejo Municipal, junto a autoridades y vecinos del denominado Condominio Social Enc\u00f3n.\" width=\"530\" height=\"349\" srcset=\"https:\/\/i0.wp.com\/eltrabajo.cl\/portal\/wp-content\/uploads\/2016\/12\/INAUGURACION-MULTICANCHA.jpg?w=530&amp;ssl=1 530w, https:\/\/i0.wp.com\/eltrabajo.cl\/portal\/wp-content\/uploads\/2016\/12\/INAUGURACION-MULTICANCHA.jpg?resize=200%2C132&amp;ssl=1 200w, https:\/\/i0.wp.com\/eltrabajo.cl\/portal\/wp-content\/uploads\/2016\/12\/INAUGURACION-MULTICANCHA.jpg?resize=300%2C198&amp;ssl=1 300w, https:\/\/i0.wp.com\/eltrabajo.cl\/portal\/wp-content\/uploads\/2016\/12\/INAUGURACION-MULTICANCHA.jpg?resize=228%2C150&amp;ssl=1 228w, https:\/\/i0.wp.com\/eltrabajo.cl\/portal\/wp-content\/uploads\/2016\/12\/INAUGURACION-MULTICANCHA.jpg?resize=400%2C263&amp;ssl=1 400w\" sizes=\"auto, (max-width: 530px) 100vw, 530px\" \/><\/a><figcaption id=\"caption-attachment-76137\" class=\"wp-caption-text\">CORTE DE CINTA.- El Alcalde Patricio Freire, en compa\u00f1\u00eda de parte del Concejo Municipal, junto a autoridades y vecinos del denominado Condominio Social Enc\u00f3n.<\/figcaption><\/figure>\n","protected":false},"excerpt":{"rendered":"<p>En una ceremonia muy emotiva, donde qued\u00f3 de manifiesto el agradecimiento de los vecinos por el apoyo que han recibido de parte de la primera autoridad comunal, para avanzar en diferentes tem\u00e1ticas&#8230;<\/p>\n","protected":false},"author":1,"featured_media":76137,"comment_status":"open","ping_status":"open","sticky":false,"template":"","format":"standard","meta":{"advanced_seo_description":"","jetpack_seo_html_title":"","jetpack_seo_noindex":false,"_jetpack_memberships_contains_paid_content":false,"footnotes":""},"categories":[1],"tags":[],"class_list":["post-76136","post","type-post","status-publish","format-standard","has-post-thumbnail","hentry","category-cronica"],"jetpack_featured_media_url":"https:\/\/i0.wp.com\/eltrabajo.cl\/portal\/wp-content\/uploads\/2016\/12\/INAUGURACION-MULTICANCHA.jpg?fit=530%2C349&ssl=1","jetpack_sharing_enabled":true,"jetpack_likes_enabled":true,"jetpack-related-posts":[],"_links":{"self":[{"href":"https:\/\/eltrabajo.cl\/portal\/wp-json\/wp\/v2\/posts\/76136","targetHints":{"allow":["GET"]}}],"collection":[{"href":"https:\/\/eltrabajo.cl\/portal\/wp-json\/wp\/v2\/posts"}],"about":[{"href":"https:\/\/eltrabajo.cl\/portal\/wp-json\/wp\/v2\/types\/post"}],"author":[{"embeddable":true,"href":"https:\/\/eltrabajo.cl\/portal\/wp-json\/wp\/v2\/users\/1"}],"replies":[{"embeddable":true,"href":"https:\/\/eltrabajo.cl\/portal\/wp-json\/wp\/v2\/comments?post=76136"}],"version-history":[{"count":0,"href":"https:\/\/eltrabajo.cl\/portal\/wp-json\/wp\/v2\/posts\/76136\/revisions"}],"wp:featuredmedia":[{"embeddable":true,"href":"https:\/\/eltrabajo.cl\/portal\/wp-json\/wp\/v2\/media\/76137"}],"wp:attachment":[{"href":"https:\/\/eltrabajo.cl\/portal\/wp-json\/wp\/v2\/media?parent=76136"}],"wp:term":[{"taxonomy":"category","embeddable":true,"href":"https:\/\/eltrabajo.cl\/portal\/wp-json\/wp\/v2\/categories?post=76136"},{"taxonomy":"post_tag","embeddable":true,"href":"https:\/\/eltrabajo.cl\/portal\/wp-json\/wp\/v2\/tags?post=76136"}],"curies":[{"name":"wp","href":"https:\/\/api.w.org\/{rel}","templated":true}]}}