{"id":76144,"date":"2016-12-27T08:40:21","date_gmt":"2016-12-27T11:40:21","guid":{"rendered":"http:\/\/www.eltrabajo.cl\/portal\/?p=76144"},"modified":"2016-12-27T08:40:22","modified_gmt":"2016-12-27T11:40:22","slug":"con-show-pirotecnico-recibiran-el-nuevo-ano-2017-en-la-comuna-de-llay-llay","status":"publish","type":"post","link":"https:\/\/eltrabajo.cl\/portal\/con-show-pirotecnico-recibiran-el-nuevo-ano-2017-en-la-comuna-de-llay-llay\/","title":{"rendered":"Con show pirot\u00e9cnico recibir\u00e1n el nuevo a\u00f1o 2017 en la comuna de Llay Llay"},"content":{"rendered":"<ul>\n<li><strong>Espect\u00e1culo debiera extenderse por 15 minutos desde las 00.05 horas del 1 de enero:<\/strong><\/li>\n<\/ul>\n<figure id=\"attachment_76146\" aria-describedby=\"caption-attachment-76146\" style=\"width: 300px\" class=\"wp-caption alignleft\"><a href=\"http:\/\/www.eltrabajo.cl\/portal\/con-show-pirotecnico-recibiran-el-nuevo-ano-2017-en-la-comuna-de-llay-llay\/mesala-gonzalez-2\/\" rel=\"attachment wp-att-76146\"><img data-recalc-dims=\"1\" loading=\"lazy\" decoding=\"async\" class=\"size-medium wp-image-76146\" src=\"https:\/\/i0.wp.com\/www.eltrabajo.cl\/portal\/wp-content\/uploads\/2016\/12\/Mesala-Gonz%C3%A1lez-300x198.jpg?resize=300%2C198\" alt=\"Mesala Gonz\u00e1lez, concejal de Llay-Llay.\" width=\"300\" height=\"198\" srcset=\"https:\/\/i0.wp.com\/eltrabajo.cl\/portal\/wp-content\/uploads\/2016\/12\/Mesala-Gonz%C3%A1lez.jpg?resize=300%2C198&amp;ssl=1 300w, https:\/\/i0.wp.com\/eltrabajo.cl\/portal\/wp-content\/uploads\/2016\/12\/Mesala-Gonz%C3%A1lez.jpg?resize=200%2C132&amp;ssl=1 200w, https:\/\/i0.wp.com\/eltrabajo.cl\/portal\/wp-content\/uploads\/2016\/12\/Mesala-Gonz%C3%A1lez.jpg?resize=228%2C150&amp;ssl=1 228w, https:\/\/i0.wp.com\/eltrabajo.cl\/portal\/wp-content\/uploads\/2016\/12\/Mesala-Gonz%C3%A1lez.jpg?resize=400%2C263&amp;ssl=1 400w, https:\/\/i0.wp.com\/eltrabajo.cl\/portal\/wp-content\/uploads\/2016\/12\/Mesala-Gonz%C3%A1lez.jpg?w=530&amp;ssl=1 530w\" sizes=\"auto, (max-width: 300px) 100vw, 300px\" \/><\/a><figcaption id=\"caption-attachment-76146\" class=\"wp-caption-text\">Mesala Gonz\u00e1lez, concejal de Llay-Llay.<\/figcaption><\/figure>\n<p>El concejal de Llay Llay, Mesala Gonz\u00e1lez, ratific\u00f3 que, luego de la aprobaci\u00f3n del alcalde Edgardo Gonz\u00e1lez, la comuna celebrar\u00e1 la llegada del a\u00f1o 2017 con un espect\u00e1culo pirot\u00e9cnico, que se extender\u00e1 por unos 15 minutos y que con el correr de los a\u00f1os, se ha transformado en toda una tradici\u00f3n para las llaylla\u00ednos.<br \/>\nEl lanzamiento, se realizar\u00e1 en el cerro Altos de Llay-Llay, sector Cuesta Santa Teresa, terrenos de propiedad de don Iv\u00e1n Walters Ibaceta, que se ha transformado en un espacio que otorga seguridad a los habitantes de la comuna, pues seg\u00fan declar\u00f3 Gonz\u00e1lez \u201cdurante los \u00faltimos 5 o 6 a\u00f1os, esto se ha transformado en una tradici\u00f3n, desde el a\u00f1o 94 que lo realizamos en distintos sectores, hasta que dimos con un lugar muy seguro y estamos muy contentos de que nos hayan autorizado el lugar para realizar estos fuegos artificiales que toda la comunidad espera, incluso hay personas de otras comunas que va a Llay-Llay a recibir el nuevo a\u00f1o\u201d, destac\u00f3 el concejal.<br \/>\nRespecto del financiamiento de este show de artificio, Gonz\u00e1lez cont\u00f3 que \u201cesto se hace con recursos municipales, siempre se ha hecho as\u00ed, en estos momentos bordea los 23 millones de pesos, entendiendo que m\u00e1s all\u00e1 de una necesidad es un acontecimiento que la gente espera\u201d, detall\u00f3.<br \/>\nDe acuerdo a lo manifestado por el edil llaylla\u00edno, los fuegos artificiales comenzar\u00e1n a iluminar el cielo de la comuna a partir de las 00.05 horas del 1 de enero del 2017, extendi\u00e9ndose por unos 15 minutos. El evento que es producido por unas de las pocas empresas autorizadas para este tipo de espect\u00e1culos en Chile y que adem\u00e1s contar\u00e1 con el resguardo del Cuerpo de Bomberos de la comuna.<\/p>\n<figure id=\"attachment_76145\" aria-describedby=\"caption-attachment-76145\" style=\"width: 530px\" class=\"wp-caption alignleft\"><a href=\"http:\/\/www.eltrabajo.cl\/portal\/con-show-pirotecnico-recibiran-el-nuevo-ano-2017-en-la-comuna-de-llay-llay\/foto-2-cantera-de-maicillo\/\" rel=\"attachment wp-att-76145\"><img data-recalc-dims=\"1\" loading=\"lazy\" decoding=\"async\" class=\"size-full wp-image-76145\" src=\"https:\/\/i0.wp.com\/www.eltrabajo.cl\/portal\/wp-content\/uploads\/2016\/12\/FOTO-2-Cantera-de-Maicillo.jpg?resize=530%2C350\" alt=\"Cantera de Maicillo en el cerro Altos de Llay Llay, ser\u00e1 el lugar desde donde se lanzar\u00e1n los Fuegos Artificiales para recibir el 2017.\" width=\"530\" height=\"350\" srcset=\"https:\/\/i0.wp.com\/eltrabajo.cl\/portal\/wp-content\/uploads\/2016\/12\/FOTO-2-Cantera-de-Maicillo.jpg?w=530&amp;ssl=1 530w, https:\/\/i0.wp.com\/eltrabajo.cl\/portal\/wp-content\/uploads\/2016\/12\/FOTO-2-Cantera-de-Maicillo.jpg?resize=200%2C132&amp;ssl=1 200w, https:\/\/i0.wp.com\/eltrabajo.cl\/portal\/wp-content\/uploads\/2016\/12\/FOTO-2-Cantera-de-Maicillo.jpg?resize=300%2C198&amp;ssl=1 300w, https:\/\/i0.wp.com\/eltrabajo.cl\/portal\/wp-content\/uploads\/2016\/12\/FOTO-2-Cantera-de-Maicillo.jpg?resize=227%2C150&amp;ssl=1 227w, https:\/\/i0.wp.com\/eltrabajo.cl\/portal\/wp-content\/uploads\/2016\/12\/FOTO-2-Cantera-de-Maicillo.jpg?resize=400%2C264&amp;ssl=1 400w\" sizes=\"auto, (max-width: 530px) 100vw, 530px\" \/><\/a><figcaption id=\"caption-attachment-76145\" class=\"wp-caption-text\">Cantera de Maicillo en el cerro Altos de Llay Llay, ser\u00e1 el lugar desde donde se lanzar\u00e1n los Fuegos Artificiales para recibir el 2017.<\/figcaption><\/figure>\n","protected":false},"excerpt":{"rendered":"<p>Espect\u00e1culo debiera extenderse por 15 minutos desde las 00.05 horas del 1 de enero: El concejal de Llay Llay, Mesala Gonz\u00e1lez, ratific\u00f3 que, luego de la aprobaci\u00f3n del alcalde Edgardo Gonz\u00e1lez, la&#8230;<\/p>\n","protected":false},"author":1,"featured_media":76145,"comment_status":"open","ping_status":"open","sticky":false,"template":"","format":"standard","meta":{"advanced_seo_description":"","jetpack_seo_html_title":"","jetpack_seo_noindex":false,"_jetpack_memberships_contains_paid_content":false,"footnotes":""},"categories":[1],"tags":[],"class_list":["post-76144","post","type-post","status-publish","format-standard","has-post-thumbnail","hentry","category-cronica"],"jetpack_featured_media_url":"https:\/\/i0.wp.com\/eltrabajo.cl\/portal\/wp-content\/uploads\/2016\/12\/FOTO-2-Cantera-de-Maicillo.jpg?fit=530%2C350&ssl=1","jetpack_sharing_enabled":true,"jetpack_likes_enabled":true,"jetpack-related-posts":[],"_links":{"self":[{"href":"https:\/\/eltrabajo.cl\/portal\/wp-json\/wp\/v2\/posts\/76144","targetHints":{"allow":["GET"]}}],"collection":[{"href":"https:\/\/eltrabajo.cl\/portal\/wp-json\/wp\/v2\/posts"}],"about":[{"href":"https:\/\/eltrabajo.cl\/portal\/wp-json\/wp\/v2\/types\/post"}],"author":[{"embeddable":true,"href":"https:\/\/eltrabajo.cl\/portal\/wp-json\/wp\/v2\/users\/1"}],"replies":[{"embeddable":true,"href":"https:\/\/eltrabajo.cl\/portal\/wp-json\/wp\/v2\/comments?post=76144"}],"version-history":[{"count":0,"href":"https:\/\/eltrabajo.cl\/portal\/wp-json\/wp\/v2\/posts\/76144\/revisions"}],"wp:featuredmedia":[{"embeddable":true,"href":"https:\/\/eltrabajo.cl\/portal\/wp-json\/wp\/v2\/media\/76145"}],"wp:attachment":[{"href":"https:\/\/eltrabajo.cl\/portal\/wp-json\/wp\/v2\/media?parent=76144"}],"wp:term":[{"taxonomy":"category","embeddable":true,"href":"https:\/\/eltrabajo.cl\/portal\/wp-json\/wp\/v2\/categories?post=76144"},{"taxonomy":"post_tag","embeddable":true,"href":"https:\/\/eltrabajo.cl\/portal\/wp-json\/wp\/v2\/tags?post=76144"}],"curies":[{"name":"wp","href":"https:\/\/api.w.org\/{rel}","templated":true}]}}