{"id":76149,"date":"2016-12-27T08:29:17","date_gmt":"2016-12-27T11:29:17","guid":{"rendered":"http:\/\/www.eltrabajo.cl\/portal\/?p=76149"},"modified":"2016-12-27T08:45:40","modified_gmt":"2016-12-27T11:45:40","slug":"grupo-musical-dixon-prepara-nuevo-disco-2017-para-lanzarlo-desde-mexico","status":"publish","type":"post","link":"https:\/\/eltrabajo.cl\/portal\/grupo-musical-dixon-prepara-nuevo-disco-2017-para-lanzarlo-desde-mexico\/","title":{"rendered":"Grupo Musical Dixon prepara nuevo disco 2017 para lanzarlo desde M\u00e9xico"},"content":{"rendered":"<p>Muy feliz con su viaje a M\u00e9xico, se declar\u00f3 Rodrigo Ahumada vocalista del grupo Dixon de San Felipe, porque aprovech\u00f3 de participar en programas y difundir su m\u00fasica.<br \/>\nCataloga como muy positiva la vuelta, aprovecharon de entregar material que viene para el 2017, el cual esperan lanzar desde ese pa\u00eds. \u201cen marzo hay que entregar el disco completo con diez temas y ah\u00ed se trabaja directamente con el sello\u201d.<br \/>\nEn M\u00e9xico visitaron las ciudades de Guadalajara y el DF aprovechando de concurrir a algunos diarios, junto con ello un programa de TV hecho por Televisa en Guadalajara.<br \/>\n\u201cAll\u00e1 el m\u00fasico chileno es muy querido, ellos lo primero que hacen es investigar sobre ti y eso nos ayud\u00f3 porque ya nos conoc\u00edan de la vez anterior que fuimos, hab\u00eda gente que nos estaba esperando porque les parece extra\u00f1o la fusi\u00f3n que tenemos como es meter el saxof\u00f3n en m\u00fasica de rock eso a la gente le encanta\u201d dice Rodrigo.<br \/>\n<strong>&#8211; \u00bfEn qu\u00e9 est\u00e1n ustedes a nivel local y nacional?<\/strong><br \/>\n&#8211; Trabajando en el nuevo material, ahora en el verano se abren brechas para tocar en los festivales, carnavales que generan un nuevo ambiente eso a nosotros nos beneficia como banda, as\u00ed es que positivo porque eso tambi\u00e9n nos ayuda a que aparezcan nuevas fechas, no perder el training de las tocatas.<br \/>\n<strong>&#8211; \u00bfEs muy dif\u00edcil hoy en d\u00eda hacer m\u00fasica?<\/strong><br \/>\n&#8211; Si a ver (\u2026) es f\u00e1cil distribuirla, f\u00e1cil ganar seguidores, pero dif\u00edcil hacerla porque ya la m\u00fasica ha perdido perspectiva en nuestro pa\u00eds, la diferencia en otros pa\u00edses es que la m\u00fasica todav\u00eda tiene un espacio muy significativo, ahora no la m\u00fasica pas\u00f3 a ser parte de la entretenci\u00f3n y cada m\u00fasico tiene que ir buscando su espacio y sus nuevos soportes para distribuir su m\u00fasica.<br \/>\nCuenta que los \u00faltimos discos de oro que se est\u00e1n entregando son por descargas digitales, las veces que te reproducen en Youtube \u201cya no tiene nada que ver con ventas ni tampoco con otros sistemas ahora es digital\u201d dice.<br \/>\nEn cuanto a conciertos dice que empiezan la segunda semana de febrero a tocar en algunos lugares del Valle de Aconcagua, especialmente en algunos carnavales de la zona y tambi\u00e9n en Santiago y Valpara\u00edso.<br \/>\nEl estilo de Dixon es una fusi\u00f3n entre el blues y el rock, algo que ya qued\u00f3 definitivamente.<\/p>\n<figure id=\"attachment_76150\" aria-describedby=\"caption-attachment-76150\" style=\"width: 530px\" class=\"wp-caption alignleft\"><a href=\"http:\/\/www.eltrabajo.cl\/portal\/grupo-musical-dixon-prepara-nuevo-disco-2017-para-lanzarlo-desde-mexico\/dixon-2\/\" rel=\"attachment wp-att-76150\"><img data-recalc-dims=\"1\" loading=\"lazy\" decoding=\"async\" class=\"size-full wp-image-76150\" src=\"https:\/\/i0.wp.com\/www.eltrabajo.cl\/portal\/wp-content\/uploads\/2016\/12\/Dixon.jpg?resize=530%2C350\" alt=\"Rodrigo Ahumada durante su visita a M\u00e9xico.\" width=\"530\" height=\"350\" srcset=\"https:\/\/i0.wp.com\/eltrabajo.cl\/portal\/wp-content\/uploads\/2016\/12\/Dixon.jpg?w=530&amp;ssl=1 530w, https:\/\/i0.wp.com\/eltrabajo.cl\/portal\/wp-content\/uploads\/2016\/12\/Dixon.jpg?resize=200%2C132&amp;ssl=1 200w, https:\/\/i0.wp.com\/eltrabajo.cl\/portal\/wp-content\/uploads\/2016\/12\/Dixon.jpg?resize=300%2C198&amp;ssl=1 300w, https:\/\/i0.wp.com\/eltrabajo.cl\/portal\/wp-content\/uploads\/2016\/12\/Dixon.jpg?resize=227%2C150&amp;ssl=1 227w, https:\/\/i0.wp.com\/eltrabajo.cl\/portal\/wp-content\/uploads\/2016\/12\/Dixon.jpg?resize=400%2C264&amp;ssl=1 400w\" sizes=\"auto, (max-width: 530px) 100vw, 530px\" \/><\/a><figcaption id=\"caption-attachment-76150\" class=\"wp-caption-text\">Rodrigo Ahumada durante su visita a M\u00e9xico.<\/figcaption><\/figure>\n","protected":false},"excerpt":{"rendered":"<p>Muy feliz con su viaje a M\u00e9xico, se declar\u00f3 Rodrigo Ahumada vocalista del grupo Dixon de San Felipe, porque aprovech\u00f3 de participar en programas y difundir su m\u00fasica. Cataloga como muy positiva&#8230;<\/p>\n","protected":false},"author":1,"featured_media":76150,"comment_status":"open","ping_status":"open","sticky":false,"template":"","format":"standard","meta":{"advanced_seo_description":"","jetpack_seo_html_title":"","jetpack_seo_noindex":false,"_jetpack_memberships_contains_paid_content":false,"footnotes":""},"categories":[15],"tags":[],"class_list":["post-76149","post","type-post","status-publish","format-standard","has-post-thumbnail","hentry","category-comunidad"],"jetpack_featured_media_url":"https:\/\/i0.wp.com\/eltrabajo.cl\/portal\/wp-content\/uploads\/2016\/12\/Dixon.jpg?fit=530%2C350&ssl=1","jetpack_sharing_enabled":true,"jetpack_likes_enabled":true,"jetpack-related-posts":[],"_links":{"self":[{"href":"https:\/\/eltrabajo.cl\/portal\/wp-json\/wp\/v2\/posts\/76149","targetHints":{"allow":["GET"]}}],"collection":[{"href":"https:\/\/eltrabajo.cl\/portal\/wp-json\/wp\/v2\/posts"}],"about":[{"href":"https:\/\/eltrabajo.cl\/portal\/wp-json\/wp\/v2\/types\/post"}],"author":[{"embeddable":true,"href":"https:\/\/eltrabajo.cl\/portal\/wp-json\/wp\/v2\/users\/1"}],"replies":[{"embeddable":true,"href":"https:\/\/eltrabajo.cl\/portal\/wp-json\/wp\/v2\/comments?post=76149"}],"version-history":[{"count":0,"href":"https:\/\/eltrabajo.cl\/portal\/wp-json\/wp\/v2\/posts\/76149\/revisions"}],"wp:featuredmedia":[{"embeddable":true,"href":"https:\/\/eltrabajo.cl\/portal\/wp-json\/wp\/v2\/media\/76150"}],"wp:attachment":[{"href":"https:\/\/eltrabajo.cl\/portal\/wp-json\/wp\/v2\/media?parent=76149"}],"wp:term":[{"taxonomy":"category","embeddable":true,"href":"https:\/\/eltrabajo.cl\/portal\/wp-json\/wp\/v2\/categories?post=76149"},{"taxonomy":"post_tag","embeddable":true,"href":"https:\/\/eltrabajo.cl\/portal\/wp-json\/wp\/v2\/tags?post=76149"}],"curies":[{"name":"wp","href":"https:\/\/api.w.org\/{rel}","templated":true}]}}