{"id":76153,"date":"2016-12-27T08:45:07","date_gmt":"2016-12-27T11:45:07","guid":{"rendered":"http:\/\/www.eltrabajo.cl\/portal\/?p=76153"},"modified":"2016-12-27T08:45:07","modified_gmt":"2016-12-27T11:45:07","slug":"asociacion-de-ferroviarios-jubilados-de-san-felipe-realizo-reconocimiento-a-familiares-de-socios-fundadores","status":"publish","type":"post","link":"https:\/\/eltrabajo.cl\/portal\/asociacion-de-ferroviarios-jubilados-de-san-felipe-realizo-reconocimiento-a-familiares-de-socios-fundadores\/","title":{"rendered":"Asociaci\u00f3n de Ferroviarios Jubilados de San Felipe realiz\u00f3 reconocimiento a familiares de socios fundadores"},"content":{"rendered":"<p>Con una cena de camarader\u00eda y donde reconocieron a sus socios fundadores, la Asociaci\u00f3n de Jubilados Ferroviarios y Montepiadas de San Felipe, dio por terminada sus actividades correspondiente al casi extinto a\u00f1o 2016.<br \/>\nLa actividad se realiz\u00f3 en el Restaurante La Ruca, hasta donde lleg\u00f3 la directiva encabezada por su presidente, H\u00e9ctor Parada Gonz\u00e1lez.<br \/>\nEn la ocasi\u00f3n, se reconoci\u00f3 la tremenda labor realizada por Don Tito y la Se\u00f1ora Sarela, en la fundaci\u00f3n de la organizaci\u00f3n.<br \/>\nUno de los integrantes de la directiva, Eduardo Llanos dijo \u201cterminamos muy bien el a\u00f1o, tuvimos la oportunidad de ir al restaurante La Ruca, donde fuimos muy bien recibidos por los dos Ricardos y es la fiesta de fin de a\u00f1o que hacemos normal, y en esta oportunidad le rendimos homenaje a los dos socios fundadores de nuestra asociaci\u00f3n la se\u00f1ora Sarela y Don Tito\u201d.<br \/>\nEn la ocasi\u00f3n, les fue entregado un galvano y los estatutos confeccionados por Don Tito que estaban guardados del a\u00f1o 1926.<br \/>\nCont\u00f3 que los Ricardos, estaban contentos con los recuerdos de su padre y abuelo.<br \/>\nLa Asociaci\u00f3n, por este a\u00f1o cierra sus labores volviendo en el verano nuevamente.<br \/>\nEllos funcionan como organizaci\u00f3n en su sede ubicada en calle Traslavi\u00f1a pasado la avenida Chacabuco.<\/p>\n<figure id=\"attachment_76154\" aria-describedby=\"caption-attachment-76154\" style=\"width: 530px\" class=\"wp-caption alignleft\"><a href=\"http:\/\/www.eltrabajo.cl\/portal\/asociacion-de-ferroviarios-jubilados-de-san-felipe-realizo-reconocimiento-a-familiares-de-socios-fundadores\/ferro-1\/\" rel=\"attachment wp-att-76154\"><img data-recalc-dims=\"1\" loading=\"lazy\" decoding=\"async\" class=\"size-full wp-image-76154\" src=\"https:\/\/i0.wp.com\/www.eltrabajo.cl\/portal\/wp-content\/uploads\/2016\/12\/Ferro-1.jpg?resize=530%2C350\" alt=\"El integrante de la directiva, Eduardo Llanos lee el galvano que le entregaron a los Ricardos de La Ruca (foto gentileza Folkloreando Aconcagua).\" width=\"530\" height=\"350\" srcset=\"https:\/\/i0.wp.com\/eltrabajo.cl\/portal\/wp-content\/uploads\/2016\/12\/Ferro-1.jpg?w=530&amp;ssl=1 530w, https:\/\/i0.wp.com\/eltrabajo.cl\/portal\/wp-content\/uploads\/2016\/12\/Ferro-1.jpg?resize=200%2C132&amp;ssl=1 200w, https:\/\/i0.wp.com\/eltrabajo.cl\/portal\/wp-content\/uploads\/2016\/12\/Ferro-1.jpg?resize=300%2C198&amp;ssl=1 300w, https:\/\/i0.wp.com\/eltrabajo.cl\/portal\/wp-content\/uploads\/2016\/12\/Ferro-1.jpg?resize=227%2C150&amp;ssl=1 227w, https:\/\/i0.wp.com\/eltrabajo.cl\/portal\/wp-content\/uploads\/2016\/12\/Ferro-1.jpg?resize=400%2C264&amp;ssl=1 400w\" sizes=\"auto, (max-width: 530px) 100vw, 530px\" \/><\/a><figcaption id=\"caption-attachment-76154\" class=\"wp-caption-text\">El integrante de la directiva, Eduardo Llanos lee el galvano que le entregaron a los Ricardos de La Ruca (foto gentileza Folkloreando Aconcagua).<\/figcaption><\/figure>\n","protected":false},"excerpt":{"rendered":"<p>Con una cena de camarader\u00eda y donde reconocieron a sus socios fundadores, la Asociaci\u00f3n de Jubilados Ferroviarios y Montepiadas de San Felipe, dio por terminada sus actividades correspondiente al casi extinto a\u00f1o&#8230;<\/p>\n","protected":false},"author":1,"featured_media":76154,"comment_status":"open","ping_status":"open","sticky":false,"template":"","format":"standard","meta":{"advanced_seo_description":"","jetpack_seo_html_title":"","jetpack_seo_noindex":false,"_jetpack_memberships_contains_paid_content":false,"footnotes":""},"categories":[15],"tags":[],"class_list":["post-76153","post","type-post","status-publish","format-standard","has-post-thumbnail","hentry","category-comunidad"],"jetpack_featured_media_url":"https:\/\/i0.wp.com\/eltrabajo.cl\/portal\/wp-content\/uploads\/2016\/12\/Ferro-1.jpg?fit=530%2C350&ssl=1","jetpack_sharing_enabled":true,"jetpack_likes_enabled":true,"jetpack-related-posts":[],"_links":{"self":[{"href":"https:\/\/eltrabajo.cl\/portal\/wp-json\/wp\/v2\/posts\/76153","targetHints":{"allow":["GET"]}}],"collection":[{"href":"https:\/\/eltrabajo.cl\/portal\/wp-json\/wp\/v2\/posts"}],"about":[{"href":"https:\/\/eltrabajo.cl\/portal\/wp-json\/wp\/v2\/types\/post"}],"author":[{"embeddable":true,"href":"https:\/\/eltrabajo.cl\/portal\/wp-json\/wp\/v2\/users\/1"}],"replies":[{"embeddable":true,"href":"https:\/\/eltrabajo.cl\/portal\/wp-json\/wp\/v2\/comments?post=76153"}],"version-history":[{"count":0,"href":"https:\/\/eltrabajo.cl\/portal\/wp-json\/wp\/v2\/posts\/76153\/revisions"}],"wp:featuredmedia":[{"embeddable":true,"href":"https:\/\/eltrabajo.cl\/portal\/wp-json\/wp\/v2\/media\/76154"}],"wp:attachment":[{"href":"https:\/\/eltrabajo.cl\/portal\/wp-json\/wp\/v2\/media?parent=76153"}],"wp:term":[{"taxonomy":"category","embeddable":true,"href":"https:\/\/eltrabajo.cl\/portal\/wp-json\/wp\/v2\/categories?post=76153"},{"taxonomy":"post_tag","embeddable":true,"href":"https:\/\/eltrabajo.cl\/portal\/wp-json\/wp\/v2\/tags?post=76153"}],"curies":[{"name":"wp","href":"https:\/\/api.w.org\/{rel}","templated":true}]}}