{"id":76158,"date":"2016-12-27T08:51:27","date_gmt":"2016-12-27T11:51:27","guid":{"rendered":"http:\/\/www.eltrabajo.cl\/portal\/?p=76158"},"modified":"2016-12-27T08:51:27","modified_gmt":"2016-12-27T11:51:27","slug":"joven-musico-sanfelipeno-jano-rojas-anuncia-su-lanzamiento-como-solista","status":"publish","type":"post","link":"https:\/\/eltrabajo.cl\/portal\/joven-musico-sanfelipeno-jano-rojas-anuncia-su-lanzamiento-como-solista\/","title":{"rendered":"Joven m\u00fasico sanfelipe\u00f1o \u2018Jano\u2019 Rojas anuncia su lanzamiento como solista"},"content":{"rendered":"<p>Alejandro &#8216;Jano&#8217; Rojas, es un cantante sanfelipe\u00f1o de 28 a\u00f1os, quien hoy martes se presenta oficialmente en Diario El Trabajo como solista. Este artista aconcag\u00fcino naci\u00f3 el jueves 1\u00ba de diciembre de 1988; es el mayor de tres hermanos; curs\u00f3 sus estudios b\u00e1sicos en la Escuela Bien Pastor y la Media en el Liceo Polit\u00e9cnico.<br \/>\n<strong>&#8211; \u00bfA qu\u00e9 edad empezaste a incursionar en la animaci\u00f3n art\u00edstica?<\/strong><br \/>\n&#8211; A mis trece a\u00f1os inici\u00e9 como animador de un grupo juvenil de amigos, yo animaba los eventos musicales de mi poblaci\u00f3n, a ellos les gustaba mi estilo y a m\u00ed tambi\u00e9n la experiencia.<br \/>\n<strong>&#8211; \u00bfC\u00f3mo fuiste evolucionando art\u00edsticamente?<\/strong><br \/>\n&#8211; Bueno, as\u00ed fui incursionando y ya de adolescente me integr\u00e9 en la animaci\u00f3n de grupos musicales m\u00e1s grandes, como Chicos de oro y Alianza Tropical, de hecho cant\u00e9 con esta banda tambi\u00e9n.<br \/>\n<strong>&#8211; \u00bfRealizaste clases y talleres para profesionalizarte?<\/strong><br \/>\n&#8211; S\u00ed. realic\u00e9 clases durante un a\u00f1o con &#8216;Lucho&#8217; Jara, mientras que cantaba en los Pub del valle, luego me integr\u00e9 de lleno en la Banda American Sound, de Santiago, ya en esa plataforma empezaron a llegar invitaciones a matinales de TV, y luego al Reality Amor a prueba, de Mega en 2015.<br \/>\n<strong>&#8211; \u00bfEn qu\u00e9 est\u00e1s ahora, qu\u00e9 planes tienes para 2017?<\/strong><br \/>\n&#8211; Actualmente estoy en Aconcagua, no segu\u00ed en Mega, pues no llegamos a los acuerdos econ\u00f3micos deseados y prefer\u00ed hacer carrera como solista, la que oficialmente inicia ahora en 2017. Estoy incursionando con un estilo propio, se llama Kumbia Yey, ya est\u00e1 sonando en emisoras como Caramelo, Candela, Az\u00facar y Carnaval, entre otras, adem\u00e1s ya he producido dos promocionales (Kumbia Yey y Mi canci\u00f3n), me ha ido bien con ellos.<br \/>\nNace entonces el ritmo Kumbia Yey; lo impone un sanfelipe\u00f1o y de seguro que esta cumbia urbana a ritmo de reggaeton har\u00e1 de las suyas en las radios y escenarios nacionales.<br \/>\n<strong>Roberto Gonz\u00e1lez Short<\/strong><\/p>\n<figure id=\"attachment_76159\" aria-describedby=\"caption-attachment-76159\" style=\"width: 530px\" class=\"wp-caption alignleft\"><a href=\"http:\/\/www.eltrabajo.cl\/portal\/joven-musico-sanfelipeno-jano-rojas-anuncia-su-lanzamiento-como-solista\/reality33\/\" rel=\"attachment wp-att-76159\"><img data-recalc-dims=\"1\" loading=\"lazy\" decoding=\"async\" class=\"size-full wp-image-76159\" src=\"https:\/\/i0.wp.com\/www.eltrabajo.cl\/portal\/wp-content\/uploads\/2016\/12\/Reality33.jpg?resize=530%2C349\" alt=\"EN MEGA.- \u2018Jano\u2019 Rojas junto al personaje 'J Lo' y algunos participantes de su banda musical durante una presentaci\u00f3n en el reality Amor a Prueba de Mega.\" width=\"530\" height=\"349\" srcset=\"https:\/\/i0.wp.com\/eltrabajo.cl\/portal\/wp-content\/uploads\/2016\/12\/Reality33.jpg?w=530&amp;ssl=1 530w, https:\/\/i0.wp.com\/eltrabajo.cl\/portal\/wp-content\/uploads\/2016\/12\/Reality33.jpg?resize=200%2C132&amp;ssl=1 200w, https:\/\/i0.wp.com\/eltrabajo.cl\/portal\/wp-content\/uploads\/2016\/12\/Reality33.jpg?resize=300%2C198&amp;ssl=1 300w, https:\/\/i0.wp.com\/eltrabajo.cl\/portal\/wp-content\/uploads\/2016\/12\/Reality33.jpg?resize=228%2C150&amp;ssl=1 228w, https:\/\/i0.wp.com\/eltrabajo.cl\/portal\/wp-content\/uploads\/2016\/12\/Reality33.jpg?resize=400%2C263&amp;ssl=1 400w\" sizes=\"auto, (max-width: 530px) 100vw, 530px\" \/><\/a><figcaption id=\"caption-attachment-76159\" class=\"wp-caption-text\">EN MEGA.- \u2018Jano\u2019 Rojas junto al personaje &#8216;J Lo&#8217; y algunos participantes de su banda musical durante una presentaci\u00f3n en el reality Amor a Prueba de Mega.<\/figcaption><\/figure>\n<figure id=\"attachment_76160\" aria-describedby=\"caption-attachment-76160\" style=\"width: 530px\" class=\"wp-caption alignleft\"><a href=\"http:\/\/www.eltrabajo.cl\/portal\/joven-musico-sanfelipeno-jano-rojas-anuncia-su-lanzamiento-como-solista\/jano4\/\" rel=\"attachment wp-att-76160\"><img data-recalc-dims=\"1\" loading=\"lazy\" decoding=\"async\" class=\"size-full wp-image-76160\" src=\"https:\/\/i0.wp.com\/www.eltrabajo.cl\/portal\/wp-content\/uploads\/2016\/12\/Jano4.jpg?resize=530%2C350\" alt=\"ORIGINALES.- En esta agrupaci\u00f3n este artista sanfelipe\u00f1o tambi\u00e9n hizo de las suyas con otros m\u00fasicos del pa\u00eds.\" width=\"530\" height=\"350\" srcset=\"https:\/\/i0.wp.com\/eltrabajo.cl\/portal\/wp-content\/uploads\/2016\/12\/Jano4.jpg?w=530&amp;ssl=1 530w, https:\/\/i0.wp.com\/eltrabajo.cl\/portal\/wp-content\/uploads\/2016\/12\/Jano4.jpg?resize=200%2C132&amp;ssl=1 200w, https:\/\/i0.wp.com\/eltrabajo.cl\/portal\/wp-content\/uploads\/2016\/12\/Jano4.jpg?resize=300%2C198&amp;ssl=1 300w, https:\/\/i0.wp.com\/eltrabajo.cl\/portal\/wp-content\/uploads\/2016\/12\/Jano4.jpg?resize=227%2C150&amp;ssl=1 227w, https:\/\/i0.wp.com\/eltrabajo.cl\/portal\/wp-content\/uploads\/2016\/12\/Jano4.jpg?resize=400%2C264&amp;ssl=1 400w\" sizes=\"auto, (max-width: 530px) 100vw, 530px\" \/><\/a><figcaption id=\"caption-attachment-76160\" class=\"wp-caption-text\">ORIGINALES.- En esta agrupaci\u00f3n este artista sanfelipe\u00f1o tambi\u00e9n hizo de las suyas con otros m\u00fasicos del pa\u00eds.<\/figcaption><\/figure>\n<figure id=\"attachment_76161\" aria-describedby=\"caption-attachment-76161\" style=\"width: 530px\" class=\"wp-caption alignleft\"><a href=\"http:\/\/www.eltrabajo.cl\/portal\/joven-musico-sanfelipeno-jano-rojas-anuncia-su-lanzamiento-como-solista\/jano33\/\" rel=\"attachment wp-att-76161\"><img data-recalc-dims=\"1\" loading=\"lazy\" decoding=\"async\" class=\"size-full wp-image-76161\" src=\"https:\/\/i0.wp.com\/www.eltrabajo.cl\/portal\/wp-content\/uploads\/2016\/12\/Jano33.jpg?resize=530%2C350\" alt=\"VA EN GRANDE.- Este joven sanfelipe\u00f1o se lanza como solista a partir de enero, ya est\u00e1 grabando material para sorprender a muchos.\" width=\"530\" height=\"350\" srcset=\"https:\/\/i0.wp.com\/eltrabajo.cl\/portal\/wp-content\/uploads\/2016\/12\/Jano33.jpg?w=530&amp;ssl=1 530w, https:\/\/i0.wp.com\/eltrabajo.cl\/portal\/wp-content\/uploads\/2016\/12\/Jano33.jpg?resize=200%2C132&amp;ssl=1 200w, https:\/\/i0.wp.com\/eltrabajo.cl\/portal\/wp-content\/uploads\/2016\/12\/Jano33.jpg?resize=300%2C198&amp;ssl=1 300w, https:\/\/i0.wp.com\/eltrabajo.cl\/portal\/wp-content\/uploads\/2016\/12\/Jano33.jpg?resize=227%2C150&amp;ssl=1 227w, https:\/\/i0.wp.com\/eltrabajo.cl\/portal\/wp-content\/uploads\/2016\/12\/Jano33.jpg?resize=400%2C264&amp;ssl=1 400w\" sizes=\"auto, (max-width: 530px) 100vw, 530px\" \/><\/a><figcaption id=\"caption-attachment-76161\" class=\"wp-caption-text\">VA EN GRANDE.- Este joven sanfelipe\u00f1o se lanza como solista a partir de enero, ya est\u00e1 grabando material para sorprender a muchos.<\/figcaption><\/figure>\n","protected":false},"excerpt":{"rendered":"<p>Alejandro &#8216;Jano&#8217; Rojas, es un cantante sanfelipe\u00f1o de 28 a\u00f1os, quien hoy martes se presenta oficialmente en Diario El Trabajo como solista. Este artista aconcag\u00fcino naci\u00f3 el jueves 1\u00ba de diciembre de&#8230;<\/p>\n","protected":false},"author":1,"featured_media":76161,"comment_status":"open","ping_status":"open","sticky":false,"template":"","format":"standard","meta":{"advanced_seo_description":"","jetpack_seo_html_title":"","jetpack_seo_noindex":false,"_jetpack_memberships_contains_paid_content":false,"footnotes":""},"categories":[15],"tags":[],"class_list":["post-76158","post","type-post","status-publish","format-standard","has-post-thumbnail","hentry","category-comunidad"],"jetpack_featured_media_url":"https:\/\/i0.wp.com\/eltrabajo.cl\/portal\/wp-content\/uploads\/2016\/12\/Jano33.jpg?fit=530%2C350&ssl=1","jetpack_sharing_enabled":true,"jetpack_likes_enabled":true,"jetpack-related-posts":[],"_links":{"self":[{"href":"https:\/\/eltrabajo.cl\/portal\/wp-json\/wp\/v2\/posts\/76158","targetHints":{"allow":["GET"]}}],"collection":[{"href":"https:\/\/eltrabajo.cl\/portal\/wp-json\/wp\/v2\/posts"}],"about":[{"href":"https:\/\/eltrabajo.cl\/portal\/wp-json\/wp\/v2\/types\/post"}],"author":[{"embeddable":true,"href":"https:\/\/eltrabajo.cl\/portal\/wp-json\/wp\/v2\/users\/1"}],"replies":[{"embeddable":true,"href":"https:\/\/eltrabajo.cl\/portal\/wp-json\/wp\/v2\/comments?post=76158"}],"version-history":[{"count":0,"href":"https:\/\/eltrabajo.cl\/portal\/wp-json\/wp\/v2\/posts\/76158\/revisions"}],"wp:featuredmedia":[{"embeddable":true,"href":"https:\/\/eltrabajo.cl\/portal\/wp-json\/wp\/v2\/media\/76161"}],"wp:attachment":[{"href":"https:\/\/eltrabajo.cl\/portal\/wp-json\/wp\/v2\/media?parent=76158"}],"wp:term":[{"taxonomy":"category","embeddable":true,"href":"https:\/\/eltrabajo.cl\/portal\/wp-json\/wp\/v2\/categories?post=76158"},{"taxonomy":"post_tag","embeddable":true,"href":"https:\/\/eltrabajo.cl\/portal\/wp-json\/wp\/v2\/tags?post=76158"}],"curies":[{"name":"wp","href":"https:\/\/api.w.org\/{rel}","templated":true}]}}