{"id":76173,"date":"2016-12-28T08:34:00","date_gmt":"2016-12-28T11:34:00","guid":{"rendered":"http:\/\/www.eltrabajo.cl\/portal\/?p=76173"},"modified":"2016-12-28T08:34:00","modified_gmt":"2016-12-28T11:34:00","slug":"matriculas-abiertas-en-nueva-escuela-especial-sagrado-corazon-ex-horizonte","status":"publish","type":"post","link":"https:\/\/eltrabajo.cl\/portal\/matriculas-abiertas-en-nueva-escuela-especial-sagrado-corazon-ex-horizonte\/","title":{"rendered":"Matr\u00edculas abiertas en nueva Escuela Especial &#8216;Sagrado Coraz\u00f3n&#8217; ex Horizonte"},"content":{"rendered":"<ul>\n<li><strong><span style=\"color: #ff0000;\">Establecimiento municipalizado pretende tener una capacidad de 60 alumnos:<\/span>\u00a0Excolegio Horizonte, ya funciona bajo la tutela de la Daem San Felipe y hasta el momento 40 familias han decidido continuar con este proyecto educativo.<\/strong><\/li>\n<\/ul>\n<p>El director de la Direcci\u00f3n de Administraci\u00f3n de Educaci\u00f3n Municipal, Daem San Felipe, Iv\u00e1n Silva Padilla, inform\u00f3 a la comunidad, que a\u00fan quedan cupos para quienes quieran formar parte de la nueva sede de la Escuela Especial Sagrado Coraz\u00f3n, Excolegio Horizonte, que desde hace un tiempo pas\u00f3 de ser un establecimiento privado, a ser administrado por el municipio sanfelipe\u00f1o.<br \/>\nDe acuerdo a lo manifestado por Silva -hasta el momento- el proceso de matr\u00edculas ha significado la renovaci\u00f3n de 40 alumnos, que anteriormente formaban parte del Colegio Horizonte y el establecimiento est\u00e1 a la espera de que otras 20 familias puedan realizar el mismo tr\u00e1mite.<br \/>\n\u201cNosotros estamos esperando en principio, una matr\u00edcula ideal de unos 60 alumnos, tenemos una lista de 18 o 20 m\u00e1s que yo creo que van a llegar, han arribado tambi\u00e9n un par de estudiantes nuevos, as\u00ed que estamos confiados en completar los 60\u201d, detall\u00f3 el director de la Daem San Felipe.<br \/>\nCabe mencionar, que la Escuela Especial Sagrado Coraz\u00f3n, en su sede matriz funciona en calle Joaqu\u00edn Oliva y que el Excolegio Horizonte, continuar\u00e1 con sus dependencias en calle Freire, pero asumir\u00e1 el nombre del otro recinto educacional, no s\u00f3lo por el hecho de transformarse en un establecimiento municipal, sino porque adem\u00e1s, trabajar\u00e1 bajo el mismo sello educativo con el que funciona la Escuela Sagrado Coraz\u00f3n.<br \/>\nRespecto de qu\u00e9 tipo de requerimientos realizaron los apoderados del ex Horizonte, Silva advirti\u00f3 que \u201cellos plantearon un tipo de ni\u00f1os un poco diferente a lo que tenemos nosotros, pero en definitiva es una sola escuela, ellos tendr\u00e1n que acomodarse tambi\u00e9n a los principios municipales, a la forma de trabajo nuestro y al estilo de nuestra directora\u201d, sentenci\u00f3 el profesional, anticipando a la vez, que a\u00fan no est\u00e1 definido el cuerpo docente que trabajar\u00e1 en el establecimiento y que los profesores y profesionales que ah\u00ed se desempe\u00f1aban, est\u00e1n siendo sometidos a diversos ex\u00e1menes, los cuales, determinar\u00e1n su eventual continuidad.<br \/>\nLa directora de la Escuela Especial Sagrado Coraz\u00f3n, Beatriz Gallardo Morales, se refiri\u00f3 a las diferencias existentes entre los alumnos que atend\u00eda el Colegio Horizonte y los estudiantes que recibir\u00e1 la nueva Unidad de la Escuela Sagrado Coraz\u00f3n, detallando que \u201calgo que podr\u00edan avalar psic\u00f3logos o Terapeutas, es que los alumnos del Colegio Horizonte ten\u00edan una discapacidad intelectual leve a moderada, a diferencia de nuestro establecimiento donde tendemos a tener un gran n\u00famero de estudiantes con discapacidades m\u00faltiples, lo que no significa que la calidad sea mayor o menor que en otro Colegio, sino que los apoyos profesionales requeridos son distintos\u201d, argumento Gallardo, especificando que \u201cen esta reorganizaci\u00f3n como proyecto educativo, vamos a prestar servicios tambi\u00e9n a los estudiantes de la otra sede (calle Freire), esto es necesario porque el derecho a la educaci\u00f3n es de todos\u201d, termin\u00f3.<br \/>\nEn el plano operativo, la directora del establecimiento cont\u00f3 que el proceso de matr\u00edcula parti\u00f3 la semana reci\u00e9n pasada y ha estado liderado por el grupo de profesionales no docentes del establecimiento, quienes adem\u00e1s llevaron a cabo la etapa de Anamnesis, conjunto de datos que se recogen en la historia cl\u00ednica de un paciente con un objetivo diagn\u00f3stico, y que en el caso de los alumnos matriculados, es necesario para definir cu\u00e1les son las necesidades pedag\u00f3gicas de cada uno.<br \/>\n\u201cEse es un tr\u00e1mite un poquito m\u00e1s largo, necesita de 40 minutos a 1 hora por apoderado, esto con la finalidad de poder orientar de mejor forma el proceso educativo. Nosotros estamos muy conscientes del sello educativo que tiene la escuela, pero por sobre eso no podemos olvidar que la principal labor de un establecimiento, es la educaci\u00f3n de calidad, lo que nosotros queremos hacer en este proyecto educativo\u201d, apunt\u00f3 Gallardo.<br \/>\nEl proceso de matr\u00edculas en la Nueva sede de la Escuela Sagrado Coraz\u00f3n, se extender\u00e1 durante toda esta semana, mientras que, en caso de tomar la decisi\u00f3n de matricular a un alumno a partir de la pr\u00f3xima semana, o durante los meses de enero y febrero, el tr\u00e1mite debe realizarse en las dependencias del establecimiento de calle Joaqu\u00edn Oliva.<\/p>\n<figure id=\"attachment_76174\" aria-describedby=\"caption-attachment-76174\" style=\"width: 530px\" class=\"wp-caption alignleft\"><a href=\"http:\/\/www.eltrabajo.cl\/portal\/matriculas-abiertas-en-nueva-escuela-especial-sagrado-corazon-ex-horizonte\/ivan-silva-padilla\/\" rel=\"attachment wp-att-76174\"><img data-recalc-dims=\"1\" loading=\"lazy\" decoding=\"async\" class=\"size-full wp-image-76174\" src=\"https:\/\/i0.wp.com\/www.eltrabajo.cl\/portal\/wp-content\/uploads\/2016\/12\/IVAN-SILVA-PADILLA.jpg?resize=530%2C348\" alt=\"El director de la Direcci\u00f3n de Administraci\u00f3n de Educaci\u00f3n Municipal, Daem San Felipe, Iv\u00e1n Silva Padilla, junto a la directora de la Escuela Especial Sagrado Coraz\u00f3n, Beatriz Gallardo Morales.\" width=\"530\" height=\"348\" srcset=\"https:\/\/i0.wp.com\/eltrabajo.cl\/portal\/wp-content\/uploads\/2016\/12\/IVAN-SILVA-PADILLA.jpg?w=530&amp;ssl=1 530w, https:\/\/i0.wp.com\/eltrabajo.cl\/portal\/wp-content\/uploads\/2016\/12\/IVAN-SILVA-PADILLA.jpg?resize=200%2C131&amp;ssl=1 200w, https:\/\/i0.wp.com\/eltrabajo.cl\/portal\/wp-content\/uploads\/2016\/12\/IVAN-SILVA-PADILLA.jpg?resize=300%2C197&amp;ssl=1 300w, https:\/\/i0.wp.com\/eltrabajo.cl\/portal\/wp-content\/uploads\/2016\/12\/IVAN-SILVA-PADILLA.jpg?resize=228%2C150&amp;ssl=1 228w, https:\/\/i0.wp.com\/eltrabajo.cl\/portal\/wp-content\/uploads\/2016\/12\/IVAN-SILVA-PADILLA.jpg?resize=400%2C263&amp;ssl=1 400w\" sizes=\"auto, (max-width: 530px) 100vw, 530px\" \/><\/a><figcaption id=\"caption-attachment-76174\" class=\"wp-caption-text\">El director de la Direcci\u00f3n de Administraci\u00f3n de Educaci\u00f3n Municipal, Daem San Felipe, Iv\u00e1n Silva Padilla, junto a la directora de la Escuela Especial Sagrado Coraz\u00f3n, Beatriz Gallardo Morales.<\/figcaption><\/figure>\n","protected":false},"excerpt":{"rendered":"<p>Establecimiento municipalizado pretende tener una capacidad de 60 alumnos:\u00a0Excolegio Horizonte, ya funciona bajo la tutela de la Daem San Felipe y hasta el momento 40 familias han decidido continuar con este proyecto&#8230;<\/p>\n","protected":false},"author":1,"featured_media":76174,"comment_status":"open","ping_status":"open","sticky":false,"template":"","format":"standard","meta":{"advanced_seo_description":"","jetpack_seo_html_title":"","jetpack_seo_noindex":false,"_jetpack_memberships_contains_paid_content":false,"footnotes":""},"categories":[1],"tags":[],"class_list":["post-76173","post","type-post","status-publish","format-standard","has-post-thumbnail","hentry","category-cronica"],"jetpack_featured_media_url":"https:\/\/i0.wp.com\/eltrabajo.cl\/portal\/wp-content\/uploads\/2016\/12\/IVAN-SILVA-PADILLA.jpg?fit=530%2C348&ssl=1","jetpack_sharing_enabled":true,"jetpack_likes_enabled":true,"jetpack-related-posts":[],"_links":{"self":[{"href":"https:\/\/eltrabajo.cl\/portal\/wp-json\/wp\/v2\/posts\/76173","targetHints":{"allow":["GET"]}}],"collection":[{"href":"https:\/\/eltrabajo.cl\/portal\/wp-json\/wp\/v2\/posts"}],"about":[{"href":"https:\/\/eltrabajo.cl\/portal\/wp-json\/wp\/v2\/types\/post"}],"author":[{"embeddable":true,"href":"https:\/\/eltrabajo.cl\/portal\/wp-json\/wp\/v2\/users\/1"}],"replies":[{"embeddable":true,"href":"https:\/\/eltrabajo.cl\/portal\/wp-json\/wp\/v2\/comments?post=76173"}],"version-history":[{"count":0,"href":"https:\/\/eltrabajo.cl\/portal\/wp-json\/wp\/v2\/posts\/76173\/revisions"}],"wp:featuredmedia":[{"embeddable":true,"href":"https:\/\/eltrabajo.cl\/portal\/wp-json\/wp\/v2\/media\/76174"}],"wp:attachment":[{"href":"https:\/\/eltrabajo.cl\/portal\/wp-json\/wp\/v2\/media?parent=76173"}],"wp:term":[{"taxonomy":"category","embeddable":true,"href":"https:\/\/eltrabajo.cl\/portal\/wp-json\/wp\/v2\/categories?post=76173"},{"taxonomy":"post_tag","embeddable":true,"href":"https:\/\/eltrabajo.cl\/portal\/wp-json\/wp\/v2\/tags?post=76173"}],"curies":[{"name":"wp","href":"https:\/\/api.w.org\/{rel}","templated":true}]}}