{"id":76177,"date":"2016-12-28T08:36:09","date_gmt":"2016-12-28T11:36:09","guid":{"rendered":"http:\/\/www.eltrabajo.cl\/portal\/?p=76177"},"modified":"2016-12-28T08:36:09","modified_gmt":"2016-12-28T11:36:09","slug":"diversas-actividades-desarrollara-en-distintos-puntos-programa-verano-entretenido","status":"publish","type":"post","link":"https:\/\/eltrabajo.cl\/portal\/diversas-actividades-desarrollara-en-distintos-puntos-programa-verano-entretenido\/","title":{"rendered":"Diversas actividades desarrollar\u00e1 en distintos puntos programa \u2018Verano Entretenido\u2019"},"content":{"rendered":"<p>Para estas vacaciones, la Municipalidad de San Felipe ha desarrollado diferentes actividades en el marco del programa \u2018Verano Entretenido\u2019, iniciativa que se impulsa desde el departamento de Deportes y Actividad F\u00edsica y que apunta principalmente a generar instancias de entretenci\u00f3n y fomento de estilos de vida saludable, para ni\u00f1os, ni\u00f1as y adolescentes, aun cuando tambi\u00e9n existen algunas l\u00edneas de acci\u00f3n para los adultos.<br \/>\nA las actividades ya programadas en a\u00f1os anteriores con f\u00fatbol, v\u00f3leibol, b\u00e1squetbol y actividades acu\u00e1ticas en el Estadio Fiscal, el Polideportivo en Bucalemu, clases de tenis en Club Valle de Aconcagua; se agrega este a\u00f1o la realizaci\u00f3n de actividades recreativo-deportivas en el sector de El Asiento, espec\u00edficamente Escuela Jos\u00e9 Bernardo Su\u00e1rez; Escuela Heriberto Berm\u00fadez de Algarrobal, y Escuela Rep\u00fablica de Argentina de El Tambo, con un interesante programa piloto de tenis.<br \/>\n\u201cEste es un programa piloto con el que pretendemos incorporarnos a las escuelas municipales durante el a\u00f1o, con nuevas disciplinas deportivas\u201d, se\u00f1al\u00f3 Pe\u00f1a.<br \/>\nSeg\u00fan mencion\u00f3 el coordinador del departamento de Deportes y Actividad F\u00edsica, Danilo Pe\u00f1a, el verano entretenido se extender\u00e1 desde el 3 de enero y hasta la primera quincena de febrero.<br \/>\nLas consultas se pueden hacer en la p\u00e1gina de Facebook del municipio y del departamento de Deportes Deportes San Felipe y en el sitio web de la Municipalidad de San Felipe (www.muni-sanfelipe.cl), recordando el coordinador que son todas las actividades gratuitas, a excepci\u00f3n de las clases de nataci\u00f3n, que tienen un costo, pero bastante inferior respecto de otros lugares donde tambi\u00e9n se imparten en la zona. Las inscripciones se realizar\u00e1n en el mismo lugar de realizaci\u00f3n de los talleres.<br \/>\n\u201cNosotros estamos a la espera de que los ni\u00f1os y sus padres puedan inscribirlos, lo que se realiza directamente en los lugares de realizaci\u00f3n de estas actividades. Los horarios son diferentes, algunas en la ma\u00f1ana, otras despu\u00e9s de las seis de la tarde, pero todas aquellas insertas en el Programa Verano Entretenido son gratuitas\u201d, expres\u00f3 Danilo Pe\u00f1a.<br \/>\nA\u00f1adi\u00f3 que para los j\u00f3venes y adultos, hay tambi\u00e9n una entretenida actividad deportivo-recreativa de verano, se trata del taller de Acquaerobic, que nuevamente se va a ofrecer durante estos casi dos meses del programa estival.<\/p>\n<figure id=\"attachment_76178\" aria-describedby=\"caption-attachment-76178\" style=\"width: 530px\" class=\"wp-caption alignleft\"><a href=\"http:\/\/www.eltrabajo.cl\/portal\/diversas-actividades-desarrollara-en-distintos-puntos-programa-verano-entretenido\/verano-entretenido-2\/\" rel=\"attachment wp-att-76178\"><img data-recalc-dims=\"1\" loading=\"lazy\" decoding=\"async\" class=\"size-full wp-image-76178\" src=\"https:\/\/i0.wp.com\/www.eltrabajo.cl\/portal\/wp-content\/uploads\/2016\/12\/verano-entretenido.jpg?resize=530%2C349\" alt=\"Actividades acu\u00e1ticas se desarrollar\u00e1n para los ni\u00f1os en el Estadio Fiscal.\" width=\"530\" height=\"349\" srcset=\"https:\/\/i0.wp.com\/eltrabajo.cl\/portal\/wp-content\/uploads\/2016\/12\/verano-entretenido.jpg?w=530&amp;ssl=1 530w, https:\/\/i0.wp.com\/eltrabajo.cl\/portal\/wp-content\/uploads\/2016\/12\/verano-entretenido.jpg?resize=200%2C132&amp;ssl=1 200w, https:\/\/i0.wp.com\/eltrabajo.cl\/portal\/wp-content\/uploads\/2016\/12\/verano-entretenido.jpg?resize=300%2C198&amp;ssl=1 300w, https:\/\/i0.wp.com\/eltrabajo.cl\/portal\/wp-content\/uploads\/2016\/12\/verano-entretenido.jpg?resize=228%2C150&amp;ssl=1 228w, https:\/\/i0.wp.com\/eltrabajo.cl\/portal\/wp-content\/uploads\/2016\/12\/verano-entretenido.jpg?resize=400%2C263&amp;ssl=1 400w\" sizes=\"auto, (max-width: 530px) 100vw, 530px\" \/><\/a><figcaption id=\"caption-attachment-76178\" class=\"wp-caption-text\">Actividades acu\u00e1ticas se desarrollar\u00e1n para los ni\u00f1os en el Estadio Fiscal.<\/figcaption><\/figure>\n","protected":false},"excerpt":{"rendered":"<p>Para estas vacaciones, la Municipalidad de San Felipe ha desarrollado diferentes actividades en el marco del programa \u2018Verano Entretenido\u2019, iniciativa que se impulsa desde el departamento de Deportes y Actividad F\u00edsica y&#8230;<\/p>\n","protected":false},"author":1,"featured_media":76178,"comment_status":"open","ping_status":"open","sticky":false,"template":"","format":"standard","meta":{"advanced_seo_description":"","jetpack_seo_html_title":"","jetpack_seo_noindex":false,"_jetpack_memberships_contains_paid_content":false,"footnotes":""},"categories":[1],"tags":[],"class_list":["post-76177","post","type-post","status-publish","format-standard","has-post-thumbnail","hentry","category-cronica"],"jetpack_featured_media_url":"https:\/\/i0.wp.com\/eltrabajo.cl\/portal\/wp-content\/uploads\/2016\/12\/verano-entretenido.jpg?fit=530%2C349&ssl=1","jetpack_sharing_enabled":true,"jetpack_likes_enabled":true,"jetpack-related-posts":[],"_links":{"self":[{"href":"https:\/\/eltrabajo.cl\/portal\/wp-json\/wp\/v2\/posts\/76177","targetHints":{"allow":["GET"]}}],"collection":[{"href":"https:\/\/eltrabajo.cl\/portal\/wp-json\/wp\/v2\/posts"}],"about":[{"href":"https:\/\/eltrabajo.cl\/portal\/wp-json\/wp\/v2\/types\/post"}],"author":[{"embeddable":true,"href":"https:\/\/eltrabajo.cl\/portal\/wp-json\/wp\/v2\/users\/1"}],"replies":[{"embeddable":true,"href":"https:\/\/eltrabajo.cl\/portal\/wp-json\/wp\/v2\/comments?post=76177"}],"version-history":[{"count":0,"href":"https:\/\/eltrabajo.cl\/portal\/wp-json\/wp\/v2\/posts\/76177\/revisions"}],"wp:featuredmedia":[{"embeddable":true,"href":"https:\/\/eltrabajo.cl\/portal\/wp-json\/wp\/v2\/media\/76178"}],"wp:attachment":[{"href":"https:\/\/eltrabajo.cl\/portal\/wp-json\/wp\/v2\/media?parent=76177"}],"wp:term":[{"taxonomy":"category","embeddable":true,"href":"https:\/\/eltrabajo.cl\/portal\/wp-json\/wp\/v2\/categories?post=76177"},{"taxonomy":"post_tag","embeddable":true,"href":"https:\/\/eltrabajo.cl\/portal\/wp-json\/wp\/v2\/tags?post=76177"}],"curies":[{"name":"wp","href":"https:\/\/api.w.org\/{rel}","templated":true}]}}