{"id":76181,"date":"2016-12-28T08:40:23","date_gmt":"2016-12-28T11:40:23","guid":{"rendered":"http:\/\/www.eltrabajo.cl\/portal\/?p=76181"},"modified":"2016-12-28T08:40:23","modified_gmt":"2016-12-28T11:40:23","slug":"falta-cubrir-parte-del-canal-de-regadio-en-miraflores-con-hermanos-carrera","status":"publish","type":"post","link":"https:\/\/eltrabajo.cl\/portal\/falta-cubrir-parte-del-canal-de-regadio-en-miraflores-con-hermanos-carrera\/","title":{"rendered":"Falta cubrir parte del canal de regad\u00edo en Miraflores con Hermanos Carrera"},"content":{"rendered":"<p>Frente a una verdadera trampa mortal est\u00e1n las personas -y especialmente ni\u00f1os- que diariamente caminan por el costado norte de la Avenida Miraflores, al llegar a la intersecci\u00f3n con Hermanos Carrera.<br \/>\nEn el lugar la pavimentaci\u00f3n no alcanza a cubrir toda la zona, quedando un espacio abierto donde f\u00e1cilmente puede caer un ni\u00f1o al canal que cruza la avenida Miraflores.<br \/>\nLa situaci\u00f3n se torna m\u00e1s peligrosa teniendo en cuenta que por el lugar transitan ni\u00f1os con sus padres, ya que a pocos metros est\u00e1 el Hospital San Camilo.<br \/>\nPersonas que trabajan en el lugar comentaron que tiempo atr\u00e1s una mujer cay\u00f3 al interior luego que fuera retrocediendo y no se percatara.<br \/>\nCabe recordar que por este tipo de falencias en el sector de La Troya, hacia Almendral, a\u00f1os atr\u00e1s un menor falleci\u00f3 luego de caer al canal porque la tapa de madera le faltaba una tabla, es decir han sucedido casos donde menores que juegan en lugares as\u00ed corren el riesgo de caer y simplemente ahogarse.<br \/>\nEs por eso, que desde ac\u00e1 hacemos un llamado para que se preocupen de esta situaci\u00f3n para que m\u00e1s adelante no tengamos que lamentar una tragedia.<\/p>\n<figure id=\"attachment_76182\" aria-describedby=\"caption-attachment-76182\" style=\"width: 530px\" class=\"wp-caption alignleft\"><a href=\"http:\/\/www.eltrabajo.cl\/portal\/falta-cubrir-parte-del-canal-de-regadio-en-miraflores-con-hermanos-carrera\/canal-2\/\" rel=\"attachment wp-att-76182\"><img data-recalc-dims=\"1\" loading=\"lazy\" decoding=\"async\" class=\"size-full wp-image-76182\" src=\"https:\/\/i0.wp.com\/www.eltrabajo.cl\/portal\/wp-content\/uploads\/2016\/12\/Canal-2.jpg?resize=530%2C350\" alt=\"Ac\u00e1 apreciamos desde otra perspectiva las dimensiones del orificio por donde pasa el agua y donde perfectamente puede caer un ni\u00f1o.\" width=\"530\" height=\"350\" srcset=\"https:\/\/i0.wp.com\/eltrabajo.cl\/portal\/wp-content\/uploads\/2016\/12\/Canal-2.jpg?w=530&amp;ssl=1 530w, https:\/\/i0.wp.com\/eltrabajo.cl\/portal\/wp-content\/uploads\/2016\/12\/Canal-2.jpg?resize=200%2C132&amp;ssl=1 200w, https:\/\/i0.wp.com\/eltrabajo.cl\/portal\/wp-content\/uploads\/2016\/12\/Canal-2.jpg?resize=300%2C198&amp;ssl=1 300w, https:\/\/i0.wp.com\/eltrabajo.cl\/portal\/wp-content\/uploads\/2016\/12\/Canal-2.jpg?resize=227%2C150&amp;ssl=1 227w, https:\/\/i0.wp.com\/eltrabajo.cl\/portal\/wp-content\/uploads\/2016\/12\/Canal-2.jpg?resize=400%2C264&amp;ssl=1 400w\" sizes=\"auto, (max-width: 530px) 100vw, 530px\" \/><\/a><figcaption id=\"caption-attachment-76182\" class=\"wp-caption-text\">Ac\u00e1 apreciamos desde otra perspectiva las dimensiones del orificio por donde pasa el agua y donde perfectamente puede caer un ni\u00f1o.<\/figcaption><\/figure>\n<figure id=\"attachment_76183\" aria-describedby=\"caption-attachment-76183\" style=\"width: 530px\" class=\"wp-caption alignleft\"><a href=\"http:\/\/www.eltrabajo.cl\/portal\/falta-cubrir-parte-del-canal-de-regadio-en-miraflores-con-hermanos-carrera\/canal\/\" rel=\"attachment wp-att-76183\"><img data-recalc-dims=\"1\" loading=\"lazy\" decoding=\"async\" class=\"size-full wp-image-76183\" src=\"https:\/\/i0.wp.com\/www.eltrabajo.cl\/portal\/wp-content\/uploads\/2016\/12\/Canal.jpg?resize=530%2C349\" alt=\"En la imagen se aprecia el enorme espacio por donde f\u00e1cilmente puede caer un ni\u00f1o.\" width=\"530\" height=\"349\" srcset=\"https:\/\/i0.wp.com\/eltrabajo.cl\/portal\/wp-content\/uploads\/2016\/12\/Canal.jpg?w=530&amp;ssl=1 530w, https:\/\/i0.wp.com\/eltrabajo.cl\/portal\/wp-content\/uploads\/2016\/12\/Canal.jpg?resize=200%2C132&amp;ssl=1 200w, https:\/\/i0.wp.com\/eltrabajo.cl\/portal\/wp-content\/uploads\/2016\/12\/Canal.jpg?resize=300%2C198&amp;ssl=1 300w, https:\/\/i0.wp.com\/eltrabajo.cl\/portal\/wp-content\/uploads\/2016\/12\/Canal.jpg?resize=228%2C150&amp;ssl=1 228w, https:\/\/i0.wp.com\/eltrabajo.cl\/portal\/wp-content\/uploads\/2016\/12\/Canal.jpg?resize=400%2C263&amp;ssl=1 400w\" sizes=\"auto, (max-width: 530px) 100vw, 530px\" \/><\/a><figcaption id=\"caption-attachment-76183\" class=\"wp-caption-text\">En la imagen se aprecia el enorme espacio por donde f\u00e1cilmente puede caer un ni\u00f1o.<\/figcaption><\/figure>\n","protected":false},"excerpt":{"rendered":"<p>Frente a una verdadera trampa mortal est\u00e1n las personas -y especialmente ni\u00f1os- que diariamente caminan por el costado norte de la Avenida Miraflores, al llegar a la intersecci\u00f3n con Hermanos Carrera. En&#8230;<\/p>\n","protected":false},"author":1,"featured_media":76183,"comment_status":"open","ping_status":"open","sticky":false,"template":"","format":"standard","meta":{"advanced_seo_description":"","jetpack_seo_html_title":"","jetpack_seo_noindex":false,"_jetpack_memberships_contains_paid_content":false,"footnotes":""},"categories":[15],"tags":[],"class_list":["post-76181","post","type-post","status-publish","format-standard","has-post-thumbnail","hentry","category-comunidad"],"jetpack_featured_media_url":"https:\/\/i0.wp.com\/eltrabajo.cl\/portal\/wp-content\/uploads\/2016\/12\/Canal.jpg?fit=530%2C349&ssl=1","jetpack_sharing_enabled":true,"jetpack_likes_enabled":true,"jetpack-related-posts":[],"_links":{"self":[{"href":"https:\/\/eltrabajo.cl\/portal\/wp-json\/wp\/v2\/posts\/76181","targetHints":{"allow":["GET"]}}],"collection":[{"href":"https:\/\/eltrabajo.cl\/portal\/wp-json\/wp\/v2\/posts"}],"about":[{"href":"https:\/\/eltrabajo.cl\/portal\/wp-json\/wp\/v2\/types\/post"}],"author":[{"embeddable":true,"href":"https:\/\/eltrabajo.cl\/portal\/wp-json\/wp\/v2\/users\/1"}],"replies":[{"embeddable":true,"href":"https:\/\/eltrabajo.cl\/portal\/wp-json\/wp\/v2\/comments?post=76181"}],"version-history":[{"count":0,"href":"https:\/\/eltrabajo.cl\/portal\/wp-json\/wp\/v2\/posts\/76181\/revisions"}],"wp:featuredmedia":[{"embeddable":true,"href":"https:\/\/eltrabajo.cl\/portal\/wp-json\/wp\/v2\/media\/76183"}],"wp:attachment":[{"href":"https:\/\/eltrabajo.cl\/portal\/wp-json\/wp\/v2\/media?parent=76181"}],"wp:term":[{"taxonomy":"category","embeddable":true,"href":"https:\/\/eltrabajo.cl\/portal\/wp-json\/wp\/v2\/categories?post=76181"},{"taxonomy":"post_tag","embeddable":true,"href":"https:\/\/eltrabajo.cl\/portal\/wp-json\/wp\/v2\/tags?post=76181"}],"curies":[{"name":"wp","href":"https:\/\/api.w.org\/{rel}","templated":true}]}}