{"id":76186,"date":"2016-12-28T08:44:17","date_gmt":"2016-12-28T11:44:17","guid":{"rendered":"http:\/\/www.eltrabajo.cl\/portal\/?p=76186"},"modified":"2016-12-28T08:44:17","modified_gmt":"2016-12-28T11:44:17","slug":"av-miraflores-convertida-en-rio-por-nuevo-desborde-de-canal-en-chercan-tapia","status":"publish","type":"post","link":"https:\/\/eltrabajo.cl\/portal\/av-miraflores-convertida-en-rio-por-nuevo-desborde-de-canal-en-chercan-tapia\/","title":{"rendered":"Av. Miraflores convertida en r\u00edo por nuevo desborde de canal en Cherc\u00e1n Tapia"},"content":{"rendered":"<ul>\n<li><strong>\u00a1Ya es tiempo de hacer algo!:<\/strong><\/li>\n<\/ul>\n<p>Los vecinos sanfelipe\u00f1os calificaron \u2018como terrible\u2019, que la ma\u00f1ana de ayer les tocara transitar por la avenida Miraflores -especialmente frente al Hospital San Camilo- por la gran cantidad de agua que pasaba por la calzada producto del desborde de un canal ubicado en calle Cherc\u00e1n Tapia.<br \/>\nUnas de las personas que trabaja en el lugar, Luis Acu\u00f1a, molesto coment\u00f3 que la gente no pod\u00eda transitar: \u201cYo no s\u00e9 d\u00f3nde est\u00e1 el problema, pero no es reciente, viene de mucho tiempo atr\u00e1s (\u2026) es un caos, la soluci\u00f3n ser\u00eda tomar medidas de fuerza, decirle a los due\u00f1os que hagan limpieza de canales, el hecho real y latente es el r\u00edo que viene por Miraflores. Yo lo veo todos los d\u00edas porque trabajo aqu\u00ed mismo, tengo un carrito y veo que la gente no puede pasar, es terrible; hay gente que se tiene que ir a dar la vuelta al lomo de toro, otros tienen que subir por otro lado (\u2026) es terrible. Aqu\u00ed los ni\u00f1os ponen un puente de madera que los mismos veh\u00edculos hacen tira, para que la gente pueda cruzar, por el otro lado de la avenida Miraflores es m\u00e1s el agua que viene cruzando. Es terrible, espero que las autoridades se pongan las pilas porque es terrible\u201d<br \/>\nOtro afectado menciona: \u201cEsto viene pasando hace m\u00e1s de un a\u00f1o y nadie hace nada, la gente se moja muchas veces. Est\u00e1 p\u00e9sima la pasada, mire usted no se puede cruzar, se moja entero, porque algunos veh\u00edculos pasan muy fuerte\u201d.<br \/>\nFinalmente y pasadas unas horas disminuy\u00f3 el caudal de las aguas. El tema tambi\u00e9n fue tratado en el concejo municipal, donde espera buscar una pronta soluci\u00f3n.<\/p>\n<figure id=\"attachment_76187\" aria-describedby=\"caption-attachment-76187\" style=\"width: 530px\" class=\"wp-caption alignleft\"><a href=\"http:\/\/www.eltrabajo.cl\/portal\/av-miraflores-convertida-en-rio-por-nuevo-desborde-de-canal-en-chercan-tapia\/a-poza\/\" rel=\"attachment wp-att-76187\"><img data-recalc-dims=\"1\" loading=\"lazy\" decoding=\"async\" class=\"size-full wp-image-76187\" src=\"https:\/\/i0.wp.com\/www.eltrabajo.cl\/portal\/wp-content\/uploads\/2016\/12\/A-Poza.jpg?resize=530%2C350\" alt=\"Una tremenda poza se hizo en la entrada de los estacionamientos.\" width=\"530\" height=\"350\" srcset=\"https:\/\/i0.wp.com\/eltrabajo.cl\/portal\/wp-content\/uploads\/2016\/12\/A-Poza.jpg?w=530&amp;ssl=1 530w, https:\/\/i0.wp.com\/eltrabajo.cl\/portal\/wp-content\/uploads\/2016\/12\/A-Poza.jpg?resize=200%2C132&amp;ssl=1 200w, https:\/\/i0.wp.com\/eltrabajo.cl\/portal\/wp-content\/uploads\/2016\/12\/A-Poza.jpg?resize=300%2C198&amp;ssl=1 300w, https:\/\/i0.wp.com\/eltrabajo.cl\/portal\/wp-content\/uploads\/2016\/12\/A-Poza.jpg?resize=227%2C150&amp;ssl=1 227w, https:\/\/i0.wp.com\/eltrabajo.cl\/portal\/wp-content\/uploads\/2016\/12\/A-Poza.jpg?resize=400%2C264&amp;ssl=1 400w\" sizes=\"auto, (max-width: 530px) 100vw, 530px\" \/><\/a><figcaption id=\"caption-attachment-76187\" class=\"wp-caption-text\">Una tremenda poza se hizo en la entrada de los estacionamientos.<\/figcaption><\/figure>\n<figure id=\"attachment_76188\" aria-describedby=\"caption-attachment-76188\" style=\"width: 530px\" class=\"wp-caption alignleft\"><a href=\"http:\/\/www.eltrabajo.cl\/portal\/av-miraflores-convertida-en-rio-por-nuevo-desborde-de-canal-en-chercan-tapia\/adultos-3\/\" rel=\"attachment wp-att-76188\"><img data-recalc-dims=\"1\" loading=\"lazy\" decoding=\"async\" class=\"size-full wp-image-76188\" src=\"https:\/\/i0.wp.com\/www.eltrabajo.cl\/portal\/wp-content\/uploads\/2016\/12\/Adultos.jpg?resize=530%2C349\" alt=\"Una pareja de adultos mayores apoy\u00e1ndose en su bast\u00f3n para poder cruzar debido al verdadero r\u00edo que hab\u00eda en avenida Miraflores.\" width=\"530\" height=\"349\" srcset=\"https:\/\/i0.wp.com\/eltrabajo.cl\/portal\/wp-content\/uploads\/2016\/12\/Adultos.jpg?w=530&amp;ssl=1 530w, https:\/\/i0.wp.com\/eltrabajo.cl\/portal\/wp-content\/uploads\/2016\/12\/Adultos.jpg?resize=200%2C132&amp;ssl=1 200w, https:\/\/i0.wp.com\/eltrabajo.cl\/portal\/wp-content\/uploads\/2016\/12\/Adultos.jpg?resize=300%2C198&amp;ssl=1 300w, https:\/\/i0.wp.com\/eltrabajo.cl\/portal\/wp-content\/uploads\/2016\/12\/Adultos.jpg?resize=228%2C150&amp;ssl=1 228w, https:\/\/i0.wp.com\/eltrabajo.cl\/portal\/wp-content\/uploads\/2016\/12\/Adultos.jpg?resize=400%2C263&amp;ssl=1 400w\" sizes=\"auto, (max-width: 530px) 100vw, 530px\" \/><\/a><figcaption id=\"caption-attachment-76188\" class=\"wp-caption-text\">Una pareja de adultos mayores apoy\u00e1ndose en su bast\u00f3n para poder cruzar debido al verdadero r\u00edo que hab\u00eda en avenida Miraflores.<\/figcaption><\/figure>\n<figure id=\"attachment_76189\" aria-describedby=\"caption-attachment-76189\" style=\"width: 530px\" class=\"wp-caption alignleft\"><a href=\"http:\/\/www.eltrabajo.cl\/portal\/av-miraflores-convertida-en-rio-por-nuevo-desborde-de-canal-en-chercan-tapia\/aimprudente\/\" rel=\"attachment wp-att-76189\"><img data-recalc-dims=\"1\" loading=\"lazy\" decoding=\"async\" class=\"size-full wp-image-76189\" src=\"https:\/\/i0.wp.com\/www.eltrabajo.cl\/portal\/wp-content\/uploads\/2016\/12\/AImprudente.jpg?resize=530%2C350\" alt=\"El conductor de este autom\u00f3vil pasa a gran velocidad por el agua.\" width=\"530\" height=\"350\" srcset=\"https:\/\/i0.wp.com\/eltrabajo.cl\/portal\/wp-content\/uploads\/2016\/12\/AImprudente.jpg?w=530&amp;ssl=1 530w, https:\/\/i0.wp.com\/eltrabajo.cl\/portal\/wp-content\/uploads\/2016\/12\/AImprudente.jpg?resize=200%2C132&amp;ssl=1 200w, https:\/\/i0.wp.com\/eltrabajo.cl\/portal\/wp-content\/uploads\/2016\/12\/AImprudente.jpg?resize=300%2C198&amp;ssl=1 300w, https:\/\/i0.wp.com\/eltrabajo.cl\/portal\/wp-content\/uploads\/2016\/12\/AImprudente.jpg?resize=227%2C150&amp;ssl=1 227w, https:\/\/i0.wp.com\/eltrabajo.cl\/portal\/wp-content\/uploads\/2016\/12\/AImprudente.jpg?resize=400%2C264&amp;ssl=1 400w\" sizes=\"auto, (max-width: 530px) 100vw, 530px\" \/><\/a><figcaption id=\"caption-attachment-76189\" class=\"wp-caption-text\">El conductor de este autom\u00f3vil pasa a gran velocidad por el agua.<\/figcaption><\/figure>\n<figure id=\"attachment_76190\" aria-describedby=\"caption-attachment-76190\" style=\"width: 530px\" class=\"wp-caption alignleft\"><a href=\"http:\/\/www.eltrabajo.cl\/portal\/av-miraflores-convertida-en-rio-por-nuevo-desborde-de-canal-en-chercan-tapia\/alocomocion\/\" rel=\"attachment wp-att-76190\"><img data-recalc-dims=\"1\" loading=\"lazy\" decoding=\"async\" class=\"size-full wp-image-76190\" src=\"https:\/\/i0.wp.com\/www.eltrabajo.cl\/portal\/wp-content\/uploads\/2016\/12\/ALocomocion.jpg?resize=530%2C350\" alt=\"Una mujer sube a un colectivo no sin antes apoyarse en una estructura de madera por el agua.\" width=\"530\" height=\"350\" srcset=\"https:\/\/i0.wp.com\/eltrabajo.cl\/portal\/wp-content\/uploads\/2016\/12\/ALocomocion.jpg?w=530&amp;ssl=1 530w, https:\/\/i0.wp.com\/eltrabajo.cl\/portal\/wp-content\/uploads\/2016\/12\/ALocomocion.jpg?resize=200%2C132&amp;ssl=1 200w, https:\/\/i0.wp.com\/eltrabajo.cl\/portal\/wp-content\/uploads\/2016\/12\/ALocomocion.jpg?resize=300%2C198&amp;ssl=1 300w, https:\/\/i0.wp.com\/eltrabajo.cl\/portal\/wp-content\/uploads\/2016\/12\/ALocomocion.jpg?resize=227%2C150&amp;ssl=1 227w, https:\/\/i0.wp.com\/eltrabajo.cl\/portal\/wp-content\/uploads\/2016\/12\/ALocomocion.jpg?resize=400%2C264&amp;ssl=1 400w\" sizes=\"auto, (max-width: 530px) 100vw, 530px\" \/><\/a><figcaption id=\"caption-attachment-76190\" class=\"wp-caption-text\">Una mujer sube a un colectivo no sin antes apoyarse en una estructura de madera por el agua.<\/figcaption><\/figure>\n<figure id=\"attachment_76191\" aria-describedby=\"caption-attachment-76191\" style=\"width: 530px\" class=\"wp-caption alignleft\"><a href=\"http:\/\/www.eltrabajo.cl\/portal\/av-miraflores-convertida-en-rio-por-nuevo-desborde-de-canal-en-chercan-tapia\/apoyo-2\/\" rel=\"attachment wp-att-76191\"><img data-recalc-dims=\"1\" loading=\"lazy\" decoding=\"async\" class=\"size-full wp-image-76191\" src=\"https:\/\/i0.wp.com\/www.eltrabajo.cl\/portal\/wp-content\/uploads\/2016\/12\/Apoyo.jpg?resize=530%2C350\" alt=\"Una se\u00f1ora se lanza sobre la estructura de madera porque no hab\u00eda otra forma.\" width=\"530\" height=\"350\" srcset=\"https:\/\/i0.wp.com\/eltrabajo.cl\/portal\/wp-content\/uploads\/2016\/12\/Apoyo.jpg?w=530&amp;ssl=1 530w, https:\/\/i0.wp.com\/eltrabajo.cl\/portal\/wp-content\/uploads\/2016\/12\/Apoyo.jpg?resize=200%2C132&amp;ssl=1 200w, https:\/\/i0.wp.com\/eltrabajo.cl\/portal\/wp-content\/uploads\/2016\/12\/Apoyo.jpg?resize=300%2C198&amp;ssl=1 300w, https:\/\/i0.wp.com\/eltrabajo.cl\/portal\/wp-content\/uploads\/2016\/12\/Apoyo.jpg?resize=227%2C150&amp;ssl=1 227w, https:\/\/i0.wp.com\/eltrabajo.cl\/portal\/wp-content\/uploads\/2016\/12\/Apoyo.jpg?resize=400%2C264&amp;ssl=1 400w\" sizes=\"auto, (max-width: 530px) 100vw, 530px\" \/><\/a><figcaption id=\"caption-attachment-76191\" class=\"wp-caption-text\">Una se\u00f1ora se lanza sobre la estructura de madera porque no hab\u00eda otra forma.<\/figcaption><\/figure>\n","protected":false},"excerpt":{"rendered":"<p>\u00a1Ya es tiempo de hacer algo!: Los vecinos sanfelipe\u00f1os calificaron \u2018como terrible\u2019, que la ma\u00f1ana de ayer les tocara transitar por la avenida Miraflores -especialmente frente al Hospital San Camilo- por la&#8230;<\/p>\n","protected":false},"author":1,"featured_media":76191,"comment_status":"open","ping_status":"open","sticky":false,"template":"","format":"standard","meta":{"advanced_seo_description":"","jetpack_seo_html_title":"","jetpack_seo_noindex":false,"_jetpack_memberships_contains_paid_content":false,"footnotes":""},"categories":[15],"tags":[],"class_list":["post-76186","post","type-post","status-publish","format-standard","has-post-thumbnail","hentry","category-comunidad"],"jetpack_featured_media_url":"https:\/\/i0.wp.com\/eltrabajo.cl\/portal\/wp-content\/uploads\/2016\/12\/Apoyo.jpg?fit=530%2C350&ssl=1","jetpack_sharing_enabled":true,"jetpack_likes_enabled":true,"jetpack-related-posts":[],"_links":{"self":[{"href":"https:\/\/eltrabajo.cl\/portal\/wp-json\/wp\/v2\/posts\/76186","targetHints":{"allow":["GET"]}}],"collection":[{"href":"https:\/\/eltrabajo.cl\/portal\/wp-json\/wp\/v2\/posts"}],"about":[{"href":"https:\/\/eltrabajo.cl\/portal\/wp-json\/wp\/v2\/types\/post"}],"author":[{"embeddable":true,"href":"https:\/\/eltrabajo.cl\/portal\/wp-json\/wp\/v2\/users\/1"}],"replies":[{"embeddable":true,"href":"https:\/\/eltrabajo.cl\/portal\/wp-json\/wp\/v2\/comments?post=76186"}],"version-history":[{"count":0,"href":"https:\/\/eltrabajo.cl\/portal\/wp-json\/wp\/v2\/posts\/76186\/revisions"}],"wp:featuredmedia":[{"embeddable":true,"href":"https:\/\/eltrabajo.cl\/portal\/wp-json\/wp\/v2\/media\/76191"}],"wp:attachment":[{"href":"https:\/\/eltrabajo.cl\/portal\/wp-json\/wp\/v2\/media?parent=76186"}],"wp:term":[{"taxonomy":"category","embeddable":true,"href":"https:\/\/eltrabajo.cl\/portal\/wp-json\/wp\/v2\/categories?post=76186"},{"taxonomy":"post_tag","embeddable":true,"href":"https:\/\/eltrabajo.cl\/portal\/wp-json\/wp\/v2\/tags?post=76186"}],"curies":[{"name":"wp","href":"https:\/\/api.w.org\/{rel}","templated":true}]}}