{"id":76194,"date":"2016-12-28T08:49:04","date_gmt":"2016-12-28T11:49:04","guid":{"rendered":"http:\/\/www.eltrabajo.cl\/portal\/?p=76194"},"modified":"2016-12-28T08:49:04","modified_gmt":"2016-12-28T11:49:04","slug":"vecinas-animalistas-rescatan-y-devuelven-movilidad-a-perrita-atropellada","status":"publish","type":"post","link":"https:\/\/eltrabajo.cl\/portal\/vecinas-animalistas-rescatan-y-devuelven-movilidad-a-perrita-atropellada\/","title":{"rendered":"Vecinas animalistas rescatan y devuelven movilidad a perrita atropellada"},"content":{"rendered":"<ul>\n<li><strong>Con rifas y mucho trabajo, le compraron carrito ortop\u00e9dico:<\/strong><\/li>\n<\/ul>\n<p><strong>SANTA MAR\u00cdA.-<\/strong> Hoy en Diario El Trabajo compartimos con nuestros lectores la historia de \u2018Chunchita\u2019, una perrita que fue rescatada por dos vecinas de Santa Mar\u00eda, tras ser atropellada por un sujeto en moto en Villa Los Aromos.<br \/>\nSe trata tambi\u00e9n de la historia de una vecina animalista, Dayana Mu\u00f1oz Fern\u00e1ndez, quien desde ni\u00f1a ha sentido un llamado especial a velar por el bienestar de nuestros \u2018hermanos menores\u2019 en apuros. Es por eso que nuestro medio habl\u00f3 con ella ayer mi\u00e9rcoles en su casa de habitaci\u00f3n.<br \/>\n<strong>&#8211; \u00bfA qu\u00e9 te dedicas, c\u00f3mo te ganas la vida?<\/strong><br \/>\n&#8211; Soy chef, soltera y no me imagino vivir sin animales en mi vida. Pap\u00e1 me tiene paciencia, pero a la vez tambi\u00e9n me ayuda a sacar adelante estos proyectos.<br \/>\n<strong>&#8211; \u00bfQu\u00e9 fue lo que pas\u00f3 con esta perrita callejera?<\/strong><br \/>\n&#8211; Lo que pas\u00f3, es que a la perrita \u2018Chunchita\u2019 la dejaron abandonada en Villa Mirasol, en ese lugar una vecina amiga m\u00eda, do\u00f1a Ana Mar\u00eda Soto, la aliment\u00f3 durante alg\u00fan tiempo, hasta que una motocicleta atropell\u00f3 a la perrita, ah\u00ed qued\u00f3 ella en la calle, arrastr\u00e1ndose y aullando de dolor.<br \/>\n<strong>&#8211; \u00bfY qu\u00e9 hicieron tras ese atropello?<\/strong><br \/>\n&#8211; Bueno, mi amiga me llam\u00f3, pues en nuestra poblaci\u00f3n saben que a m\u00ed me interesa ayudar a los animalitos abandonados, r\u00e1pidamente buscamos a un veterinario, tuvimos que contratar a un profesional de Valpara\u00edso, pues se necesitaba una carrito hecho a la medida de la perrita, en total gastamos $210.000.<br \/>\n<strong>&#8211; \u00bfC\u00f3mo recaudaron dinero para enfrentar la emergencia y gastos?<\/strong><br \/>\n&#8211; Este dinero lo aportamos entre todos los vecinos, pues hicimos una rifa para poder pagar entre todos al profesional veterinario y la fabricaci\u00f3n del carrito ortop\u00e9dico, el que le sirve a \u2018Chunchita\u2019 para poder moverse.<br \/>\n<strong>&#8211; \u00bfInviertes mucho mensualmente en este proyecto animalista?<\/strong><br \/>\n&#8211; Al mes yo invierto, entre alimentaci\u00f3n y los gastos m\u00e9dicos regulares, unos $50.000, todo esto es gracias al fruto de mi trabajo como chef. Mi sue\u00f1o es poder crear una peluquer\u00eda para mascotas, s\u00f3lo el tiempo me responder\u00e1 a ese deseo.<br \/>\n<strong>Roberto Gonz\u00e1lez Short<\/strong><\/p>\n<figure id=\"attachment_76195\" aria-describedby=\"caption-attachment-76195\" style=\"width: 530px\" class=\"wp-caption alignleft\"><a href=\"http:\/\/www.eltrabajo.cl\/portal\/vecinas-animalistas-rescatan-y-devuelven-movilidad-a-perrita-atropellada\/chunchita1\/\" rel=\"attachment wp-att-76195\"><img data-recalc-dims=\"1\" loading=\"lazy\" decoding=\"async\" class=\"size-full wp-image-76195\" src=\"https:\/\/i0.wp.com\/www.eltrabajo.cl\/portal\/wp-content\/uploads\/2016\/12\/Chunchita1.jpg?resize=530%2C349\" alt=\"CHUNCHITA LUCHADORA.- Aqu\u00ed tenemos a esta perrita, ya completamente integrada a una vida normal tras el accidente sufrido.\" width=\"530\" height=\"349\" srcset=\"https:\/\/i0.wp.com\/eltrabajo.cl\/portal\/wp-content\/uploads\/2016\/12\/Chunchita1.jpg?w=530&amp;ssl=1 530w, https:\/\/i0.wp.com\/eltrabajo.cl\/portal\/wp-content\/uploads\/2016\/12\/Chunchita1.jpg?resize=200%2C132&amp;ssl=1 200w, https:\/\/i0.wp.com\/eltrabajo.cl\/portal\/wp-content\/uploads\/2016\/12\/Chunchita1.jpg?resize=300%2C198&amp;ssl=1 300w, https:\/\/i0.wp.com\/eltrabajo.cl\/portal\/wp-content\/uploads\/2016\/12\/Chunchita1.jpg?resize=228%2C150&amp;ssl=1 228w, https:\/\/i0.wp.com\/eltrabajo.cl\/portal\/wp-content\/uploads\/2016\/12\/Chunchita1.jpg?resize=400%2C263&amp;ssl=1 400w\" sizes=\"auto, (max-width: 530px) 100vw, 530px\" \/><\/a><figcaption id=\"caption-attachment-76195\" class=\"wp-caption-text\">CHUNCHITA LUCHADORA.- Aqu\u00ed tenemos a esta perrita, ya completamente integrada a una vida normal tras el accidente sufrido.<\/figcaption><\/figure>\n<figure id=\"attachment_76196\" aria-describedby=\"caption-attachment-76196\" style=\"width: 530px\" class=\"wp-caption alignleft\"><a href=\"http:\/\/www.eltrabajo.cl\/portal\/vecinas-animalistas-rescatan-y-devuelven-movilidad-a-perrita-atropellada\/chunchita28\/\" rel=\"attachment wp-att-76196\"><img data-recalc-dims=\"1\" loading=\"lazy\" decoding=\"async\" class=\"size-full wp-image-76196\" src=\"https:\/\/i0.wp.com\/www.eltrabajo.cl\/portal\/wp-content\/uploads\/2016\/12\/Chunchita28.jpg?resize=530%2C349\" alt=\"VECINAS ANIMALISTAS.- Aqu\u00ed tenemos a do\u00f1a Ana Mar\u00eda Soto y Dayana Mu\u00f1oz, en compa\u00f1\u00eda de \u2018Chunchita\u2019, la perrita de nuestra historia.\" width=\"530\" height=\"349\" srcset=\"https:\/\/i0.wp.com\/eltrabajo.cl\/portal\/wp-content\/uploads\/2016\/12\/Chunchita28.jpg?w=530&amp;ssl=1 530w, https:\/\/i0.wp.com\/eltrabajo.cl\/portal\/wp-content\/uploads\/2016\/12\/Chunchita28.jpg?resize=200%2C132&amp;ssl=1 200w, https:\/\/i0.wp.com\/eltrabajo.cl\/portal\/wp-content\/uploads\/2016\/12\/Chunchita28.jpg?resize=300%2C198&amp;ssl=1 300w, https:\/\/i0.wp.com\/eltrabajo.cl\/portal\/wp-content\/uploads\/2016\/12\/Chunchita28.jpg?resize=228%2C150&amp;ssl=1 228w, https:\/\/i0.wp.com\/eltrabajo.cl\/portal\/wp-content\/uploads\/2016\/12\/Chunchita28.jpg?resize=400%2C263&amp;ssl=1 400w\" sizes=\"auto, (max-width: 530px) 100vw, 530px\" \/><\/a><figcaption id=\"caption-attachment-76196\" class=\"wp-caption-text\">VECINAS ANIMALISTAS.- Aqu\u00ed tenemos a do\u00f1a Ana Mar\u00eda Soto y Dayana Mu\u00f1oz, en compa\u00f1\u00eda de \u2018Chunchita\u2019, la perrita de nuestra historia.<\/figcaption><\/figure>\n<figure id=\"attachment_76197\" aria-describedby=\"caption-attachment-76197\" style=\"width: 530px\" class=\"wp-caption alignleft\"><a href=\"http:\/\/www.eltrabajo.cl\/portal\/vecinas-animalistas-rescatan-y-devuelven-movilidad-a-perrita-atropellada\/dayana-munoz\/\" rel=\"attachment wp-att-76197\"><img data-recalc-dims=\"1\" loading=\"lazy\" decoding=\"async\" class=\"size-full wp-image-76197\" src=\"https:\/\/i0.wp.com\/www.eltrabajo.cl\/portal\/wp-content\/uploads\/2016\/12\/Dayana-Munoz.jpg?resize=530%2C348\" alt=\"Dayana Mu\u00f1oz Fern\u00e1ndez, vecina animalista de Santa Mar\u00eda que hace pocas semanas fue premiada por su labor animalista.\" width=\"530\" height=\"348\" srcset=\"https:\/\/i0.wp.com\/eltrabajo.cl\/portal\/wp-content\/uploads\/2016\/12\/Dayana-Munoz.jpg?w=530&amp;ssl=1 530w, https:\/\/i0.wp.com\/eltrabajo.cl\/portal\/wp-content\/uploads\/2016\/12\/Dayana-Munoz.jpg?resize=200%2C131&amp;ssl=1 200w, https:\/\/i0.wp.com\/eltrabajo.cl\/portal\/wp-content\/uploads\/2016\/12\/Dayana-Munoz.jpg?resize=300%2C197&amp;ssl=1 300w, https:\/\/i0.wp.com\/eltrabajo.cl\/portal\/wp-content\/uploads\/2016\/12\/Dayana-Munoz.jpg?resize=228%2C150&amp;ssl=1 228w, https:\/\/i0.wp.com\/eltrabajo.cl\/portal\/wp-content\/uploads\/2016\/12\/Dayana-Munoz.jpg?resize=400%2C263&amp;ssl=1 400w\" sizes=\"auto, (max-width: 530px) 100vw, 530px\" \/><\/a><figcaption id=\"caption-attachment-76197\" class=\"wp-caption-text\">Dayana Mu\u00f1oz Fern\u00e1ndez, vecina animalista de Santa Mar\u00eda que hace pocas semanas fue premiada por su labor animalista.<\/figcaption><\/figure>\n","protected":false},"excerpt":{"rendered":"<p>Con rifas y mucho trabajo, le compraron carrito ortop\u00e9dico: SANTA MAR\u00cdA.- Hoy en Diario El Trabajo compartimos con nuestros lectores la historia de \u2018Chunchita\u2019, una perrita que fue rescatada por dos vecinas&#8230;<\/p>\n","protected":false},"author":1,"featured_media":76196,"comment_status":"open","ping_status":"open","sticky":false,"template":"","format":"standard","meta":{"advanced_seo_description":"","jetpack_seo_html_title":"","jetpack_seo_noindex":false,"_jetpack_memberships_contains_paid_content":false,"footnotes":""},"categories":[15],"tags":[],"class_list":["post-76194","post","type-post","status-publish","format-standard","has-post-thumbnail","hentry","category-comunidad"],"jetpack_featured_media_url":"https:\/\/i0.wp.com\/eltrabajo.cl\/portal\/wp-content\/uploads\/2016\/12\/Chunchita28.jpg?fit=530%2C349&ssl=1","jetpack_sharing_enabled":true,"jetpack_likes_enabled":true,"jetpack-related-posts":[],"_links":{"self":[{"href":"https:\/\/eltrabajo.cl\/portal\/wp-json\/wp\/v2\/posts\/76194","targetHints":{"allow":["GET"]}}],"collection":[{"href":"https:\/\/eltrabajo.cl\/portal\/wp-json\/wp\/v2\/posts"}],"about":[{"href":"https:\/\/eltrabajo.cl\/portal\/wp-json\/wp\/v2\/types\/post"}],"author":[{"embeddable":true,"href":"https:\/\/eltrabajo.cl\/portal\/wp-json\/wp\/v2\/users\/1"}],"replies":[{"embeddable":true,"href":"https:\/\/eltrabajo.cl\/portal\/wp-json\/wp\/v2\/comments?post=76194"}],"version-history":[{"count":0,"href":"https:\/\/eltrabajo.cl\/portal\/wp-json\/wp\/v2\/posts\/76194\/revisions"}],"wp:featuredmedia":[{"embeddable":true,"href":"https:\/\/eltrabajo.cl\/portal\/wp-json\/wp\/v2\/media\/76196"}],"wp:attachment":[{"href":"https:\/\/eltrabajo.cl\/portal\/wp-json\/wp\/v2\/media?parent=76194"}],"wp:term":[{"taxonomy":"category","embeddable":true,"href":"https:\/\/eltrabajo.cl\/portal\/wp-json\/wp\/v2\/categories?post=76194"},{"taxonomy":"post_tag","embeddable":true,"href":"https:\/\/eltrabajo.cl\/portal\/wp-json\/wp\/v2\/tags?post=76194"}],"curies":[{"name":"wp","href":"https:\/\/api.w.org\/{rel}","templated":true}]}}