{"id":76200,"date":"2016-12-28T08:52:33","date_gmt":"2016-12-28T11:52:33","guid":{"rendered":"http:\/\/www.eltrabajo.cl\/portal\/?p=76200"},"modified":"2016-12-28T08:52:33","modified_gmt":"2016-12-28T11:52:33","slug":"monjes-shaolin-inti-illimani-y-el-color-del-tiempo-llegaran-a-san-felipe","status":"publish","type":"post","link":"https:\/\/eltrabajo.cl\/portal\/monjes-shaolin-inti-illimani-y-el-color-del-tiempo-llegaran-a-san-felipe\/","title":{"rendered":"Monjes Shaol\u00edn, Inti Illimani y \u2018El Color del tiempo\u2019 llegar\u00e1n a San Felipe"},"content":{"rendered":"<ul>\n<li><strong>En enero Festival A Mil 2017 promete s\u00f3lo excelencia:<\/strong><\/li>\n<\/ul>\n<p>Este 2017 llegar\u00e1 cargad\u00edsimo de actividades culturales para iniciar el a\u00f1o, con tres espect\u00e1culos de primer mundo, se trata de espectaculares puestas en escena para todos los sanfelipe\u00f1os, ya que en enero se desarrollar\u00e1 en nuestra comuna el Festival A Mil 2017, jornada coordinada con el Departamento Municipal de Cultura.<\/p>\n<figure id=\"attachment_76201\" aria-describedby=\"caption-attachment-76201\" style=\"width: 300px\" class=\"wp-caption alignleft\"><a href=\"http:\/\/www.eltrabajo.cl\/portal\/monjes-shaolin-inti-illimani-y-el-color-del-tiempo-llegaran-a-san-felipe\/ricardo-ruiz-11\/\" rel=\"attachment wp-att-76201\"><img data-recalc-dims=\"1\" loading=\"lazy\" decoding=\"async\" class=\"size-medium wp-image-76201\" src=\"https:\/\/i0.wp.com\/www.eltrabajo.cl\/portal\/wp-content\/uploads\/2016\/12\/Ricardo-Ruiz-300x197.jpg?resize=300%2C197\" alt=\"Encargado de Cultura, Ricardo Ruiz Herrera.\" width=\"300\" height=\"197\" srcset=\"https:\/\/i0.wp.com\/eltrabajo.cl\/portal\/wp-content\/uploads\/2016\/12\/Ricardo-Ruiz.jpg?resize=300%2C197&amp;ssl=1 300w, https:\/\/i0.wp.com\/eltrabajo.cl\/portal\/wp-content\/uploads\/2016\/12\/Ricardo-Ruiz.jpg?resize=200%2C131&amp;ssl=1 200w, https:\/\/i0.wp.com\/eltrabajo.cl\/portal\/wp-content\/uploads\/2016\/12\/Ricardo-Ruiz.jpg?resize=228%2C150&amp;ssl=1 228w, https:\/\/i0.wp.com\/eltrabajo.cl\/portal\/wp-content\/uploads\/2016\/12\/Ricardo-Ruiz.jpg?resize=400%2C263&amp;ssl=1 400w, https:\/\/i0.wp.com\/eltrabajo.cl\/portal\/wp-content\/uploads\/2016\/12\/Ricardo-Ruiz.jpg?w=530&amp;ssl=1 530w\" sizes=\"auto, (max-width: 300px) 100vw, 300px\" \/><\/a><figcaption id=\"caption-attachment-76201\" class=\"wp-caption-text\">Encargado de Cultura, Ricardo Ruiz Herrera.<\/figcaption><\/figure>\n<p>\u00abDurante esas presentaciones llegar\u00e1n a nuestra comuna grandes maestros del espect\u00e1culo, son artistas de M\u00e9xico, Per\u00fa, Hait\u00ed, Cuba, Uruguay, Argentina, Bolivia y Colombia. Ellos se instalar\u00e1n en nuestra ciudad con exuberantes pasacalles; una especial presentaci\u00f3n de Inti Illimani celebrando sus 50 a\u00f1os de carrera art\u00edstica, y los aut\u00e9nticos monjes Shaol\u00edn, toda una campa\u00f1a de primera calidad para todos los sanfelipe\u00f1os y aconcag\u00fcinos en general\u00bb, lo anterior se desprende de las declaraciones ofrecidas a Diario El Trabajo de manera Exclusiva por el encargado de Cultura, Ricardo Ruiz Herrera.<\/p>\n<p><strong>MONJES SHAOL\u00cdN<\/strong><br \/>\nLos ancestrales monjes Shaol\u00edn, son mundialmente c\u00e9lebres por su particular estilo de practicar, dominar y transmitir el respeto hacia las Artes Marciales, utiliz\u00e1ndolas en total armon\u00eda con lo espiritual y lo mental. El Templo Shaol\u00edn es un monasterio de monjes, y el de Yongtai (su vecino) de monjas. El primero fue construido en China en el a\u00f1o 495 D.C., y se encuentra ubicado en el actual Parque Nacional de Shongshany.<br \/>\n\u00abLos 16 monjes Shaol\u00edn que visitar\u00e1n San Felipe, mostrar\u00e1n su trabajo al aire libre con sus rutinas de meditaci\u00f3n, trabajo y las formas en que el cuerpo humano puede reinterpretar el esp\u00edritu, la transmutaci\u00f3n de la energ\u00eda y la relaci\u00f3n con los animales. Los monjes al realizar estas presentaciones rompen su milenaria tradici\u00f3n y desean mostrar una imagen diferente\u00bb, agreg\u00f3 Ruiz. Estos monjes estar\u00e1n en San Felipe a las 20:30 horas del s\u00e1bado 7 de enero, en la Plaza de Armas.<\/p>\n<p><strong>INTI ILLIMANI<\/strong><br \/>\nDesde sus inicios, Grupo Inti Illimani ha incluido en su repertorio temas con diversos ritmos bailables de Am\u00e9rica Latina. Con motivo de los 50 a\u00f1os, Inti Illimani ofrecer\u00e1 una espectacular presentaci\u00f3n en nuestra comuna.<br \/>\nEstos gigantes de Am\u00e9rica se presentar\u00e1n en la Plaza C\u00edvica el domingo 8 de enero a las 20:30 horas.<\/p>\n<p><strong>COLOR DEL TIEMPO<\/strong><br \/>\nUna semana despu\u00e9s, el 19 de enero a partir de las 19:30 horas alrededor de nuestra Plaza de Armas, ser\u00e1 el cierre magistral de este festival con la presentaci\u00f3n de El color del tiempo, presentado por Artonik, agrupaci\u00f3n francesa que nos dejar\u00e1 bien impregnado de sus coloridas propuestas.<br \/>\n\u00abLa presentaci\u00f3n consiste en un desfile de 30 minutos, y luego 20 minutos de presentaci\u00f3n en un punto fijo, diez minutos de desfile y luego 15 minutos m\u00e1s en un punto fijo para el final\u00bb, dijo Ruiz a Diario El Trabajo.<br \/>\nCon \u2018El color del tiempo\u2019, Artonik crea un desfile contempor\u00e1neo y colectivo que mezcla y re\u00fane todo, con un deseo de sensibilidad, participaci\u00f3n y amistad, para combatir todo tipo de racismo, exclusi\u00f3n, ideas sectarias o miedo \u2018al otro\u2019.<br \/>\n<strong>Roberto Gonz\u00e1lez Short<\/strong><\/p>\n<figure id=\"attachment_76202\" aria-describedby=\"caption-attachment-76202\" style=\"width: 530px\" class=\"wp-caption alignleft\"><a href=\"http:\/\/www.eltrabajo.cl\/portal\/monjes-shaolin-inti-illimani-y-el-color-del-tiempo-llegaran-a-san-felipe\/shao33\/\" rel=\"attachment wp-att-76202\"><img data-recalc-dims=\"1\" loading=\"lazy\" decoding=\"async\" class=\"size-full wp-image-76202\" src=\"https:\/\/i0.wp.com\/www.eltrabajo.cl\/portal\/wp-content\/uploads\/2016\/12\/Shao33.jpg?resize=530%2C349\" alt=\"MONJES SHAOL\u00cdN.- Aqu\u00ed tenemos a los impresionantes monjes Shaol\u00edn, quienes nos visitar\u00e1n en enero pr\u00f3ximo. (Referencial)\" width=\"530\" height=\"349\" srcset=\"https:\/\/i0.wp.com\/eltrabajo.cl\/portal\/wp-content\/uploads\/2016\/12\/Shao33.jpg?w=530&amp;ssl=1 530w, https:\/\/i0.wp.com\/eltrabajo.cl\/portal\/wp-content\/uploads\/2016\/12\/Shao33.jpg?resize=200%2C132&amp;ssl=1 200w, https:\/\/i0.wp.com\/eltrabajo.cl\/portal\/wp-content\/uploads\/2016\/12\/Shao33.jpg?resize=300%2C198&amp;ssl=1 300w, https:\/\/i0.wp.com\/eltrabajo.cl\/portal\/wp-content\/uploads\/2016\/12\/Shao33.jpg?resize=228%2C150&amp;ssl=1 228w, https:\/\/i0.wp.com\/eltrabajo.cl\/portal\/wp-content\/uploads\/2016\/12\/Shao33.jpg?resize=400%2C263&amp;ssl=1 400w\" sizes=\"auto, (max-width: 530px) 100vw, 530px\" \/><\/a><figcaption id=\"caption-attachment-76202\" class=\"wp-caption-text\">MONJES SHAOL\u00cdN.- Aqu\u00ed tenemos a los impresionantes monjes Shaol\u00edn, quienes nos visitar\u00e1n en enero pr\u00f3ximo. (Referencial)<\/figcaption><\/figure>\n<figure id=\"attachment_76203\" aria-describedby=\"caption-attachment-76203\" style=\"width: 530px\" class=\"wp-caption alignleft\"><a href=\"http:\/\/www.eltrabajo.cl\/portal\/monjes-shaolin-inti-illimani-y-el-color-del-tiempo-llegaran-a-san-felipe\/b-color1\/\" rel=\"attachment wp-att-76203\"><img data-recalc-dims=\"1\" loading=\"lazy\" decoding=\"async\" class=\"size-full wp-image-76203\" src=\"https:\/\/i0.wp.com\/www.eltrabajo.cl\/portal\/wp-content\/uploads\/2016\/12\/B-color1.jpg?resize=530%2C348\" alt=\"DESDE FRANCIA.- El color del tiempo, presentado por Artonik, har\u00e1 su recorrido el 19 de enero a partir de las 19:30 horas alrededor de nuestra Plaza de Armas.\" width=\"530\" height=\"348\" srcset=\"https:\/\/i0.wp.com\/eltrabajo.cl\/portal\/wp-content\/uploads\/2016\/12\/B-color1.jpg?w=530&amp;ssl=1 530w, https:\/\/i0.wp.com\/eltrabajo.cl\/portal\/wp-content\/uploads\/2016\/12\/B-color1.jpg?resize=200%2C131&amp;ssl=1 200w, https:\/\/i0.wp.com\/eltrabajo.cl\/portal\/wp-content\/uploads\/2016\/12\/B-color1.jpg?resize=300%2C197&amp;ssl=1 300w, https:\/\/i0.wp.com\/eltrabajo.cl\/portal\/wp-content\/uploads\/2016\/12\/B-color1.jpg?resize=228%2C150&amp;ssl=1 228w, https:\/\/i0.wp.com\/eltrabajo.cl\/portal\/wp-content\/uploads\/2016\/12\/B-color1.jpg?resize=400%2C263&amp;ssl=1 400w\" sizes=\"auto, (max-width: 530px) 100vw, 530px\" \/><\/a><figcaption id=\"caption-attachment-76203\" class=\"wp-caption-text\">DESDE FRANCIA.- El color del tiempo, presentado por Artonik, har\u00e1 su recorrido el 19 de enero a partir de las 19:30 horas alrededor de nuestra Plaza de Armas.<\/figcaption><\/figure>\n<figure id=\"attachment_76204\" aria-describedby=\"caption-attachment-76204\" style=\"width: 530px\" class=\"wp-caption alignleft\"><a href=\"http:\/\/www.eltrabajo.cl\/portal\/monjes-shaolin-inti-illimani-y-el-color-del-tiempo-llegaran-a-san-felipe\/inti33\/\" rel=\"attachment wp-att-76204\"><img data-recalc-dims=\"1\" loading=\"lazy\" decoding=\"async\" class=\"size-full wp-image-76204\" src=\"https:\/\/i0.wp.com\/www.eltrabajo.cl\/portal\/wp-content\/uploads\/2016\/12\/Inti33.jpg?resize=530%2C350\" alt=\"Los gigantes.- Los artistas de Grupo Inti Illimani se presentar\u00e1n en la Plaza C\u00edvica el domingo 8 de enero a las 20:30 horas.\" width=\"530\" height=\"350\" srcset=\"https:\/\/i0.wp.com\/eltrabajo.cl\/portal\/wp-content\/uploads\/2016\/12\/Inti33.jpg?w=530&amp;ssl=1 530w, https:\/\/i0.wp.com\/eltrabajo.cl\/portal\/wp-content\/uploads\/2016\/12\/Inti33.jpg?resize=200%2C132&amp;ssl=1 200w, https:\/\/i0.wp.com\/eltrabajo.cl\/portal\/wp-content\/uploads\/2016\/12\/Inti33.jpg?resize=300%2C198&amp;ssl=1 300w, https:\/\/i0.wp.com\/eltrabajo.cl\/portal\/wp-content\/uploads\/2016\/12\/Inti33.jpg?resize=227%2C150&amp;ssl=1 227w, https:\/\/i0.wp.com\/eltrabajo.cl\/portal\/wp-content\/uploads\/2016\/12\/Inti33.jpg?resize=400%2C264&amp;ssl=1 400w\" sizes=\"auto, (max-width: 530px) 100vw, 530px\" \/><\/a><figcaption id=\"caption-attachment-76204\" class=\"wp-caption-text\">Los gigantes.- Los artistas de Grupo Inti Illimani se presentar\u00e1n en la Plaza C\u00edvica el domingo 8 de enero a las 20:30 horas.<\/figcaption><\/figure>\n","protected":false},"excerpt":{"rendered":"<p>En enero Festival A Mil 2017 promete s\u00f3lo excelencia: Este 2017 llegar\u00e1 cargad\u00edsimo de actividades culturales para iniciar el a\u00f1o, con tres espect\u00e1culos de primer mundo, se trata de espectaculares puestas en&#8230;<\/p>\n","protected":false},"author":1,"featured_media":76202,"comment_status":"open","ping_status":"open","sticky":false,"template":"","format":"standard","meta":{"advanced_seo_description":"","jetpack_seo_html_title":"","jetpack_seo_noindex":false,"_jetpack_memberships_contains_paid_content":false,"footnotes":""},"categories":[20],"tags":[],"class_list":["post-76200","post","type-post","status-publish","format-standard","has-post-thumbnail","hentry","category-arte-y-cultura"],"jetpack_featured_media_url":"https:\/\/i0.wp.com\/eltrabajo.cl\/portal\/wp-content\/uploads\/2016\/12\/Shao33.jpg?fit=530%2C349&ssl=1","jetpack_sharing_enabled":true,"jetpack_likes_enabled":true,"jetpack-related-posts":[],"_links":{"self":[{"href":"https:\/\/eltrabajo.cl\/portal\/wp-json\/wp\/v2\/posts\/76200","targetHints":{"allow":["GET"]}}],"collection":[{"href":"https:\/\/eltrabajo.cl\/portal\/wp-json\/wp\/v2\/posts"}],"about":[{"href":"https:\/\/eltrabajo.cl\/portal\/wp-json\/wp\/v2\/types\/post"}],"author":[{"embeddable":true,"href":"https:\/\/eltrabajo.cl\/portal\/wp-json\/wp\/v2\/users\/1"}],"replies":[{"embeddable":true,"href":"https:\/\/eltrabajo.cl\/portal\/wp-json\/wp\/v2\/comments?post=76200"}],"version-history":[{"count":0,"href":"https:\/\/eltrabajo.cl\/portal\/wp-json\/wp\/v2\/posts\/76200\/revisions"}],"wp:featuredmedia":[{"embeddable":true,"href":"https:\/\/eltrabajo.cl\/portal\/wp-json\/wp\/v2\/media\/76202"}],"wp:attachment":[{"href":"https:\/\/eltrabajo.cl\/portal\/wp-json\/wp\/v2\/media?parent=76200"}],"wp:term":[{"taxonomy":"category","embeddable":true,"href":"https:\/\/eltrabajo.cl\/portal\/wp-json\/wp\/v2\/categories?post=76200"},{"taxonomy":"post_tag","embeddable":true,"href":"https:\/\/eltrabajo.cl\/portal\/wp-json\/wp\/v2\/tags?post=76200"}],"curies":[{"name":"wp","href":"https:\/\/api.w.org\/{rel}","templated":true}]}}