{"id":76213,"date":"2016-12-29T08:32:45","date_gmt":"2016-12-29T11:32:45","guid":{"rendered":"http:\/\/www.eltrabajo.cl\/portal\/?p=76213"},"modified":"2016-12-29T08:32:45","modified_gmt":"2016-12-29T11:32:45","slug":"con-fuegos-artificiales-y-musica-en-vivo-recibiran-el-2017-en-calle-larga","status":"publish","type":"post","link":"https:\/\/eltrabajo.cl\/portal\/con-fuegos-artificiales-y-musica-en-vivo-recibiran-el-2017-en-calle-larga\/","title":{"rendered":"Con fuegos artificiales y m\u00fasica en vivo recibir\u00e1n el 2017 en Calle Larga"},"content":{"rendered":"<ul>\n<li><strong><span style=\"color: #ff0000;\">Gran fiesta de A\u00f1o Nuevo:<\/span>\u00a0Un hermoso espect\u00e1culo, organizado por el municipio, busca ser un espacio familiar y seguro para toda la comunidad.<\/strong><\/li>\n<\/ul>\n<p><strong>LOS ANDES.-<\/strong> Por tercera vez consecutiva, Calle Larga recibir\u00e1 el A\u00f1o Nuevo con un gran show de fuegos artificiales y m\u00fasica en vivo, para entretener a toda la comunidad, en un ambiente familiar y seguro.<br \/>\nEn el Cerro Patagual, se realizar\u00e1 el espect\u00e1culo pirot\u00e9cnico, que podr\u00e1 ser visto desde diferentes puntos de la comuna. Adem\u00e1s, desde las 23 horas, en la Villa Aires de Cordillera, se realizar\u00e1 un entretenido show de m\u00fasica tropical, que estar\u00e1 a cargo de la agrupaci\u00f3n \u2018La Combinaci\u00f3n Perfecta\u2019.<br \/>\n\u201cQueremos que los vecinos y vecinas de la comuna disfruten y reciban este 2017 con alegr\u00eda y en comunidad. Para eso como municipio hemos organizado este entretenido evento que esperamos sea disfrutado por las familias de Calle Larga. Paralelamente estamos preocupados de la seguridad de la poblaci\u00f3n, es por eso que se han realizado diversas gestiones para evitar cualquier riesgo que podr\u00eda empa\u00f1ar este lindo espect\u00e1culo\u201d, sostuvo el alcalde Nelson Venegas.<br \/>\nPrecisamente, para evitar situaciones que pongan en peligro a comunidad, durante las \u00faltimas semanas el municipio ha realizado diversas coordinaciones con la empresa a cargo del espect\u00e1culo pirot\u00e9cnico, como tambi\u00e9n con carabineros y bomberos. En conjunto se ha definido un plan que dar\u00e1 cuenta de la ola de calor que afecta al Valle de Aconcagua, y que aumenta el riesgo de incendios de pastizales, por lo que se dispondr\u00e1 de un dispositivo compuesto por bomberos y funcionarios municipales con bombas de espalda en la cima del cerro, con el objetivo de apagar inmediatamente cualquier amago de incendio. Estas medidas han sido validadas por la autoridad fiscalizadora de carabineros y bomberos.<\/p>\n<figure id=\"attachment_76214\" aria-describedby=\"caption-attachment-76214\" style=\"width: 530px\" class=\"wp-caption alignleft\"><a href=\"http:\/\/www.eltrabajo.cl\/portal\/con-fuegos-artificiales-y-musica-en-vivo-recibiran-el-2017-en-calle-larga\/ano-nuevo-calle-larga\/\" rel=\"attachment wp-att-76214\"><img data-recalc-dims=\"1\" loading=\"lazy\" decoding=\"async\" class=\"size-full wp-image-76214\" src=\"https:\/\/i0.wp.com\/www.eltrabajo.cl\/portal\/wp-content\/uploads\/2016\/12\/a%C3%B1o-nuevo-calle-larga.jpg?resize=530%2C350\" alt=\"Por tercera vez consecutiva, Calle Larga recibir\u00e1 el A\u00f1o Nuevo con un gran show de fuegos artificiales y m\u00fasica en vivo, para entretener a toda la comunidad, en un ambiente familiar y seguro.\" width=\"530\" height=\"350\" srcset=\"https:\/\/i0.wp.com\/eltrabajo.cl\/portal\/wp-content\/uploads\/2016\/12\/a%C3%B1o-nuevo-calle-larga.jpg?w=530&amp;ssl=1 530w, https:\/\/i0.wp.com\/eltrabajo.cl\/portal\/wp-content\/uploads\/2016\/12\/a%C3%B1o-nuevo-calle-larga.jpg?resize=200%2C132&amp;ssl=1 200w, https:\/\/i0.wp.com\/eltrabajo.cl\/portal\/wp-content\/uploads\/2016\/12\/a%C3%B1o-nuevo-calle-larga.jpg?resize=300%2C198&amp;ssl=1 300w, https:\/\/i0.wp.com\/eltrabajo.cl\/portal\/wp-content\/uploads\/2016\/12\/a%C3%B1o-nuevo-calle-larga.jpg?resize=227%2C150&amp;ssl=1 227w, https:\/\/i0.wp.com\/eltrabajo.cl\/portal\/wp-content\/uploads\/2016\/12\/a%C3%B1o-nuevo-calle-larga.jpg?resize=400%2C264&amp;ssl=1 400w\" sizes=\"auto, (max-width: 530px) 100vw, 530px\" \/><\/a><figcaption id=\"caption-attachment-76214\" class=\"wp-caption-text\">Por tercera vez consecutiva, Calle Larga recibir\u00e1 el A\u00f1o Nuevo con un gran show de fuegos artificiales y m\u00fasica en vivo, para entretener a toda la comunidad, en un ambiente familiar y seguro.<\/figcaption><\/figure>\n","protected":false},"excerpt":{"rendered":"<p>Gran fiesta de A\u00f1o Nuevo:\u00a0Un hermoso espect\u00e1culo, organizado por el municipio, busca ser un espacio familiar y seguro para toda la comunidad. LOS ANDES.- Por tercera vez consecutiva, Calle Larga recibir\u00e1 el&#8230;<\/p>\n","protected":false},"author":1,"featured_media":76214,"comment_status":"open","ping_status":"open","sticky":false,"template":"","format":"standard","meta":{"advanced_seo_description":"","jetpack_seo_html_title":"","jetpack_seo_noindex":false,"_jetpack_memberships_contains_paid_content":false,"footnotes":""},"categories":[1],"tags":[],"class_list":["post-76213","post","type-post","status-publish","format-standard","has-post-thumbnail","hentry","category-cronica"],"jetpack_featured_media_url":"https:\/\/i0.wp.com\/eltrabajo.cl\/portal\/wp-content\/uploads\/2016\/12\/a%C3%B1o-nuevo-calle-larga.jpg?fit=530%2C350&ssl=1","jetpack_sharing_enabled":true,"jetpack_likes_enabled":true,"jetpack-related-posts":[],"_links":{"self":[{"href":"https:\/\/eltrabajo.cl\/portal\/wp-json\/wp\/v2\/posts\/76213","targetHints":{"allow":["GET"]}}],"collection":[{"href":"https:\/\/eltrabajo.cl\/portal\/wp-json\/wp\/v2\/posts"}],"about":[{"href":"https:\/\/eltrabajo.cl\/portal\/wp-json\/wp\/v2\/types\/post"}],"author":[{"embeddable":true,"href":"https:\/\/eltrabajo.cl\/portal\/wp-json\/wp\/v2\/users\/1"}],"replies":[{"embeddable":true,"href":"https:\/\/eltrabajo.cl\/portal\/wp-json\/wp\/v2\/comments?post=76213"}],"version-history":[{"count":0,"href":"https:\/\/eltrabajo.cl\/portal\/wp-json\/wp\/v2\/posts\/76213\/revisions"}],"wp:featuredmedia":[{"embeddable":true,"href":"https:\/\/eltrabajo.cl\/portal\/wp-json\/wp\/v2\/media\/76214"}],"wp:attachment":[{"href":"https:\/\/eltrabajo.cl\/portal\/wp-json\/wp\/v2\/media?parent=76213"}],"wp:term":[{"taxonomy":"category","embeddable":true,"href":"https:\/\/eltrabajo.cl\/portal\/wp-json\/wp\/v2\/categories?post=76213"},{"taxonomy":"post_tag","embeddable":true,"href":"https:\/\/eltrabajo.cl\/portal\/wp-json\/wp\/v2\/tags?post=76213"}],"curies":[{"name":"wp","href":"https:\/\/api.w.org\/{rel}","templated":true}]}}