{"id":76217,"date":"2016-12-29T08:35:24","date_gmt":"2016-12-29T11:35:24","guid":{"rendered":"http:\/\/www.eltrabajo.cl\/portal\/?p=76217"},"modified":"2016-12-29T08:35:24","modified_gmt":"2016-12-29T11:35:24","slug":"internos-de-san-felipe-vendieron-sus-productos-en-expo-emprendimiento","status":"publish","type":"post","link":"https:\/\/eltrabajo.cl\/portal\/internos-de-san-felipe-vendieron-sus-productos-en-expo-emprendimiento\/","title":{"rendered":"Internos de San Felipe vendieron sus productos en Expo Emprendimiento"},"content":{"rendered":"<ul>\n<li><strong>Jefe del CCP, mayor Cristopher Parra, destac\u00f3 las excelentes ventas logradas durante los d\u00edas que dur\u00f3 la iniciativa.<\/strong><\/li>\n<\/ul>\n<p>Cinturones, parrillas, galeones, monederos, mesas y muchos otros productos, pudieron comprar las personas que se acercaron hasta los dos stands con que cont\u00f3 el Centro de Cumplimiento Penitenciario (CCP) en la Expo Emprendimiento de Aconcagua, feria organizada por Sence y la gobernaci\u00f3n local.<br \/>\nEn dichos puestos, atendidos por gendarmes, personal del \u00e1rea t\u00e9cnica y reclusos que poseen alg\u00fan tipo de beneficio intrapenitenciario, se ofrecieron trabajos realizados exclusivamente por internos de la unidad sanfelipe\u00f1a en los talleres que funcionan al interior del establecimiento penitenciario.<br \/>\nEl jefe del CCP, mayor Cristopher Parra, destac\u00f3 que: \u201cme siento bien contento porque hemos tenido muy buena aceptaci\u00f3n por parte de la comunidad con los productos que estamos ofreciendo y que fabrican los internos, muchos de los cuales no reciben visitas. Hemos vendido gran parte de los productos que trajimos, lo que habla de la buena calidad de lo que hacen los internos\u201d.<br \/>\nLos beneficios que oportunidades de este tipo traen para la poblaci\u00f3n penal fueron detallados por el recluso Omar Ferrada (37).<br \/>\n\u201chacen diferentes trabajos en madera, fierro, cuero y as\u00ed uno se puede sustentar y puede haber una posibilidad de reinsertarse en la sociedad. Yo trabajo correas de cuero, bolsos, solo talabarter\u00eda. La idea es que aprendamos a trabajar y podamos sustentar a las visitas, ser un aporte\u201d.<br \/>\nMarcela Ahumada, fue una de las tantas personas que adquirieron algunos de los productos creados por los reclusos. Para ella esta instancia que se le da a quienes se encuentran privados de libertad \u201clo encuentro una genialidad, porque que le den la oportunidad a personas que est\u00e1 trabajando y tratando de salid adelante para subsistir de forma honrada cuando est\u00e9n fuera de la c\u00e1rcel es maravilloso\u201d.<br \/>\nAdem\u00e1s de los stands del centro sanfelipe\u00f1o, Gendarmer\u00eda cont\u00f3 con uno para el Centro de Educaci\u00f3n y Trabajo (CET) de Putaendo. En \u00e9ste se mostraron algunos de los trabajos efectuados por los usuarios de esta unidad y fueron atendido por los mismos funcionarios del CET.<\/p>\n<figure id=\"attachment_76218\" aria-describedby=\"caption-attachment-76218\" style=\"width: 530px\" class=\"wp-caption alignleft\"><a href=\"http:\/\/www.eltrabajo.cl\/portal\/internos-de-san-felipe-vendieron-sus-productos-en-expo-emprendimiento\/expo-1\/\" rel=\"attachment wp-att-76218\"><img data-recalc-dims=\"1\" loading=\"lazy\" decoding=\"async\" class=\"size-full wp-image-76218\" src=\"https:\/\/i0.wp.com\/www.eltrabajo.cl\/portal\/wp-content\/uploads\/2016\/12\/EXPO-1.jpg?resize=530%2C349\" alt=\"Excelentes ventas logradas durante los d\u00edas que dur\u00f3 la iniciativa.\" width=\"530\" height=\"349\" srcset=\"https:\/\/i0.wp.com\/eltrabajo.cl\/portal\/wp-content\/uploads\/2016\/12\/EXPO-1.jpg?w=530&amp;ssl=1 530w, https:\/\/i0.wp.com\/eltrabajo.cl\/portal\/wp-content\/uploads\/2016\/12\/EXPO-1.jpg?resize=200%2C132&amp;ssl=1 200w, https:\/\/i0.wp.com\/eltrabajo.cl\/portal\/wp-content\/uploads\/2016\/12\/EXPO-1.jpg?resize=300%2C198&amp;ssl=1 300w, https:\/\/i0.wp.com\/eltrabajo.cl\/portal\/wp-content\/uploads\/2016\/12\/EXPO-1.jpg?resize=228%2C150&amp;ssl=1 228w, https:\/\/i0.wp.com\/eltrabajo.cl\/portal\/wp-content\/uploads\/2016\/12\/EXPO-1.jpg?resize=400%2C263&amp;ssl=1 400w\" sizes=\"auto, (max-width: 530px) 100vw, 530px\" \/><\/a><figcaption id=\"caption-attachment-76218\" class=\"wp-caption-text\">Excelentes ventas logradas durante los d\u00edas que dur\u00f3 la iniciativa.<\/figcaption><\/figure>\n<figure id=\"attachment_76219\" aria-describedby=\"caption-attachment-76219\" style=\"width: 530px\" class=\"wp-caption alignleft\"><a href=\"http:\/\/www.eltrabajo.cl\/portal\/internos-de-san-felipe-vendieron-sus-productos-en-expo-emprendimiento\/expo-2\/\" rel=\"attachment wp-att-76219\"><img data-recalc-dims=\"1\" loading=\"lazy\" decoding=\"async\" class=\"size-full wp-image-76219\" src=\"https:\/\/i0.wp.com\/www.eltrabajo.cl\/portal\/wp-content\/uploads\/2016\/12\/EXPO-2.jpg?resize=530%2C348\" alt=\"Distintos productos, pudieron comprar las personas que se acercaron hasta los dos stands con que cont\u00f3 el CCP en la Expo Emprendimiento de Aconcagua.\" width=\"530\" height=\"348\" srcset=\"https:\/\/i0.wp.com\/eltrabajo.cl\/portal\/wp-content\/uploads\/2016\/12\/EXPO-2.jpg?w=530&amp;ssl=1 530w, https:\/\/i0.wp.com\/eltrabajo.cl\/portal\/wp-content\/uploads\/2016\/12\/EXPO-2.jpg?resize=200%2C131&amp;ssl=1 200w, https:\/\/i0.wp.com\/eltrabajo.cl\/portal\/wp-content\/uploads\/2016\/12\/EXPO-2.jpg?resize=300%2C197&amp;ssl=1 300w, https:\/\/i0.wp.com\/eltrabajo.cl\/portal\/wp-content\/uploads\/2016\/12\/EXPO-2.jpg?resize=228%2C150&amp;ssl=1 228w, https:\/\/i0.wp.com\/eltrabajo.cl\/portal\/wp-content\/uploads\/2016\/12\/EXPO-2.jpg?resize=400%2C263&amp;ssl=1 400w\" sizes=\"auto, (max-width: 530px) 100vw, 530px\" \/><\/a><figcaption id=\"caption-attachment-76219\" class=\"wp-caption-text\">Distintos productos, pudieron comprar las personas que se acercaron hasta los dos stands con que cont\u00f3 el CCP en la Expo Emprendimiento de Aconcagua.<\/figcaption><\/figure>\n","protected":false},"excerpt":{"rendered":"<p>Jefe del CCP, mayor Cristopher Parra, destac\u00f3 las excelentes ventas logradas durante los d\u00edas que dur\u00f3 la iniciativa. Cinturones, parrillas, galeones, monederos, mesas y muchos otros productos, pudieron comprar las personas que&#8230;<\/p>\n","protected":false},"author":1,"featured_media":76219,"comment_status":"open","ping_status":"open","sticky":false,"template":"","format":"standard","meta":{"advanced_seo_description":"","jetpack_seo_html_title":"","jetpack_seo_noindex":false,"_jetpack_memberships_contains_paid_content":false,"footnotes":""},"categories":[1],"tags":[],"class_list":["post-76217","post","type-post","status-publish","format-standard","has-post-thumbnail","hentry","category-cronica"],"jetpack_featured_media_url":"https:\/\/i0.wp.com\/eltrabajo.cl\/portal\/wp-content\/uploads\/2016\/12\/EXPO-2.jpg?fit=530%2C348&ssl=1","jetpack_sharing_enabled":true,"jetpack_likes_enabled":true,"jetpack-related-posts":[],"_links":{"self":[{"href":"https:\/\/eltrabajo.cl\/portal\/wp-json\/wp\/v2\/posts\/76217","targetHints":{"allow":["GET"]}}],"collection":[{"href":"https:\/\/eltrabajo.cl\/portal\/wp-json\/wp\/v2\/posts"}],"about":[{"href":"https:\/\/eltrabajo.cl\/portal\/wp-json\/wp\/v2\/types\/post"}],"author":[{"embeddable":true,"href":"https:\/\/eltrabajo.cl\/portal\/wp-json\/wp\/v2\/users\/1"}],"replies":[{"embeddable":true,"href":"https:\/\/eltrabajo.cl\/portal\/wp-json\/wp\/v2\/comments?post=76217"}],"version-history":[{"count":0,"href":"https:\/\/eltrabajo.cl\/portal\/wp-json\/wp\/v2\/posts\/76217\/revisions"}],"wp:featuredmedia":[{"embeddable":true,"href":"https:\/\/eltrabajo.cl\/portal\/wp-json\/wp\/v2\/media\/76219"}],"wp:attachment":[{"href":"https:\/\/eltrabajo.cl\/portal\/wp-json\/wp\/v2\/media?parent=76217"}],"wp:term":[{"taxonomy":"category","embeddable":true,"href":"https:\/\/eltrabajo.cl\/portal\/wp-json\/wp\/v2\/categories?post=76217"},{"taxonomy":"post_tag","embeddable":true,"href":"https:\/\/eltrabajo.cl\/portal\/wp-json\/wp\/v2\/tags?post=76217"}],"curies":[{"name":"wp","href":"https:\/\/api.w.org\/{rel}","templated":true}]}}