{"id":76222,"date":"2016-12-29T08:41:05","date_gmt":"2016-12-29T11:41:05","guid":{"rendered":"http:\/\/www.eltrabajo.cl\/portal\/?p=76222"},"modified":"2016-12-29T08:41:05","modified_gmt":"2016-12-29T11:41:05","slug":"funcionarios-de-correos-de-chile-premian-con-fiesta-a-la-escuela-san-rafael","status":"publish","type":"post","link":"https:\/\/eltrabajo.cl\/portal\/funcionarios-de-correos-de-chile-premian-con-fiesta-a-la-escuela-san-rafael\/","title":{"rendered":"Funcionarios de Correos de Chile premian con fiesta a la Escuela San Rafael"},"content":{"rendered":"<ul>\n<li><strong>Armaron fiesta de fin de a\u00f1o para todos los peque\u00f1itos:<\/strong><\/li>\n<\/ul>\n<p>Esta semana, los 35 estudiantes que conforman la matr\u00edcula de la Escuela San Rafael, se llevaron la sorpresa del a\u00f1o, esto porque su casa estudiantil fue seleccionada por el personal de Correos Chile filial San Felipe, para recibir una importante cantidad de regalos, los que fueron colectados por estos funcionarios y muchos clientes de esa empresa postal.<\/p>\n<p><strong>LOCURA TOTAL<\/strong><br \/>\nA esta iniciativa, se unieron los intr\u00e9pidos motoqueros de Salamandra Chopper y todo el personal de Centro de Eventos El Fog\u00f3n, de San Rafael, empresa que facilit\u00f3 de manera gratuita sus instalaciones y utensilios de cocina para la gran fiesta que mont\u00f3 toda la comunidad educativa en esa oportunidad.<br \/>\n\u00abFue una jornada muy especial para todos los ni\u00f1os, quiero agradecer al personal de Correos Chile filial San Felipe, por haber premiado a nuestra escuela, tambi\u00e9n doy las gracias a nombre de todos los profesores, a los motoqueros, ellos nos donaron la torta y tambi\u00e9n se involucraron en las actividades de servir, alegrar a los ni\u00f1os y hasta montar en sus motos a los estudiantes y apoderados, fue una alegre locura este regalo de Navidad y fin de a\u00f1o\u00bb, coment\u00f3 a Diario El Trabajo la profesora Ang\u00e9lica V\u00e1squez, del equipo coordinador de esta actividad.<br \/>\nLa Escuela San Rafael es una de las casas estudiantiles municipalizadas que recientemente estren\u00f3 su patio-cancha escolar; recibieron pelotas para jugar y tambi\u00e9n aument\u00f3 su matr\u00edcula para 2017.<br \/>\n<strong>Roberto Gonz\u00e1lez Short<\/strong><\/p>\n<figure id=\"attachment_76223\" aria-describedby=\"caption-attachment-76223\" style=\"width: 530px\" class=\"wp-caption alignleft\"><a href=\"http:\/\/www.eltrabajo.cl\/portal\/funcionarios-de-correos-de-chile-premian-con-fiesta-a-la-escuela-san-rafael\/adriana-guzman\/\" rel=\"attachment wp-att-76223\"><img data-recalc-dims=\"1\" loading=\"lazy\" decoding=\"async\" class=\"size-full wp-image-76223\" src=\"https:\/\/i0.wp.com\/www.eltrabajo.cl\/portal\/wp-content\/uploads\/2016\/12\/Adriana-Guzman.jpg?resize=530%2C349\" alt=\"NUESTRA MOTOQUERA.- La apoderada Adriana Guzm\u00e1n, se llev\u00f3 un buen susto, pues dio un paseo con este imponente motoqueros.\" width=\"530\" height=\"349\" srcset=\"https:\/\/i0.wp.com\/eltrabajo.cl\/portal\/wp-content\/uploads\/2016\/12\/Adriana-Guzman.jpg?w=530&amp;ssl=1 530w, https:\/\/i0.wp.com\/eltrabajo.cl\/portal\/wp-content\/uploads\/2016\/12\/Adriana-Guzman.jpg?resize=200%2C132&amp;ssl=1 200w, https:\/\/i0.wp.com\/eltrabajo.cl\/portal\/wp-content\/uploads\/2016\/12\/Adriana-Guzman.jpg?resize=300%2C198&amp;ssl=1 300w, https:\/\/i0.wp.com\/eltrabajo.cl\/portal\/wp-content\/uploads\/2016\/12\/Adriana-Guzman.jpg?resize=228%2C150&amp;ssl=1 228w, https:\/\/i0.wp.com\/eltrabajo.cl\/portal\/wp-content\/uploads\/2016\/12\/Adriana-Guzman.jpg?resize=400%2C263&amp;ssl=1 400w\" sizes=\"auto, (max-width: 530px) 100vw, 530px\" \/><\/a><figcaption id=\"caption-attachment-76223\" class=\"wp-caption-text\">NUESTRA MOTOQUERA.- La apoderada Adriana Guzm\u00e1n, se llev\u00f3 un buen susto, pues dio un paseo con este imponente motoqueros.<\/figcaption><\/figure>\n<figure id=\"attachment_76224\" aria-describedby=\"caption-attachment-76224\" style=\"width: 530px\" class=\"wp-caption alignleft\"><a href=\"http:\/\/www.eltrabajo.cl\/portal\/funcionarios-de-correos-de-chile-premian-con-fiesta-a-la-escuela-san-rafael\/angelica-vasquez\/\" rel=\"attachment wp-att-76224\"><img data-recalc-dims=\"1\" loading=\"lazy\" decoding=\"async\" class=\"size-full wp-image-76224\" src=\"https:\/\/i0.wp.com\/www.eltrabajo.cl\/portal\/wp-content\/uploads\/2016\/12\/Angelica-Vasquez.jpg?resize=530%2C348\" alt=\"Profesora Ang\u00e9lica V\u00e1squez, del equipo coordinador de esta actividad.\" width=\"530\" height=\"348\" srcset=\"https:\/\/i0.wp.com\/eltrabajo.cl\/portal\/wp-content\/uploads\/2016\/12\/Angelica-Vasquez.jpg?w=530&amp;ssl=1 530w, https:\/\/i0.wp.com\/eltrabajo.cl\/portal\/wp-content\/uploads\/2016\/12\/Angelica-Vasquez.jpg?resize=200%2C131&amp;ssl=1 200w, https:\/\/i0.wp.com\/eltrabajo.cl\/portal\/wp-content\/uploads\/2016\/12\/Angelica-Vasquez.jpg?resize=300%2C197&amp;ssl=1 300w, https:\/\/i0.wp.com\/eltrabajo.cl\/portal\/wp-content\/uploads\/2016\/12\/Angelica-Vasquez.jpg?resize=228%2C150&amp;ssl=1 228w, https:\/\/i0.wp.com\/eltrabajo.cl\/portal\/wp-content\/uploads\/2016\/12\/Angelica-Vasquez.jpg?resize=400%2C263&amp;ssl=1 400w\" sizes=\"auto, (max-width: 530px) 100vw, 530px\" \/><\/a><figcaption id=\"caption-attachment-76224\" class=\"wp-caption-text\">Profesora Ang\u00e9lica V\u00e1squez, del equipo coordinador de esta actividad.<\/figcaption><\/figure>\n<figure id=\"attachment_76225\" aria-describedby=\"caption-attachment-76225\" style=\"width: 530px\" class=\"wp-caption alignleft\"><a href=\"http:\/\/www.eltrabajo.cl\/portal\/funcionarios-de-correos-de-chile-premian-con-fiesta-a-la-escuela-san-rafael\/francisco-escobar\/\" rel=\"attachment wp-att-76225\"><img data-recalc-dims=\"1\" loading=\"lazy\" decoding=\"async\" class=\"size-full wp-image-76225\" src=\"https:\/\/i0.wp.com\/www.eltrabajo.cl\/portal\/wp-content\/uploads\/2016\/12\/Francisco-Escobar.jpg?resize=530%2C348\" alt=\"Francisco Escobar: \u00abA m\u00ed me regalaron lo que ped\u00ed, no me esperaba esta fiesta, dan ganas de seguir estudiando y esforz\u00e1ndome en mis estudios\u00bb.\" width=\"530\" height=\"348\" srcset=\"https:\/\/i0.wp.com\/eltrabajo.cl\/portal\/wp-content\/uploads\/2016\/12\/Francisco-Escobar.jpg?w=530&amp;ssl=1 530w, https:\/\/i0.wp.com\/eltrabajo.cl\/portal\/wp-content\/uploads\/2016\/12\/Francisco-Escobar.jpg?resize=200%2C131&amp;ssl=1 200w, https:\/\/i0.wp.com\/eltrabajo.cl\/portal\/wp-content\/uploads\/2016\/12\/Francisco-Escobar.jpg?resize=300%2C197&amp;ssl=1 300w, https:\/\/i0.wp.com\/eltrabajo.cl\/portal\/wp-content\/uploads\/2016\/12\/Francisco-Escobar.jpg?resize=228%2C150&amp;ssl=1 228w, https:\/\/i0.wp.com\/eltrabajo.cl\/portal\/wp-content\/uploads\/2016\/12\/Francisco-Escobar.jpg?resize=400%2C263&amp;ssl=1 400w\" sizes=\"auto, (max-width: 530px) 100vw, 530px\" \/><\/a><figcaption id=\"caption-attachment-76225\" class=\"wp-caption-text\">Francisco Escobar: \u00abA m\u00ed me regalaron lo que ped\u00ed, no me esperaba esta fiesta, dan ganas de seguir estudiando y esforz\u00e1ndome en mis estudios\u00bb.<\/figcaption><\/figure>\n<figure id=\"attachment_76226\" aria-describedby=\"caption-attachment-76226\" style=\"width: 530px\" class=\"wp-caption alignleft\"><a href=\"http:\/\/www.eltrabajo.cl\/portal\/funcionarios-de-correos-de-chile-premian-con-fiesta-a-la-escuela-san-rafael\/frescura33\/\" rel=\"attachment wp-att-76226\"><img data-recalc-dims=\"1\" loading=\"lazy\" decoding=\"async\" class=\"size-full wp-image-76226\" src=\"https:\/\/i0.wp.com\/www.eltrabajo.cl\/portal\/wp-content\/uploads\/2016\/12\/Frescura33.jpg?resize=530%2C348\" alt=\"REFRESCANTE FIN DE A\u00d1O.- Estos ni\u00f1os en verdad que lo pasaron bien durante la fiesta a ellos ofrecida.\" width=\"530\" height=\"348\" srcset=\"https:\/\/i0.wp.com\/eltrabajo.cl\/portal\/wp-content\/uploads\/2016\/12\/Frescura33.jpg?w=530&amp;ssl=1 530w, https:\/\/i0.wp.com\/eltrabajo.cl\/portal\/wp-content\/uploads\/2016\/12\/Frescura33.jpg?resize=200%2C131&amp;ssl=1 200w, https:\/\/i0.wp.com\/eltrabajo.cl\/portal\/wp-content\/uploads\/2016\/12\/Frescura33.jpg?resize=300%2C197&amp;ssl=1 300w, https:\/\/i0.wp.com\/eltrabajo.cl\/portal\/wp-content\/uploads\/2016\/12\/Frescura33.jpg?resize=228%2C150&amp;ssl=1 228w, https:\/\/i0.wp.com\/eltrabajo.cl\/portal\/wp-content\/uploads\/2016\/12\/Frescura33.jpg?resize=400%2C263&amp;ssl=1 400w\" sizes=\"auto, (max-width: 530px) 100vw, 530px\" \/><\/a><figcaption id=\"caption-attachment-76226\" class=\"wp-caption-text\">REFRESCANTE FIN DE A\u00d1O.- Estos ni\u00f1os en verdad que lo pasaron bien durante la fiesta a ellos ofrecida.<\/figcaption><\/figure>\n<figure id=\"attachment_76227\" aria-describedby=\"caption-attachment-76227\" style=\"width: 530px\" class=\"wp-caption alignleft\"><a href=\"http:\/\/www.eltrabajo.cl\/portal\/funcionarios-de-correos-de-chile-premian-con-fiesta-a-la-escuela-san-rafael\/marcia-orellana\/\" rel=\"attachment wp-att-76227\"><img data-recalc-dims=\"1\" loading=\"lazy\" decoding=\"async\" class=\"size-full wp-image-76227\" src=\"https:\/\/i0.wp.com\/www.eltrabajo.cl\/portal\/wp-content\/uploads\/2016\/12\/Marcia-Orellana.jpg?resize=530%2C348\" alt=\"Marcia Orellana, directora de Correos Chile San Felipe, y gestora de esta iniciativa.\" width=\"530\" height=\"348\" srcset=\"https:\/\/i0.wp.com\/eltrabajo.cl\/portal\/wp-content\/uploads\/2016\/12\/Marcia-Orellana.jpg?w=530&amp;ssl=1 530w, https:\/\/i0.wp.com\/eltrabajo.cl\/portal\/wp-content\/uploads\/2016\/12\/Marcia-Orellana.jpg?resize=200%2C131&amp;ssl=1 200w, https:\/\/i0.wp.com\/eltrabajo.cl\/portal\/wp-content\/uploads\/2016\/12\/Marcia-Orellana.jpg?resize=300%2C197&amp;ssl=1 300w, https:\/\/i0.wp.com\/eltrabajo.cl\/portal\/wp-content\/uploads\/2016\/12\/Marcia-Orellana.jpg?resize=228%2C150&amp;ssl=1 228w, https:\/\/i0.wp.com\/eltrabajo.cl\/portal\/wp-content\/uploads\/2016\/12\/Marcia-Orellana.jpg?resize=400%2C263&amp;ssl=1 400w\" sizes=\"auto, (max-width: 530px) 100vw, 530px\" \/><\/a><figcaption id=\"caption-attachment-76227\" class=\"wp-caption-text\">Marcia Orellana, directora de Correos Chile San Felipe, y gestora de esta iniciativa.<\/figcaption><\/figure>\n<figure id=\"attachment_76228\" aria-describedby=\"caption-attachment-76228\" style=\"width: 530px\" class=\"wp-caption alignleft\"><a href=\"http:\/\/www.eltrabajo.cl\/portal\/funcionarios-de-correos-de-chile-premian-con-fiesta-a-la-escuela-san-rafael\/maria-paz-ordenes\/\" rel=\"attachment wp-att-76228\"><img data-recalc-dims=\"1\" loading=\"lazy\" decoding=\"async\" class=\"size-full wp-image-76228\" src=\"https:\/\/i0.wp.com\/www.eltrabajo.cl\/portal\/wp-content\/uploads\/2016\/12\/Maria-Paz-Ordenes.jpg?resize=530%2C349\" alt=\"Mar\u00eda Paz \u00d3rdenes: \u00abEstoy muy feliz con estos regalos, doy gracias a los se\u00f1ores de Correos Chile, y a quienes donaron estos juguetes\u00bb.\" width=\"530\" height=\"349\" srcset=\"https:\/\/i0.wp.com\/eltrabajo.cl\/portal\/wp-content\/uploads\/2016\/12\/Maria-Paz-Ordenes.jpg?w=530&amp;ssl=1 530w, https:\/\/i0.wp.com\/eltrabajo.cl\/portal\/wp-content\/uploads\/2016\/12\/Maria-Paz-Ordenes.jpg?resize=200%2C132&amp;ssl=1 200w, https:\/\/i0.wp.com\/eltrabajo.cl\/portal\/wp-content\/uploads\/2016\/12\/Maria-Paz-Ordenes.jpg?resize=300%2C198&amp;ssl=1 300w, https:\/\/i0.wp.com\/eltrabajo.cl\/portal\/wp-content\/uploads\/2016\/12\/Maria-Paz-Ordenes.jpg?resize=228%2C150&amp;ssl=1 228w, https:\/\/i0.wp.com\/eltrabajo.cl\/portal\/wp-content\/uploads\/2016\/12\/Maria-Paz-Ordenes.jpg?resize=400%2C263&amp;ssl=1 400w\" sizes=\"auto, (max-width: 530px) 100vw, 530px\" \/><\/a><figcaption id=\"caption-attachment-76228\" class=\"wp-caption-text\">Mar\u00eda Paz \u00d3rdenes: \u00abEstoy muy feliz con estos regalos, doy gracias a los se\u00f1ores de Correos Chile, y a quienes donaron estos juguetes\u00bb.<\/figcaption><\/figure>\n<figure id=\"attachment_76229\" aria-describedby=\"caption-attachment-76229\" style=\"width: 530px\" class=\"wp-caption alignleft\"><a href=\"http:\/\/www.eltrabajo.cl\/portal\/funcionarios-de-correos-de-chile-premian-con-fiesta-a-la-escuela-san-rafael\/martina-vargas\/\" rel=\"attachment wp-att-76229\"><img data-recalc-dims=\"1\" loading=\"lazy\" decoding=\"async\" class=\"size-full wp-image-76229\" src=\"https:\/\/i0.wp.com\/www.eltrabajo.cl\/portal\/wp-content\/uploads\/2016\/12\/Martina-Vargas.jpg?resize=530%2C350\" alt=\"NACI\u00d3 PARA CORRER.- La peque\u00f1a Martina Vargas, disfrut\u00f3 mucho del paseo en motocicleta, gracias a este club de motoqueros de Aconcagua.\" width=\"530\" height=\"350\" srcset=\"https:\/\/i0.wp.com\/eltrabajo.cl\/portal\/wp-content\/uploads\/2016\/12\/Martina-Vargas.jpg?w=530&amp;ssl=1 530w, https:\/\/i0.wp.com\/eltrabajo.cl\/portal\/wp-content\/uploads\/2016\/12\/Martina-Vargas.jpg?resize=200%2C132&amp;ssl=1 200w, https:\/\/i0.wp.com\/eltrabajo.cl\/portal\/wp-content\/uploads\/2016\/12\/Martina-Vargas.jpg?resize=300%2C198&amp;ssl=1 300w, https:\/\/i0.wp.com\/eltrabajo.cl\/portal\/wp-content\/uploads\/2016\/12\/Martina-Vargas.jpg?resize=227%2C150&amp;ssl=1 227w, https:\/\/i0.wp.com\/eltrabajo.cl\/portal\/wp-content\/uploads\/2016\/12\/Martina-Vargas.jpg?resize=400%2C264&amp;ssl=1 400w\" sizes=\"auto, (max-width: 530px) 100vw, 530px\" \/><\/a><figcaption id=\"caption-attachment-76229\" class=\"wp-caption-text\">NACI\u00d3 PARA CORRER.- La peque\u00f1a Martina Vargas, disfrut\u00f3 mucho del paseo en motocicleta, gracias a este club de motoqueros de Aconcagua.<\/figcaption><\/figure>\n<figure id=\"attachment_76230\" aria-describedby=\"caption-attachment-76230\" style=\"width: 530px\" class=\"wp-caption alignleft\"><a href=\"http:\/\/www.eltrabajo.cl\/portal\/funcionarios-de-correos-de-chile-premian-con-fiesta-a-la-escuela-san-rafael\/regalos33\/\" rel=\"attachment wp-att-76230\"><img data-recalc-dims=\"1\" loading=\"lazy\" decoding=\"async\" class=\"size-full wp-image-76230\" src=\"https:\/\/i0.wp.com\/www.eltrabajo.cl\/portal\/wp-content\/uploads\/2016\/12\/Regalos33.jpg?resize=530%2C349\" alt=\"MUCHOS REGALOS.- Eran enormes las bolsas de regalos que los empleados de Correos Chile, de San Felipe, entregaron a los estudiantes de la Escuela San Rafael, durante esta semana.\" width=\"530\" height=\"349\" srcset=\"https:\/\/i0.wp.com\/eltrabajo.cl\/portal\/wp-content\/uploads\/2016\/12\/Regalos33.jpg?w=530&amp;ssl=1 530w, https:\/\/i0.wp.com\/eltrabajo.cl\/portal\/wp-content\/uploads\/2016\/12\/Regalos33.jpg?resize=200%2C132&amp;ssl=1 200w, https:\/\/i0.wp.com\/eltrabajo.cl\/portal\/wp-content\/uploads\/2016\/12\/Regalos33.jpg?resize=300%2C198&amp;ssl=1 300w, https:\/\/i0.wp.com\/eltrabajo.cl\/portal\/wp-content\/uploads\/2016\/12\/Regalos33.jpg?resize=228%2C150&amp;ssl=1 228w, https:\/\/i0.wp.com\/eltrabajo.cl\/portal\/wp-content\/uploads\/2016\/12\/Regalos33.jpg?resize=400%2C263&amp;ssl=1 400w\" sizes=\"auto, (max-width: 530px) 100vw, 530px\" \/><\/a><figcaption id=\"caption-attachment-76230\" class=\"wp-caption-text\">MUCHOS REGALOS.- Eran enormes las bolsas de regalos que los empleados de Correos Chile, de San Felipe, entregaron a los estudiantes de la Escuela San Rafael, durante esta semana.<\/figcaption><\/figure>\n<figure id=\"attachment_76231\" aria-describedby=\"caption-attachment-76231\" style=\"width: 530px\" class=\"wp-caption alignleft\"><a href=\"http:\/\/www.eltrabajo.cl\/portal\/funcionarios-de-correos-de-chile-premian-con-fiesta-a-la-escuela-san-rafael\/volando33\/\" rel=\"attachment wp-att-76231\"><img data-recalc-dims=\"1\" loading=\"lazy\" decoding=\"async\" class=\"size-full wp-image-76231\" src=\"https:\/\/i0.wp.com\/www.eltrabajo.cl\/portal\/wp-content\/uploads\/2016\/12\/Volando33.jpg?resize=530%2C348\" alt=\"DE LOCOS.- Las c\u00e1maras de Diario El Trabajo pillaron a Jean Pier y V\u00edctor del Valle, cuando volaban por los aires sobre esta refrescante piscina.\" width=\"530\" height=\"348\" srcset=\"https:\/\/i0.wp.com\/eltrabajo.cl\/portal\/wp-content\/uploads\/2016\/12\/Volando33.jpg?w=530&amp;ssl=1 530w, https:\/\/i0.wp.com\/eltrabajo.cl\/portal\/wp-content\/uploads\/2016\/12\/Volando33.jpg?resize=200%2C131&amp;ssl=1 200w, https:\/\/i0.wp.com\/eltrabajo.cl\/portal\/wp-content\/uploads\/2016\/12\/Volando33.jpg?resize=300%2C197&amp;ssl=1 300w, https:\/\/i0.wp.com\/eltrabajo.cl\/portal\/wp-content\/uploads\/2016\/12\/Volando33.jpg?resize=228%2C150&amp;ssl=1 228w, https:\/\/i0.wp.com\/eltrabajo.cl\/portal\/wp-content\/uploads\/2016\/12\/Volando33.jpg?resize=400%2C263&amp;ssl=1 400w\" sizes=\"auto, (max-width: 530px) 100vw, 530px\" \/><\/a><figcaption id=\"caption-attachment-76231\" class=\"wp-caption-text\">DE LOCOS.- Las c\u00e1maras de Diario El Trabajo pillaron a Jean Pier y V\u00edctor del Valle, cuando volaban por los aires sobre esta refrescante piscina.<\/figcaption><\/figure>\n","protected":false},"excerpt":{"rendered":"<p>Armaron fiesta de fin de a\u00f1o para todos los peque\u00f1itos: Esta semana, los 35 estudiantes que conforman la matr\u00edcula de la Escuela San Rafael, se llevaron la sorpresa del a\u00f1o, esto porque&#8230;<\/p>\n","protected":false},"author":1,"featured_media":76226,"comment_status":"open","ping_status":"open","sticky":false,"template":"","format":"standard","meta":{"advanced_seo_description":"","jetpack_seo_html_title":"","jetpack_seo_noindex":false,"_jetpack_memberships_contains_paid_content":false,"footnotes":""},"categories":[15],"tags":[],"class_list":["post-76222","post","type-post","status-publish","format-standard","has-post-thumbnail","hentry","category-comunidad"],"jetpack_featured_media_url":"https:\/\/i0.wp.com\/eltrabajo.cl\/portal\/wp-content\/uploads\/2016\/12\/Frescura33.jpg?fit=530%2C348&ssl=1","jetpack_sharing_enabled":true,"jetpack_likes_enabled":true,"jetpack-related-posts":[],"_links":{"self":[{"href":"https:\/\/eltrabajo.cl\/portal\/wp-json\/wp\/v2\/posts\/76222","targetHints":{"allow":["GET"]}}],"collection":[{"href":"https:\/\/eltrabajo.cl\/portal\/wp-json\/wp\/v2\/posts"}],"about":[{"href":"https:\/\/eltrabajo.cl\/portal\/wp-json\/wp\/v2\/types\/post"}],"author":[{"embeddable":true,"href":"https:\/\/eltrabajo.cl\/portal\/wp-json\/wp\/v2\/users\/1"}],"replies":[{"embeddable":true,"href":"https:\/\/eltrabajo.cl\/portal\/wp-json\/wp\/v2\/comments?post=76222"}],"version-history":[{"count":0,"href":"https:\/\/eltrabajo.cl\/portal\/wp-json\/wp\/v2\/posts\/76222\/revisions"}],"wp:featuredmedia":[{"embeddable":true,"href":"https:\/\/eltrabajo.cl\/portal\/wp-json\/wp\/v2\/media\/76226"}],"wp:attachment":[{"href":"https:\/\/eltrabajo.cl\/portal\/wp-json\/wp\/v2\/media?parent=76222"}],"wp:term":[{"taxonomy":"category","embeddable":true,"href":"https:\/\/eltrabajo.cl\/portal\/wp-json\/wp\/v2\/categories?post=76222"},{"taxonomy":"post_tag","embeddable":true,"href":"https:\/\/eltrabajo.cl\/portal\/wp-json\/wp\/v2\/tags?post=76222"}],"curies":[{"name":"wp","href":"https:\/\/api.w.org\/{rel}","templated":true}]}}