{"id":76243,"date":"2016-12-29T08:49:48","date_gmt":"2016-12-29T11:49:48","guid":{"rendered":"http:\/\/www.eltrabajo.cl\/portal\/?p=76243"},"modified":"2016-12-29T08:49:48","modified_gmt":"2016-12-29T11:49:48","slug":"derrumbe-en-minera-la-patricia-de-catemu-causa-cierre-indefinido-de-faena","status":"publish","type":"post","link":"https:\/\/eltrabajo.cl\/portal\/derrumbe-en-minera-la-patricia-de-catemu-causa-cierre-indefinido-de-faena\/","title":{"rendered":"Derrumbe en Minera \u2018La Patricia\u2019 de Catemu causa cierre indefinido de faena"},"content":{"rendered":"<ul>\n<li><strong>No hubo heridos pero deslizamiento de terreno afect\u00f3 un \u00e1rea de casi 20 mil metros cuadrados:<\/strong><\/li>\n<\/ul>\n<p>Luego del incidente ocurrido el pasado 23 de diciembre, esta semana, Sernageomin decidi\u00f3 suspender los trabajos hasta que la empresa presente el informe de un profesional que garantice la absoluta seguridad de las labores en la mina.<br \/>\nSin v\u00edctimas que lamentar, pero dejando una enorme incertidumbre en los trabajadores de la minera \u2018La Patricia\u2019, el deslizamiento de terreno ocurrido el pasado viernes 23 de diciembre, provoc\u00f3 que el Servicio Nacional de Geolog\u00eda y Miner\u00eda, Sernageomin, determinara el cierre de la faena, debido al riesgo inminente que implica el actual estado del \u00e1rea afectada por el derrumbe.<\/p>\n<figure id=\"attachment_76244\" aria-describedby=\"caption-attachment-76244\" style=\"width: 300px\" class=\"wp-caption alignleft\"><a href=\"http:\/\/www.eltrabajo.cl\/portal\/derrumbe-en-minera-la-patricia-de-catemu-causa-cierre-indefinido-de-faena\/foto-1-seremi-de-mineria-valpo-alonso-retamales\/\" rel=\"attachment wp-att-76244\"><img data-recalc-dims=\"1\" loading=\"lazy\" decoding=\"async\" class=\"size-medium wp-image-76244\" src=\"https:\/\/i0.wp.com\/www.eltrabajo.cl\/portal\/wp-content\/uploads\/2016\/12\/Foto-1-Seremi-de-Mineria-Valpo-Alonso-Retamales-300x197.jpg?resize=300%2C197\" alt=\"Seremi de Miner\u00eda Valpara\u00edso, Alonso Retamales.\" width=\"300\" height=\"197\" srcset=\"https:\/\/i0.wp.com\/eltrabajo.cl\/portal\/wp-content\/uploads\/2016\/12\/Foto-1-Seremi-de-Mineria-Valpo-Alonso-Retamales.jpg?resize=300%2C197&amp;ssl=1 300w, https:\/\/i0.wp.com\/eltrabajo.cl\/portal\/wp-content\/uploads\/2016\/12\/Foto-1-Seremi-de-Mineria-Valpo-Alonso-Retamales.jpg?resize=200%2C131&amp;ssl=1 200w, https:\/\/i0.wp.com\/eltrabajo.cl\/portal\/wp-content\/uploads\/2016\/12\/Foto-1-Seremi-de-Mineria-Valpo-Alonso-Retamales.jpg?resize=228%2C150&amp;ssl=1 228w, https:\/\/i0.wp.com\/eltrabajo.cl\/portal\/wp-content\/uploads\/2016\/12\/Foto-1-Seremi-de-Mineria-Valpo-Alonso-Retamales.jpg?resize=400%2C263&amp;ssl=1 400w, https:\/\/i0.wp.com\/eltrabajo.cl\/portal\/wp-content\/uploads\/2016\/12\/Foto-1-Seremi-de-Mineria-Valpo-Alonso-Retamales.jpg?w=530&amp;ssl=1 530w\" sizes=\"auto, (max-width: 300px) 100vw, 300px\" \/><\/a><figcaption id=\"caption-attachment-76244\" class=\"wp-caption-text\">Seremi de Miner\u00eda Valpara\u00edso, Alonso Retamales.<\/figcaption><\/figure>\n<p>Seg\u00fan relat\u00f3 el seremi de Miner\u00eda de la Regi\u00f3n de Valpara\u00edso, Alonso Retamales, ese d\u00eda, producto de la celebraci\u00f3n de la fiesta de navidad las faenas se cerraron, por lo tanto, \u201cno hubo ning\u00fan riesgo para las personas\u201d, afirm\u00f3, a\u00f1adiendo que \u201cel mismo personal cuando vieron que se estaba produciendo cierto movimiento, sacaron toda la maquinaria y no hubo ning\u00fan riesgo dentro de las faenas\u201d, asever\u00f3 Retamales.<br \/>\nEste lunes, personal del Sernageomin, visit\u00f3 el lugary tras la fiscalizaci\u00f3n, determin\u00f3 suspender todo tipo de trabajos, puesto que,- de acuerdo a lo informado por Rodrigo Cort\u00e9s, director Regional (S) de esta entidad-, el derrumbe aflor\u00f3 a superficie y afect\u00f3 un \u00e1rea aproximada de 20 mil metros cuadrados, vi\u00e9ndose da\u00f1adas las labores de acceso, ventilaci\u00f3n y salidas de emergencia de la mina. Adem\u00e1s,el colapso da\u00f1\u00f3 tambi\u00e9n el camino de transporte de mineral hacia la Planta Amalia, hecho que provoc\u00f3 la suspensi\u00f3n del tr\u00e1nsito por dicha v\u00eda.<br \/>\n\u201cPor lo anterior, se suspendi\u00f3 todo tipo de trabajos mineros en la faena, hasta que la empresa presente un informe, elaborado por un profesional competente, en que se describan los trabajos a realizar y las medidas de control correspondientes que permitan reanudar los trabajos en forma segura\u201d, explic\u00f3 Cort\u00e9s.<br \/>\nPor \u00faltimo, el profesional advirti\u00f3 que \u201cse le solicit\u00f3 a la empresa un informe de investigaci\u00f3n en que se determinen las causas del colapso, el cual, debe presentar de acuerdo a lo establecido en el Reglamento de Seguridad Minera, a m\u00e1s tardar en 15 d\u00edas de ocurrido el evento. Cabe considerar, que cuando ocurri\u00f3 el colapso, no se encontraba personal al interior de la mina ni hubo personal expuesto, ya que las labores se encontraban detenidas por parte de la compa\u00f1\u00eda\u201d, detall\u00f3 el jefe de Seguridad Minera de Sernageomin Regi\u00f3n de Valpara\u00edso.<br \/>\nA su vez, el seremi de Miner\u00eda Alonso Retamales, asegur\u00f3 que este incidente no revisti\u00f3 ning\u00fan peligro para las comunidades aleda\u00f1as a esta faena minera, por lo que llam\u00f3 a la calma a la poblaci\u00f3n.<\/p>\n<figure id=\"attachment_76245\" aria-describedby=\"caption-attachment-76245\" style=\"width: 530px\" class=\"wp-caption alignleft\"><a href=\"http:\/\/www.eltrabajo.cl\/portal\/derrumbe-en-minera-la-patricia-de-catemu-causa-cierre-indefinido-de-faena\/foto-2-sernageomin-paralizo\/\" rel=\"attachment wp-att-76245\"><img data-recalc-dims=\"1\" loading=\"lazy\" decoding=\"async\" class=\"size-full wp-image-76245\" src=\"https:\/\/i0.wp.com\/www.eltrabajo.cl\/portal\/wp-content\/uploads\/2016\/12\/Foto-2-Sernageomin-paralizo.jpg?resize=530%2C350\" alt=\"Sernageomin paraliz\u00f3 faena \u2018La Patricia\u2019 de Catemu luego de deslizamiento de terreno que afect\u00f3 un \u00e1rea aproximada de 20 mil metros cuadrados.\" width=\"530\" height=\"350\" srcset=\"https:\/\/i0.wp.com\/eltrabajo.cl\/portal\/wp-content\/uploads\/2016\/12\/Foto-2-Sernageomin-paralizo.jpg?w=530&amp;ssl=1 530w, https:\/\/i0.wp.com\/eltrabajo.cl\/portal\/wp-content\/uploads\/2016\/12\/Foto-2-Sernageomin-paralizo.jpg?resize=200%2C132&amp;ssl=1 200w, https:\/\/i0.wp.com\/eltrabajo.cl\/portal\/wp-content\/uploads\/2016\/12\/Foto-2-Sernageomin-paralizo.jpg?resize=300%2C198&amp;ssl=1 300w, https:\/\/i0.wp.com\/eltrabajo.cl\/portal\/wp-content\/uploads\/2016\/12\/Foto-2-Sernageomin-paralizo.jpg?resize=227%2C150&amp;ssl=1 227w, https:\/\/i0.wp.com\/eltrabajo.cl\/portal\/wp-content\/uploads\/2016\/12\/Foto-2-Sernageomin-paralizo.jpg?resize=400%2C264&amp;ssl=1 400w\" sizes=\"auto, (max-width: 530px) 100vw, 530px\" \/><\/a><figcaption id=\"caption-attachment-76245\" class=\"wp-caption-text\">Sernageomin paraliz\u00f3 faena \u2018La Patricia\u2019 de Catemu luego de deslizamiento de terreno que afect\u00f3 un \u00e1rea aproximada de 20 mil metros cuadrados.<\/figcaption><\/figure>\n","protected":false},"excerpt":{"rendered":"<p>No hubo heridos pero deslizamiento de terreno afect\u00f3 un \u00e1rea de casi 20 mil metros cuadrados: Luego del incidente ocurrido el pasado 23 de diciembre, esta semana, Sernageomin decidi\u00f3 suspender los trabajos&#8230;<\/p>\n","protected":false},"author":1,"featured_media":76245,"comment_status":"open","ping_status":"open","sticky":false,"template":"","format":"standard","meta":{"advanced_seo_description":"","jetpack_seo_html_title":"","jetpack_seo_noindex":false,"_jetpack_memberships_contains_paid_content":false,"footnotes":""},"categories":[1],"tags":[],"class_list":["post-76243","post","type-post","status-publish","format-standard","has-post-thumbnail","hentry","category-cronica"],"jetpack_featured_media_url":"https:\/\/i0.wp.com\/eltrabajo.cl\/portal\/wp-content\/uploads\/2016\/12\/Foto-2-Sernageomin-paralizo.jpg?fit=530%2C350&ssl=1","jetpack_sharing_enabled":true,"jetpack_likes_enabled":true,"jetpack-related-posts":[],"_links":{"self":[{"href":"https:\/\/eltrabajo.cl\/portal\/wp-json\/wp\/v2\/posts\/76243","targetHints":{"allow":["GET"]}}],"collection":[{"href":"https:\/\/eltrabajo.cl\/portal\/wp-json\/wp\/v2\/posts"}],"about":[{"href":"https:\/\/eltrabajo.cl\/portal\/wp-json\/wp\/v2\/types\/post"}],"author":[{"embeddable":true,"href":"https:\/\/eltrabajo.cl\/portal\/wp-json\/wp\/v2\/users\/1"}],"replies":[{"embeddable":true,"href":"https:\/\/eltrabajo.cl\/portal\/wp-json\/wp\/v2\/comments?post=76243"}],"version-history":[{"count":0,"href":"https:\/\/eltrabajo.cl\/portal\/wp-json\/wp\/v2\/posts\/76243\/revisions"}],"wp:featuredmedia":[{"embeddable":true,"href":"https:\/\/eltrabajo.cl\/portal\/wp-json\/wp\/v2\/media\/76245"}],"wp:attachment":[{"href":"https:\/\/eltrabajo.cl\/portal\/wp-json\/wp\/v2\/media?parent=76243"}],"wp:term":[{"taxonomy":"category","embeddable":true,"href":"https:\/\/eltrabajo.cl\/portal\/wp-json\/wp\/v2\/categories?post=76243"},{"taxonomy":"post_tag","embeddable":true,"href":"https:\/\/eltrabajo.cl\/portal\/wp-json\/wp\/v2\/tags?post=76243"}],"curies":[{"name":"wp","href":"https:\/\/api.w.org\/{rel}","templated":true}]}}