{"id":76252,"date":"2016-12-30T08:49:16","date_gmt":"2016-12-30T11:49:16","guid":{"rendered":"http:\/\/www.eltrabajo.cl\/portal\/?p=76252"},"modified":"2016-12-30T08:49:16","modified_gmt":"2016-12-30T11:49:16","slug":"consuelo-schuster-el-temucano-y-la-cubanacan-a-festival-de-panquehue","status":"publish","type":"post","link":"https:\/\/eltrabajo.cl\/portal\/consuelo-schuster-el-temucano-y-la-cubanacan-a-festival-de-panquehue\/","title":{"rendered":"Consuelo Schuster, \u2018El Temucano\u2019 y la Cubanacan a Festival de Panquehue"},"content":{"rendered":"<ul>\n<li><strong>Octava versi\u00f3n se realiza el 6 y 7 de enero:<\/strong><\/li>\n<\/ul>\n<p>Con un costo de 45 millones de pesos y la presencia de destacados artistas nacionales como \u2018El Temucano\u2019 Tito Fern\u00e1ndez, Consuelo Schuster y los Kuatreros del Sur, el pr\u00f3ximo fin de semana -viernes 6 y s\u00e1bado 7 de enero- se realizar\u00e1 en el Estadio Los Libertadores de La Pirca el VIII Festival de la Voz de Panquehue.<br \/>\nAs\u00ed lo dio a conocer en conferencia de prensa, el alcalde de Panquehue, Luis Pradenas, quien se mostr\u00f3 feliz de poder llevar a cabo este espect\u00e1culo, que adem\u00e1s, servir\u00e1 para festejar el cumplea\u00f1os 120 de la comuna.<br \/>\n\u201cEl aniversario de Panquehue es el 31 de diciembre, por razones obvias no podemos celebrarlo el mismo d\u00eda, el fin de semana siguiente en enero, desde el a\u00f1o 2009 que estamos con esta actividad, reconociendo a nuestra gente y d\u00e1ndole un espacio de alegr\u00eda y la oportunidad a gente de nuestra comuna\u201d, enfatiz\u00f3 el edil.<br \/>\nSi bien la entrada es gratuita, Pradenas record\u00f3 que cada persona que quiera ingresar a disfrutar del espect\u00e1culo, debe portar la invitaci\u00f3n que el municipio pondr\u00e1 a disposici\u00f3n de los vecinos en la Radio de Panquehue, la Biblioteca, el Cesfam y la misma Municipalidad. \u201cAh\u00ed estar\u00e1n las entradas a disposici\u00f3n de la gente, porque no va a poder entrar ninguna persona que no tenga su invitaci\u00f3n, est\u00e1 todo organizado de esa forma para poder llevar un mayor control\u201d, enfatiz\u00f3 el jefe comunal.<br \/>\nPrecisamente el Festival ser\u00e1 animado por Oscar Tapia, locutor de Radio Panquehue; junto a la cantante nacional Consuelo Schuster, quien se mostr\u00f3 feliz de poder volver a participar de un Festival en el Valle de Aconcagua.<br \/>\n\u201cEstoy s\u00faper contenta porque voy a estar animando por primera vez un festival grande y adem\u00e1s haciendo un show, que espero les guste mucho, lo estamos trabajando con mucho cari\u00f1o, as\u00ed ansiosa de que llegue el d\u00eda para poder conectarme con la gente\u201d, expres\u00f3 la artista, a\u00f1adiendo que \u201cel a\u00f1o pasado estuve en el Festival de Palmenia (Pizarro) y fue una experiencia s\u00faper linda porque fue el primer festival que hac\u00eda con mi m\u00fasica, as\u00ed que tuvo una m\u00edstica muy especial y la gente fue s\u00faper cari\u00f1osa\u201d, sentenci\u00f3 Schuster.<br \/>\nAmbas jornadas del evento, tienen programado su comienzo para las 20.30 horas. La obertura de la primera noche estar\u00e1 a cargo del grupo parroquial \u2018Pangue\u2019 (Folclor), para luego dar paso a la presentaci\u00f3n de Consuelo Schuster, el humor de \u2018El Clavel\u2019 y el artista local Mateo Pichara, dejando el cierre a cargo del reconocido grupo \u2018Los Kuatreros del Sur\u2019.<br \/>\nLa segunda noche (s\u00e1bado 7 de enero), comenzar\u00e1 con la presentaci\u00f3n de Danza Moderna del Colegio Panquehue, para seguir con Tito Fern\u00e1ndez, el humor de \u2018El Huaso Clemente\u2019, el cantante panquehuino Fabi\u00e1n D\u00edaz y el cierre con las cumbias de la Cubanac\u00e1n.<br \/>\nCabe destacar, que en la 1era jornada se presentar\u00e1n 8 canciones en competencia, dejando solamente 4 artistas concursantes para la segunda noche, momento en que se realizar\u00e1 la premiaci\u00f3n del Festival de la Voz de Panquehue, que en su edici\u00f3n VIII, tendr\u00e1 un premio de 500 mil pesos al primer lugar, 300 mil pesos al segundo puesto, 200 mil pesos a la tercera ubicaci\u00f3n y 100 mil pesos para el artista m\u00e1s popular.<\/p>\n<figure id=\"attachment_76253\" aria-describedby=\"caption-attachment-76253\" style=\"width: 530px\" class=\"wp-caption alignleft\"><a href=\"http:\/\/www.eltrabajo.cl\/portal\/consuelo-schuster-el-temucano-y-la-cubanacan-a-festival-de-panquehue\/consuelo-schuster-a-la-derecha-y-oscar-tapia-alcalde-de-panquehue-luis-pradenas\/\" rel=\"attachment wp-att-76253\"><img data-recalc-dims=\"1\" loading=\"lazy\" decoding=\"async\" class=\"size-full wp-image-76253\" src=\"https:\/\/i0.wp.com\/www.eltrabajo.cl\/portal\/wp-content\/uploads\/2016\/12\/Consuelo-Schuster-a-la-derecha-y-Oscar-Tapia.-Alcalde-de-Panquehue-Luis-Pradenas.jpg?resize=530%2C349\" alt=\"Acompa\u00f1ado de los animadores del evento: Consuelo Schuster (a la derecha) y Oscar Tapia. el Alcalde Luis Pradenas dio a conocer la parrilla art\u00edstica del VIII Festival de la Voz de Panquehue.\" width=\"530\" height=\"349\" srcset=\"https:\/\/i0.wp.com\/eltrabajo.cl\/portal\/wp-content\/uploads\/2016\/12\/Consuelo-Schuster-a-la-derecha-y-Oscar-Tapia.-Alcalde-de-Panquehue-Luis-Pradenas.jpg?w=530&amp;ssl=1 530w, https:\/\/i0.wp.com\/eltrabajo.cl\/portal\/wp-content\/uploads\/2016\/12\/Consuelo-Schuster-a-la-derecha-y-Oscar-Tapia.-Alcalde-de-Panquehue-Luis-Pradenas.jpg?resize=200%2C132&amp;ssl=1 200w, https:\/\/i0.wp.com\/eltrabajo.cl\/portal\/wp-content\/uploads\/2016\/12\/Consuelo-Schuster-a-la-derecha-y-Oscar-Tapia.-Alcalde-de-Panquehue-Luis-Pradenas.jpg?resize=300%2C198&amp;ssl=1 300w, https:\/\/i0.wp.com\/eltrabajo.cl\/portal\/wp-content\/uploads\/2016\/12\/Consuelo-Schuster-a-la-derecha-y-Oscar-Tapia.-Alcalde-de-Panquehue-Luis-Pradenas.jpg?resize=228%2C150&amp;ssl=1 228w, https:\/\/i0.wp.com\/eltrabajo.cl\/portal\/wp-content\/uploads\/2016\/12\/Consuelo-Schuster-a-la-derecha-y-Oscar-Tapia.-Alcalde-de-Panquehue-Luis-Pradenas.jpg?resize=400%2C263&amp;ssl=1 400w\" sizes=\"auto, (max-width: 530px) 100vw, 530px\" \/><\/a><figcaption id=\"caption-attachment-76253\" class=\"wp-caption-text\">Acompa\u00f1ado de los animadores del evento: Consuelo Schuster (a la derecha) y Oscar Tapia. el Alcalde Luis Pradenas dio a conocer la parrilla art\u00edstica del VIII Festival de la Voz de Panquehue.<\/figcaption><\/figure>\n","protected":false},"excerpt":{"rendered":"<p>Octava versi\u00f3n se realiza el 6 y 7 de enero: Con un costo de 45 millones de pesos y la presencia de destacados artistas nacionales como \u2018El Temucano\u2019 Tito Fern\u00e1ndez, Consuelo Schuster&#8230;<\/p>\n","protected":false},"author":1,"featured_media":76253,"comment_status":"open","ping_status":"open","sticky":false,"template":"","format":"standard","meta":{"advanced_seo_description":"","jetpack_seo_html_title":"","jetpack_seo_noindex":false,"_jetpack_memberships_contains_paid_content":false,"footnotes":""},"categories":[1],"tags":[],"class_list":["post-76252","post","type-post","status-publish","format-standard","has-post-thumbnail","hentry","category-cronica"],"jetpack_featured_media_url":"https:\/\/i0.wp.com\/eltrabajo.cl\/portal\/wp-content\/uploads\/2016\/12\/Consuelo-Schuster-a-la-derecha-y-Oscar-Tapia.-Alcalde-de-Panquehue-Luis-Pradenas.jpg?fit=530%2C349&ssl=1","jetpack_sharing_enabled":true,"jetpack_likes_enabled":true,"jetpack-related-posts":[],"_links":{"self":[{"href":"https:\/\/eltrabajo.cl\/portal\/wp-json\/wp\/v2\/posts\/76252","targetHints":{"allow":["GET"]}}],"collection":[{"href":"https:\/\/eltrabajo.cl\/portal\/wp-json\/wp\/v2\/posts"}],"about":[{"href":"https:\/\/eltrabajo.cl\/portal\/wp-json\/wp\/v2\/types\/post"}],"author":[{"embeddable":true,"href":"https:\/\/eltrabajo.cl\/portal\/wp-json\/wp\/v2\/users\/1"}],"replies":[{"embeddable":true,"href":"https:\/\/eltrabajo.cl\/portal\/wp-json\/wp\/v2\/comments?post=76252"}],"version-history":[{"count":0,"href":"https:\/\/eltrabajo.cl\/portal\/wp-json\/wp\/v2\/posts\/76252\/revisions"}],"wp:featuredmedia":[{"embeddable":true,"href":"https:\/\/eltrabajo.cl\/portal\/wp-json\/wp\/v2\/media\/76253"}],"wp:attachment":[{"href":"https:\/\/eltrabajo.cl\/portal\/wp-json\/wp\/v2\/media?parent=76252"}],"wp:term":[{"taxonomy":"category","embeddable":true,"href":"https:\/\/eltrabajo.cl\/portal\/wp-json\/wp\/v2\/categories?post=76252"},{"taxonomy":"post_tag","embeddable":true,"href":"https:\/\/eltrabajo.cl\/portal\/wp-json\/wp\/v2\/tags?post=76252"}],"curies":[{"name":"wp","href":"https:\/\/api.w.org\/{rel}","templated":true}]}}