{"id":76260,"date":"2016-12-30T08:58:26","date_gmt":"2016-12-30T11:58:26","guid":{"rendered":"http:\/\/www.eltrabajo.cl\/portal\/?p=76260"},"modified":"2016-12-30T08:58:26","modified_gmt":"2016-12-30T11:58:26","slug":"premian-a-ganadores-del-concurso-hermoseando-la-casa-en-navidad-2016","status":"publish","type":"post","link":"https:\/\/eltrabajo.cl\/portal\/premian-a-ganadores-del-concurso-hermoseando-la-casa-en-navidad-2016\/","title":{"rendered":"Premian a ganadores del concurso \u2018hermoseando la casa en navidad 2016\u2019"},"content":{"rendered":"<ul>\n<li><strong>Con el prop\u00f3sito de incentivar la decoraci\u00f3n de los hogares:<\/strong><\/li>\n<\/ul>\n<p><strong>LLAY LLAY.-<\/strong> La Ilustre Municipalidad de Llay Llay, representada por su alcalde el Sr. Edgardo Gonz\u00e1lez Arancibia, a trav\u00e9s del Departamento de RRPP y Cultura, realiz\u00f3 la 4\u00ba versi\u00f3n del Concurso Navide\u00f1o \u2018Hermoseando la Casa en Navidad\u2019, que se organiza con el prop\u00f3sito de premiar la decoraci\u00f3n de los hogares de Llay Llay, como una forma de mantener vivas las tradiciones navide\u00f1as.<br \/>\nEn esta oportunidad, el concurso se hizo sorpresa con el prop\u00f3sito de encontrar en los hogares de la comuna el esp\u00edritu navide\u00f1o de cada familia y no generar un ambiente de competencia. Tambi\u00e9n por primera vez dentro de los 4 a\u00f1os de realizaci\u00f3n de este concurso se hace un recorrido por el \u00e1rea rural. El pasado mi\u00e9rcoles 21 de diciembre desde las 21:00 hrs se realiz\u00f3 la b\u00fasqueda de las casas con decoraci\u00f3n navide\u00f1a m\u00e1s bellas de nuestra comuna.<br \/>\nEl jurado est\u00e1 integrado por funcionarios de la Ilustre Municipalidad de Llay Llay, don Pablo Vergara (secplac), Carmen Luz Riquelme (adm. Depto Operaciones) y Sebasti\u00e1n L\u00f3pez (publicista), y como encargada del concurso la se\u00f1orita Roc\u00edo Arancibia (relacionadora p\u00fablica).<br \/>\nLa premiaci\u00f3n se realiz\u00f3 ayer jueves 29 de diciembre, en las dependencias del Municipio. Momento en el cu\u00e1l, se destac\u00f3 la participaci\u00f3n del sector rural, y el entusiasmo, la dedicaci\u00f3n y la innovaci\u00f3n apreciada en cada hogar destacado.<br \/>\nLa encargada del concurso Roc\u00edo Arancibia, ratifica la correcta ejecuci\u00f3n de la actividad el d\u00eda 21, asistiendo todas las personas que componen el jurado y confirma que el recorrido establecido fue por toda la Comuna (sector urbano y rural). El jurado deliber\u00f3 de la siguiente manera: 1\u00ba Lugar: Mar\u00eda Salfate \u2013 Porvenir Alto, 2\u00ba Lugar: Olaya Jeldes \u2013 Porvenir Bajo 3\u00ba Lugar: Gregy Santib\u00e1\u00f1ez \u2013 Llay llay centro, tambi\u00e9n se distingui\u00f3 como menciones honrosas a: H\u00e9ctor Hormaz\u00e1bal (Las palmas), Bernardita Serrano (Porvenir bajo), Roberto Cataldo y Pamela Toro (Llay Llay centro \u2018Casa de Navidad\u2019).<\/p>\n<figure id=\"attachment_76261\" aria-describedby=\"caption-attachment-76261\" style=\"width: 530px\" class=\"wp-caption alignleft\"><a href=\"http:\/\/www.eltrabajo.cl\/portal\/premian-a-ganadores-del-concurso-hermoseando-la-casa-en-navidad-2016\/premiacion-4\/\" rel=\"attachment wp-att-76261\"><img data-recalc-dims=\"1\" loading=\"lazy\" decoding=\"async\" class=\"size-full wp-image-76261\" src=\"https:\/\/i0.wp.com\/www.eltrabajo.cl\/portal\/wp-content\/uploads\/2016\/12\/PREMIACION.jpg?resize=530%2C349\" alt=\"La premiaci\u00f3n se realiz\u00f3 ayer jueves 29 de Diciembre, en las dependencias del Municipio. Donde se destac\u00f3 la participaci\u00f3n del sector rural, y el entusiasmo, la dedicaci\u00f3n y  la innovaci\u00f3n apreciada en cada hogar destacado.\" width=\"530\" height=\"349\" srcset=\"https:\/\/i0.wp.com\/eltrabajo.cl\/portal\/wp-content\/uploads\/2016\/12\/PREMIACION.jpg?w=530&amp;ssl=1 530w, https:\/\/i0.wp.com\/eltrabajo.cl\/portal\/wp-content\/uploads\/2016\/12\/PREMIACION.jpg?resize=200%2C132&amp;ssl=1 200w, https:\/\/i0.wp.com\/eltrabajo.cl\/portal\/wp-content\/uploads\/2016\/12\/PREMIACION.jpg?resize=300%2C198&amp;ssl=1 300w, https:\/\/i0.wp.com\/eltrabajo.cl\/portal\/wp-content\/uploads\/2016\/12\/PREMIACION.jpg?resize=228%2C150&amp;ssl=1 228w, https:\/\/i0.wp.com\/eltrabajo.cl\/portal\/wp-content\/uploads\/2016\/12\/PREMIACION.jpg?resize=400%2C263&amp;ssl=1 400w\" sizes=\"auto, (max-width: 530px) 100vw, 530px\" \/><\/a><figcaption id=\"caption-attachment-76261\" class=\"wp-caption-text\">La premiaci\u00f3n se realiz\u00f3 ayer jueves 29 de Diciembre, en las dependencias del Municipio. Donde se destac\u00f3 la participaci\u00f3n del sector rural, y el entusiasmo, la dedicaci\u00f3n y la innovaci\u00f3n apreciada en cada hogar destacado.<\/figcaption><\/figure>\n","protected":false},"excerpt":{"rendered":"<p>Con el prop\u00f3sito de incentivar la decoraci\u00f3n de los hogares: LLAY LLAY.- La Ilustre Municipalidad de Llay Llay, representada por su alcalde el Sr. Edgardo Gonz\u00e1lez Arancibia, a trav\u00e9s del Departamento de&#8230;<\/p>\n","protected":false},"author":1,"featured_media":76261,"comment_status":"open","ping_status":"open","sticky":false,"template":"","format":"standard","meta":{"advanced_seo_description":"","jetpack_seo_html_title":"","jetpack_seo_noindex":false,"_jetpack_memberships_contains_paid_content":false,"footnotes":""},"categories":[1],"tags":[],"class_list":["post-76260","post","type-post","status-publish","format-standard","has-post-thumbnail","hentry","category-cronica"],"jetpack_featured_media_url":"https:\/\/i0.wp.com\/eltrabajo.cl\/portal\/wp-content\/uploads\/2016\/12\/PREMIACION.jpg?fit=530%2C349&ssl=1","jetpack_sharing_enabled":true,"jetpack_likes_enabled":true,"jetpack-related-posts":[],"_links":{"self":[{"href":"https:\/\/eltrabajo.cl\/portal\/wp-json\/wp\/v2\/posts\/76260","targetHints":{"allow":["GET"]}}],"collection":[{"href":"https:\/\/eltrabajo.cl\/portal\/wp-json\/wp\/v2\/posts"}],"about":[{"href":"https:\/\/eltrabajo.cl\/portal\/wp-json\/wp\/v2\/types\/post"}],"author":[{"embeddable":true,"href":"https:\/\/eltrabajo.cl\/portal\/wp-json\/wp\/v2\/users\/1"}],"replies":[{"embeddable":true,"href":"https:\/\/eltrabajo.cl\/portal\/wp-json\/wp\/v2\/comments?post=76260"}],"version-history":[{"count":0,"href":"https:\/\/eltrabajo.cl\/portal\/wp-json\/wp\/v2\/posts\/76260\/revisions"}],"wp:featuredmedia":[{"embeddable":true,"href":"https:\/\/eltrabajo.cl\/portal\/wp-json\/wp\/v2\/media\/76261"}],"wp:attachment":[{"href":"https:\/\/eltrabajo.cl\/portal\/wp-json\/wp\/v2\/media?parent=76260"}],"wp:term":[{"taxonomy":"category","embeddable":true,"href":"https:\/\/eltrabajo.cl\/portal\/wp-json\/wp\/v2\/categories?post=76260"},{"taxonomy":"post_tag","embeddable":true,"href":"https:\/\/eltrabajo.cl\/portal\/wp-json\/wp\/v2\/tags?post=76260"}],"curies":[{"name":"wp","href":"https:\/\/api.w.org\/{rel}","templated":true}]}}