{"id":76268,"date":"2016-12-30T09:04:28","date_gmt":"2016-12-30T12:04:28","guid":{"rendered":"http:\/\/www.eltrabajo.cl\/portal\/?p=76268"},"modified":"2016-12-30T09:04:28","modified_gmt":"2016-12-30T12:04:28","slug":"este-sabado-quemaran-a-jaimito-para-despedir-el-ano-2016-en-panquehue","status":"publish","type":"post","link":"https:\/\/eltrabajo.cl\/portal\/este-sabado-quemaran-a-jaimito-para-despedir-el-ano-2016-en-panquehue\/","title":{"rendered":"Este s\u00e1bado quemar\u00e1n a \u2018Jaimito\u2019 para despedir el a\u00f1o 2016 en Panquehue"},"content":{"rendered":"<ul>\n<li><strong>Vecinos de El Escorial con original tradici\u00f3n:<\/strong><\/li>\n<\/ul>\n<p><strong>PANQUEHUE.- <\/strong>Hay muchas formas de para despedir al \u2018A\u00f1o Viejo\u2019 y recibir al esperanzador \u2018A\u00f1o Nuevo\u2019. Algunos lo hacen con asados en familia o con amigos; otros al ritmo de buena m\u00fasica y muchos en la casa con sus familiares, pero si de formas originales de hacerlo se trata, hoy en Diario El Trabajo te presentamos a un vecino de El Escorial, en Panquehue, quien desde 2012 viene celebrando el cambio de a\u00f1o de una singular manera.<br \/>\nSe trata de don Segundo Guerrero, de 60 a\u00f1os, a quien se le ocurri\u00f3 la idea de crear con sus propias manos un gigantesco mu\u00f1eco de trapo y madera, rellenarlo y vestirlo con buena ropa, para luego prenderle fuego la noche del 31 de diciembre de cada a\u00f1o.<br \/>\n\u00abNo s\u00e9, me pareci\u00f3 tan aburrida la manera de algunos de celebrar el cambio de a\u00f1o, que decid\u00ed mejor crear a \u2018Jaimito\u2019, un mono que pueda representar al a\u00f1o viejo siendo quemado, y as\u00ed lo hice, cada a\u00f1o con mi familia decidimos qui\u00e9n quemar\u00e1 este mono entre los presentes\u00bb, asegur\u00f3 don Segundo.<br \/>\nSeg\u00fan explic\u00f3 este vecino, ya la quema de \u2018Jaimito\u2019 es toda una tradici\u00f3n de su familia y vecinos, pues a la hora de la quema, cientos de personas acuden para poder presenciar el ajusticiamiento.<br \/>\n\u00abQuiero invitar a los vecinos de Panquehue y de San Felipe, para que vengan a El Escorial, para que participen en la quema de \u2018Jaimito\u2019, ser\u00e1 a la medianoche de este s\u00e1bado, pero empezaremos a reunirnos desde varias horas antes\u00bb, agreg\u00f3 don Segundo.<br \/>\n<strong>Roberto Gonz\u00e1lez Short<\/strong><\/p>\n<figure id=\"attachment_76269\" aria-describedby=\"caption-attachment-76269\" style=\"width: 530px\" class=\"wp-caption alignleft\"><a href=\"http:\/\/www.eltrabajo.cl\/portal\/este-sabado-quemaran-a-jaimito-para-despedir-el-ano-2016-en-panquehue\/jaimito1\/\" rel=\"attachment wp-att-76269\"><img data-recalc-dims=\"1\" loading=\"lazy\" decoding=\"async\" class=\"size-full wp-image-76269\" src=\"https:\/\/i0.wp.com\/www.eltrabajo.cl\/portal\/wp-content\/uploads\/2016\/12\/Jaimito1.jpg?resize=530%2C350\" alt=\"IDEA FAMILIAR.- Don Segundo Guerrero y su familia, muestran a Diario El Trabajo el enorme mu\u00f1eco, que este s\u00e1bado 31 de diciembre ser\u00e1 quemado en El Escorial.\" width=\"530\" height=\"350\" srcset=\"https:\/\/i0.wp.com\/eltrabajo.cl\/portal\/wp-content\/uploads\/2016\/12\/Jaimito1.jpg?w=530&amp;ssl=1 530w, https:\/\/i0.wp.com\/eltrabajo.cl\/portal\/wp-content\/uploads\/2016\/12\/Jaimito1.jpg?resize=200%2C132&amp;ssl=1 200w, https:\/\/i0.wp.com\/eltrabajo.cl\/portal\/wp-content\/uploads\/2016\/12\/Jaimito1.jpg?resize=300%2C198&amp;ssl=1 300w, https:\/\/i0.wp.com\/eltrabajo.cl\/portal\/wp-content\/uploads\/2016\/12\/Jaimito1.jpg?resize=227%2C150&amp;ssl=1 227w, https:\/\/i0.wp.com\/eltrabajo.cl\/portal\/wp-content\/uploads\/2016\/12\/Jaimito1.jpg?resize=400%2C264&amp;ssl=1 400w\" sizes=\"auto, (max-width: 530px) 100vw, 530px\" \/><\/a><figcaption id=\"caption-attachment-76269\" class=\"wp-caption-text\">IDEA FAMILIAR.- Don Segundo Guerrero y su familia, muestran a Diario El Trabajo el enorme mu\u00f1eco, que este s\u00e1bado 31 de diciembre ser\u00e1 quemado en El Escorial.<\/figcaption><\/figure>\n<figure id=\"attachment_76270\" aria-describedby=\"caption-attachment-76270\" style=\"width: 530px\" class=\"wp-caption alignleft\"><a href=\"http:\/\/www.eltrabajo.cl\/portal\/este-sabado-quemaran-a-jaimito-para-despedir-el-ano-2016-en-panquehue\/jaimito33\/\" rel=\"attachment wp-att-76270\"><img data-recalc-dims=\"1\" loading=\"lazy\" decoding=\"async\" class=\"size-full wp-image-76270\" src=\"https:\/\/i0.wp.com\/www.eltrabajo.cl\/portal\/wp-content\/uploads\/2016\/12\/Jaimito33.jpg?resize=530%2C349\" alt=\"SOY JAIMITO.- Aqu\u00ed tenemos a \u2018Jaimito\u2019, con sus ojos de vidrio, el sombrero de Indiana Jones y un mortal cigarro.\" width=\"530\" height=\"349\" srcset=\"https:\/\/i0.wp.com\/eltrabajo.cl\/portal\/wp-content\/uploads\/2016\/12\/Jaimito33.jpg?w=530&amp;ssl=1 530w, https:\/\/i0.wp.com\/eltrabajo.cl\/portal\/wp-content\/uploads\/2016\/12\/Jaimito33.jpg?resize=200%2C132&amp;ssl=1 200w, https:\/\/i0.wp.com\/eltrabajo.cl\/portal\/wp-content\/uploads\/2016\/12\/Jaimito33.jpg?resize=300%2C198&amp;ssl=1 300w, https:\/\/i0.wp.com\/eltrabajo.cl\/portal\/wp-content\/uploads\/2016\/12\/Jaimito33.jpg?resize=228%2C150&amp;ssl=1 228w, https:\/\/i0.wp.com\/eltrabajo.cl\/portal\/wp-content\/uploads\/2016\/12\/Jaimito33.jpg?resize=400%2C263&amp;ssl=1 400w\" sizes=\"auto, (max-width: 530px) 100vw, 530px\" \/><\/a><figcaption id=\"caption-attachment-76270\" class=\"wp-caption-text\">SOY JAIMITO.- Aqu\u00ed tenemos a \u2018Jaimito\u2019, con sus ojos de vidrio, el sombrero de Indiana Jones y un mortal cigarro.<\/figcaption><\/figure>\n","protected":false},"excerpt":{"rendered":"<p>Vecinos de El Escorial con original tradici\u00f3n: PANQUEHUE.- Hay muchas formas de para despedir al \u2018A\u00f1o Viejo\u2019 y recibir al esperanzador \u2018A\u00f1o Nuevo\u2019. Algunos lo hacen con asados en familia o con&#8230;<\/p>\n","protected":false},"author":1,"featured_media":76269,"comment_status":"open","ping_status":"open","sticky":false,"template":"","format":"standard","meta":{"advanced_seo_description":"","jetpack_seo_html_title":"","jetpack_seo_noindex":false,"_jetpack_memberships_contains_paid_content":false,"footnotes":""},"categories":[15],"tags":[],"class_list":["post-76268","post","type-post","status-publish","format-standard","has-post-thumbnail","hentry","category-comunidad"],"jetpack_featured_media_url":"https:\/\/i0.wp.com\/eltrabajo.cl\/portal\/wp-content\/uploads\/2016\/12\/Jaimito1.jpg?fit=530%2C350&ssl=1","jetpack_sharing_enabled":true,"jetpack_likes_enabled":true,"jetpack-related-posts":[],"_links":{"self":[{"href":"https:\/\/eltrabajo.cl\/portal\/wp-json\/wp\/v2\/posts\/76268","targetHints":{"allow":["GET"]}}],"collection":[{"href":"https:\/\/eltrabajo.cl\/portal\/wp-json\/wp\/v2\/posts"}],"about":[{"href":"https:\/\/eltrabajo.cl\/portal\/wp-json\/wp\/v2\/types\/post"}],"author":[{"embeddable":true,"href":"https:\/\/eltrabajo.cl\/portal\/wp-json\/wp\/v2\/users\/1"}],"replies":[{"embeddable":true,"href":"https:\/\/eltrabajo.cl\/portal\/wp-json\/wp\/v2\/comments?post=76268"}],"version-history":[{"count":0,"href":"https:\/\/eltrabajo.cl\/portal\/wp-json\/wp\/v2\/posts\/76268\/revisions"}],"wp:featuredmedia":[{"embeddable":true,"href":"https:\/\/eltrabajo.cl\/portal\/wp-json\/wp\/v2\/media\/76269"}],"wp:attachment":[{"href":"https:\/\/eltrabajo.cl\/portal\/wp-json\/wp\/v2\/media?parent=76268"}],"wp:term":[{"taxonomy":"category","embeddable":true,"href":"https:\/\/eltrabajo.cl\/portal\/wp-json\/wp\/v2\/categories?post=76268"},{"taxonomy":"post_tag","embeddable":true,"href":"https:\/\/eltrabajo.cl\/portal\/wp-json\/wp\/v2\/tags?post=76268"}],"curies":[{"name":"wp","href":"https:\/\/api.w.org\/{rel}","templated":true}]}}