{"id":76279,"date":"2016-12-30T09:10:42","date_gmt":"2016-12-30T12:10:42","guid":{"rendered":"http:\/\/www.eltrabajo.cl\/portal\/?p=76279"},"modified":"2016-12-30T09:10:42","modified_gmt":"2016-12-30T12:10:42","slug":"pido-disculpas-publicas-a-esa-familia-que-imagino-debe-estar-aterrorizada","status":"publish","type":"post","link":"https:\/\/eltrabajo.cl\/portal\/pido-disculpas-publicas-a-esa-familia-que-imagino-debe-estar-aterrorizada\/","title":{"rendered":"\u201cPido disculpas p\u00fablicas a esa familia que imagino debe estar aterrorizada\u201d"},"content":{"rendered":"<ul>\n<li><strong><span style=\"color: #ff0000;\">Clama familiar de imputado que sufrir\u00eda esquizofrenia:<\/span>\u00a0El imputado fue detenido tras ser acusado de robo con intimidaci\u00f3n en Villa Las Palmeras, siendo v\u00edctima un menor de 17 a\u00f1os de edad. El Tribunal envi\u00f3 al acusado a prisi\u00f3n preventiva en la c\u00e1rcel y su familia exhibe un carn\u00e9 de discapacidad psiqui\u00e1trica de un 66%.<\/strong><\/li>\n<\/ul>\n<p>Angustiados y conscientes del grave delito de robo con intimidaci\u00f3n ocurrido en la Villa Las Palmeras, que tuvo como v\u00edctima a un menor de 17 a\u00f1os de edad, la familia del imputado ofreci\u00f3 disculpas p\u00fablicas a la familia afectada, subrayando que el acusado sufrir\u00eda un trastorno psiqui\u00e1trico.<br \/>\nComo se recordar\u00e1, en nuestra edici\u00f3n de ayer jueves 29 de diciembre de Diario El Trabajo, se informa que Carabineros detuvo al imputado Wladimir Donaire Pastr\u00e1n (36 a\u00f1os), tras ser sindicado como el autor del robo de una moto que se encontraba estacionada en las afueras de un domicilio de la Villa Las Palmeras de San Felipe, donde se encontraba el adolescente, quien denunci\u00f3 que el detenido lo intimid\u00f3 con un fierro de 80 cent\u00edmetros de largo, amenaz\u00e1ndolo de muerte.<br \/>\nTras ser formalizado por este delito en tribunales, el juez determin\u00f3 que el detenido quedara sujeto a la cautelar de prisi\u00f3n preventiva en el Centro de Cumplimiento Penitenciario de San Felipe, a petici\u00f3n de la Fiscal\u00eda, debido a la gravedad del delito.<br \/>\nEn representaci\u00f3n de la familia del acusado, Cristian Antonio Ibaceta Far\u00edas, cu\u00f1ado de Wladimir, por medio de esta entrevista pidi\u00f3 disculpas a la familia denunciante, asegurando que el imputado sufre de una discapacidad mental de un 66%, exhibiendo copia de un carn\u00e9 emitido por el Registro Nacional de la Discapacidad.<br \/>\n\u201cYo quiero a nombre de toda la familia y del demandado, pedir disculpas p\u00fablicas a esa familia que me imagino debe estar aterrorizada; por favor, pedirle muchas disculpas sobre todo a ese ni\u00f1ito y su madre porque a cualquiera nos podr\u00eda pasar. Si existe la posibilidad de internar a mi cu\u00f1ado y se pudiera retirar la demanda para poder trasladarlo hasta un centro de rehabilitaci\u00f3n\u201d.<br \/>\n<strong>-\u00bfSu cu\u00f1ado sufre un trastorno psiqui\u00e1trico?<\/strong><br \/>\n&#8211; Si tiene un retardo mental y esquizofrenia, tiene un 66% de discapacidad mental.<br \/>\n<strong>&#8211; \u00bfCu\u00e1les son los tr\u00e1mites que han seguido tras la formalizaci\u00f3n?<\/strong><br \/>\n&#8211; Yo reci\u00e9n habl\u00e9 con el abogado defensor, hay que jug\u00e1rsela para sacar a mi cu\u00f1ado de la c\u00e1rcel para poder trasladarlo al psiqui\u00e1trico. \u00c9l estaba en Valpara\u00edso, en un centro de rehabilitaci\u00f3n, anteriormente lo acusaron de porte de arma blanca y lo llev\u00f3 detenido Carabineros, tuvo que echarse la culpa para que obtuviera su libertad.<br \/>\n<strong>-\u00bf\u00c9l estaba siguiendo un tratamiento m\u00e9dico?<\/strong><br \/>\n&#8211; S\u00ed, estaba siguiendo un tratamiento m\u00e9dico del psiqui\u00e1trico, incluso varias veces lo hemos llevado para all\u00e1 para que pueda ser tratado, pero nos dan respuesta que no hay cama.<br \/>\n<strong>&#8211; \u00bfVan a requerir una pericia psiqui\u00e1trica con su defensor?<\/strong><br \/>\n&#8211; El abogado tiene que pedir el informe para que mi cu\u00f1ado se trate, aqu\u00ed tengo el carn\u00e9 que revela que tiene deficiencia mental, demostrando que \u00e9l es enfermo y sea posible su traslado de la c\u00e1rcel hasta el psiqui\u00e1trico.<br \/>\n<strong>Pablo Salinas Sald\u00edas<\/strong><\/p>\n<figure id=\"attachment_76280\" aria-describedby=\"caption-attachment-76280\" style=\"width: 530px\" class=\"wp-caption alignleft\"><a href=\"http:\/\/www.eltrabajo.cl\/portal\/pido-disculpas-publicas-a-esa-familia-que-imagino-debe-estar-aterrorizada\/dav-11\/\" rel=\"attachment wp-att-76280\"><img data-recalc-dims=\"1\" loading=\"lazy\" decoding=\"async\" class=\"size-full wp-image-76280\" src=\"https:\/\/i0.wp.com\/www.eltrabajo.cl\/portal\/wp-content\/uploads\/2016\/12\/CARNET.jpg?resize=530%2C348\" alt=\"El familiar exhibi\u00f3 el carn\u00e9 emitido por el Registro Nacional de la Discapacidad. \" width=\"530\" height=\"348\" srcset=\"https:\/\/i0.wp.com\/eltrabajo.cl\/portal\/wp-content\/uploads\/2016\/12\/CARNET.jpg?w=530&amp;ssl=1 530w, https:\/\/i0.wp.com\/eltrabajo.cl\/portal\/wp-content\/uploads\/2016\/12\/CARNET.jpg?resize=200%2C131&amp;ssl=1 200w, https:\/\/i0.wp.com\/eltrabajo.cl\/portal\/wp-content\/uploads\/2016\/12\/CARNET.jpg?resize=300%2C197&amp;ssl=1 300w, https:\/\/i0.wp.com\/eltrabajo.cl\/portal\/wp-content\/uploads\/2016\/12\/CARNET.jpg?resize=228%2C150&amp;ssl=1 228w, https:\/\/i0.wp.com\/eltrabajo.cl\/portal\/wp-content\/uploads\/2016\/12\/CARNET.jpg?resize=400%2C263&amp;ssl=1 400w\" sizes=\"auto, (max-width: 530px) 100vw, 530px\" \/><\/a><figcaption id=\"caption-attachment-76280\" class=\"wp-caption-text\">El familiar exhibi\u00f3 el carn\u00e9 emitido por el Registro Nacional de la Discapacidad.<\/figcaption><\/figure>\n<figure id=\"attachment_76281\" aria-describedby=\"caption-attachment-76281\" style=\"width: 530px\" class=\"wp-caption alignleft\"><a href=\"http:\/\/www.eltrabajo.cl\/portal\/pido-disculpas-publicas-a-esa-familia-que-imagino-debe-estar-aterrorizada\/dav-12\/\" rel=\"attachment wp-att-76281\"><img data-recalc-dims=\"1\" loading=\"lazy\" decoding=\"async\" class=\"size-full wp-image-76281\" src=\"https:\/\/i0.wp.com\/www.eltrabajo.cl\/portal\/wp-content\/uploads\/2016\/12\/CRISTIAN-IBACETA-FARIAS.jpg?resize=530%2C348\" alt=\"Cristian Antonio Ibaceta Far\u00edas, cu\u00f1ado del imputado que se encuentra actualmente en la c\u00e1rcel.\" width=\"530\" height=\"348\" srcset=\"https:\/\/i0.wp.com\/eltrabajo.cl\/portal\/wp-content\/uploads\/2016\/12\/CRISTIAN-IBACETA-FARIAS.jpg?w=530&amp;ssl=1 530w, https:\/\/i0.wp.com\/eltrabajo.cl\/portal\/wp-content\/uploads\/2016\/12\/CRISTIAN-IBACETA-FARIAS.jpg?resize=200%2C131&amp;ssl=1 200w, https:\/\/i0.wp.com\/eltrabajo.cl\/portal\/wp-content\/uploads\/2016\/12\/CRISTIAN-IBACETA-FARIAS.jpg?resize=300%2C197&amp;ssl=1 300w, https:\/\/i0.wp.com\/eltrabajo.cl\/portal\/wp-content\/uploads\/2016\/12\/CRISTIAN-IBACETA-FARIAS.jpg?resize=228%2C150&amp;ssl=1 228w, https:\/\/i0.wp.com\/eltrabajo.cl\/portal\/wp-content\/uploads\/2016\/12\/CRISTIAN-IBACETA-FARIAS.jpg?resize=400%2C263&amp;ssl=1 400w\" sizes=\"auto, (max-width: 530px) 100vw, 530px\" \/><\/a><figcaption id=\"caption-attachment-76281\" class=\"wp-caption-text\">Cristian Antonio Ibaceta Far\u00edas, cu\u00f1ado del imputado que se encuentra actualmente en la c\u00e1rcel.<\/figcaption><\/figure>\n","protected":false},"excerpt":{"rendered":"<p>Clama familiar de imputado que sufrir\u00eda esquizofrenia:\u00a0El imputado fue detenido tras ser acusado de robo con intimidaci\u00f3n en Villa Las Palmeras, siendo v\u00edctima un menor de 17 a\u00f1os de edad. El Tribunal&#8230;<\/p>\n","protected":false},"author":1,"featured_media":76281,"comment_status":"open","ping_status":"open","sticky":false,"template":"","format":"standard","meta":{"advanced_seo_description":"","jetpack_seo_html_title":"","jetpack_seo_noindex":false,"_jetpack_memberships_contains_paid_content":false,"footnotes":""},"categories":[15],"tags":[],"class_list":["post-76279","post","type-post","status-publish","format-standard","has-post-thumbnail","hentry","category-comunidad"],"jetpack_featured_media_url":"https:\/\/i0.wp.com\/eltrabajo.cl\/portal\/wp-content\/uploads\/2016\/12\/CRISTIAN-IBACETA-FARIAS.jpg?fit=530%2C348&ssl=1","jetpack_sharing_enabled":true,"jetpack_likes_enabled":true,"jetpack-related-posts":[],"_links":{"self":[{"href":"https:\/\/eltrabajo.cl\/portal\/wp-json\/wp\/v2\/posts\/76279","targetHints":{"allow":["GET"]}}],"collection":[{"href":"https:\/\/eltrabajo.cl\/portal\/wp-json\/wp\/v2\/posts"}],"about":[{"href":"https:\/\/eltrabajo.cl\/portal\/wp-json\/wp\/v2\/types\/post"}],"author":[{"embeddable":true,"href":"https:\/\/eltrabajo.cl\/portal\/wp-json\/wp\/v2\/users\/1"}],"replies":[{"embeddable":true,"href":"https:\/\/eltrabajo.cl\/portal\/wp-json\/wp\/v2\/comments?post=76279"}],"version-history":[{"count":0,"href":"https:\/\/eltrabajo.cl\/portal\/wp-json\/wp\/v2\/posts\/76279\/revisions"}],"wp:featuredmedia":[{"embeddable":true,"href":"https:\/\/eltrabajo.cl\/portal\/wp-json\/wp\/v2\/media\/76281"}],"wp:attachment":[{"href":"https:\/\/eltrabajo.cl\/portal\/wp-json\/wp\/v2\/media?parent=76279"}],"wp:term":[{"taxonomy":"category","embeddable":true,"href":"https:\/\/eltrabajo.cl\/portal\/wp-json\/wp\/v2\/categories?post=76279"},{"taxonomy":"post_tag","embeddable":true,"href":"https:\/\/eltrabajo.cl\/portal\/wp-json\/wp\/v2\/tags?post=76279"}],"curies":[{"name":"wp","href":"https:\/\/api.w.org\/{rel}","templated":true}]}}