{"id":76310,"date":"2017-01-03T09:05:07","date_gmt":"2017-01-03T09:05:07","guid":{"rendered":"http:\/\/www.eltrabajo.cl\/portal\/?p=76310"},"modified":"2017-01-03T09:05:07","modified_gmt":"2017-01-03T09:05:07","slug":"quemando-a-jaimito-vecinos-de-el-escorial-recibieron-el-2017","status":"publish","type":"post","link":"https:\/\/eltrabajo.cl\/portal\/quemando-a-jaimito-vecinos-de-el-escorial-recibieron-el-2017\/","title":{"rendered":"Quemando a \u2018Jaimito\u2019, vecinos de El Escorial recibieron el 2017"},"content":{"rendered":"<p><strong>PANQUEHUE.-<\/strong> Tal como lo informamos en Navidad, en relaci\u00f3n a la noche del 31 de diciembre, la despedida del \u2018A\u00f1o Viejo\u2019 iba ser m\u00e1s que \u2018ardiente\u2019, pues en El Escorial nuevamente prendieron fuego a \u2018Jaimito\u2019 para despedir el a\u00f1o.<\/p>\n<p><strong>JAIMITO EXISTE<\/strong><br \/>\nEs por eso que en Diario El Trabajo, quisimos conocer la historia de este enorme mu\u00f1eco creado por don Segundo y Manuel Guerrero.<br \/>\n\u00abEste mu\u00f1eco se llama Jaimito, pero se llama as\u00ed porque es a un querido vecino a quien se le ocurri\u00f3 de crear su mu\u00f1eco con nosotros, los vecinos vieron divertida la iniciativa y se acercaron para apoyar y celebrar la quema de Jaimito, en la actualidad ya es una tradici\u00f3n en todo El Escorial, la de venir a celebrar el fin de a\u00f1o quemando a Jaimito, el mismo Jaimito Curriel prende fuego al mu\u00f1eco\u00bb, coment\u00f3 a Diario El Trabajo don Manuel Guerrero.<\/p>\n<p><strong>EL GRAN MOMENTO<\/strong><br \/>\nNuestras c\u00e1maras tomaron registro de la jornada, ya desde las 23:00 horas empezaron a llegar vecinos del sector, luego llegaron familias enteras desde otras partes del pa\u00eds, inclusive desde Santiago viajaron algunas personas. Don Manuel y Segundo ya ten\u00edan el mu\u00f1eco preparado, un bid\u00f3n de combustible y buena m\u00fasica alegraba el lugar, en media calle vieja de El Escorial.<\/p>\n<p><strong>LLEG\u00d3 JAIMITO<\/strong><br \/>\nDe pronto, un hombre de contextura delgada apareci\u00f3, saludando a todos los presentes y con una alegr\u00eda contagiante, era Jaime Curriel, \u2018Jaimito\u2019, como lo llaman los vecinos, \u00e9l es la persona en la que se inspiraron para bautizar al mu\u00f1eco, pues a este vecino fue a quien se le ocurri\u00f3 la idea de celebrar as\u00ed cada a\u00f1o viejo.<\/p>\n<p><strong>LA CUENTA FINAL<\/strong><br \/>\nFaltaban segundos para la medianoche, gritos, aplausos, vino, fotos y, la cuenta regresiva\u2026, don Segundo roci\u00f3 combustible a las ropas del mu\u00f1eco, nueve\u2026 ocho\u2026 siete\u2026. Tres\u2026dos\u2026 uno\u2026 \u00a1Feliz A\u00f1o Nuevo! Jaimito 2016 ya era historia, lenguas de fuego lo envolvieron y en ellas tambi\u00e9n los amargos recuerdos de los presentes, amarguras que quiz\u00e1 nos hicieron llorar, lleg\u00f3 un prometedor 2017, en el que cada uno de nosotros buscaremos nuestra propia felicidad.<br \/>\n<strong>Roberto Gonz\u00e1lez Short<\/strong><\/p>\n<figure id=\"attachment_76311\" aria-describedby=\"caption-attachment-76311\" style=\"width: 530px\" class=\"wp-caption alignleft\"><a href=\"http:\/\/www.eltrabajo.cl\/portal\/quemando-a-jaimito-vecinos-de-el-escorial-recibieron-el-2017\/portada-quemando-a-jaimito\/\" rel=\"attachment wp-att-76311\"><img data-recalc-dims=\"1\" loading=\"lazy\" decoding=\"async\" class=\"size-full wp-image-76311\" src=\"https:\/\/i0.wp.com\/www.eltrabajo.cl\/2017\/wp-content\/uploads\/2017\/01\/portada-quemando-a-jaimito.jpg?resize=530%2C350\" alt=\"ADI\u00d3S 2016.- As\u00ed como lo muestra esta gr\u00e1fica, despidieron el 2016 los vecinos de El Escorial e invitados especiales.\" width=\"530\" height=\"350\" srcset=\"https:\/\/i0.wp.com\/eltrabajo.cl\/portal\/wp-content\/uploads\/2017\/01\/portada-quemando-a-jaimito.jpg?w=530&amp;ssl=1 530w, https:\/\/i0.wp.com\/eltrabajo.cl\/portal\/wp-content\/uploads\/2017\/01\/portada-quemando-a-jaimito.jpg?resize=200%2C132&amp;ssl=1 200w, https:\/\/i0.wp.com\/eltrabajo.cl\/portal\/wp-content\/uploads\/2017\/01\/portada-quemando-a-jaimito.jpg?resize=300%2C198&amp;ssl=1 300w, https:\/\/i0.wp.com\/eltrabajo.cl\/portal\/wp-content\/uploads\/2017\/01\/portada-quemando-a-jaimito.jpg?resize=227%2C150&amp;ssl=1 227w, https:\/\/i0.wp.com\/eltrabajo.cl\/portal\/wp-content\/uploads\/2017\/01\/portada-quemando-a-jaimito.jpg?resize=400%2C264&amp;ssl=1 400w\" sizes=\"auto, (max-width: 530px) 100vw, 530px\" \/><\/a><figcaption id=\"caption-attachment-76311\" class=\"wp-caption-text\">ADI\u00d3S 2016.- As\u00ed como lo muestra esta gr\u00e1fica, despidieron el 2016 los vecinos de El Escorial e invitados especiales.<\/figcaption><\/figure>\n","protected":false},"excerpt":{"rendered":"<p>PANQUEHUE.- Tal como lo informamos en Navidad, en relaci\u00f3n a la noche del 31 de diciembre, la despedida del \u2018A\u00f1o Viejo\u2019 iba ser m\u00e1s que \u2018ardiente\u2019, pues en El Escorial nuevamente prendieron&#8230;<\/p>\n","protected":false},"author":1,"featured_media":76311,"comment_status":"open","ping_status":"open","sticky":false,"template":"","format":"standard","meta":{"advanced_seo_description":"","jetpack_seo_html_title":"","jetpack_seo_noindex":false,"_jetpack_memberships_contains_paid_content":false,"footnotes":""},"categories":[15],"tags":[],"class_list":["post-76310","post","type-post","status-publish","format-standard","has-post-thumbnail","hentry","category-comunidad"],"jetpack_featured_media_url":"https:\/\/i0.wp.com\/eltrabajo.cl\/portal\/wp-content\/uploads\/2017\/01\/portada-quemando-a-jaimito.jpg?fit=530%2C350&ssl=1","jetpack_sharing_enabled":true,"jetpack_likes_enabled":true,"jetpack-related-posts":[],"_links":{"self":[{"href":"https:\/\/eltrabajo.cl\/portal\/wp-json\/wp\/v2\/posts\/76310","targetHints":{"allow":["GET"]}}],"collection":[{"href":"https:\/\/eltrabajo.cl\/portal\/wp-json\/wp\/v2\/posts"}],"about":[{"href":"https:\/\/eltrabajo.cl\/portal\/wp-json\/wp\/v2\/types\/post"}],"author":[{"embeddable":true,"href":"https:\/\/eltrabajo.cl\/portal\/wp-json\/wp\/v2\/users\/1"}],"replies":[{"embeddable":true,"href":"https:\/\/eltrabajo.cl\/portal\/wp-json\/wp\/v2\/comments?post=76310"}],"version-history":[{"count":0,"href":"https:\/\/eltrabajo.cl\/portal\/wp-json\/wp\/v2\/posts\/76310\/revisions"}],"wp:featuredmedia":[{"embeddable":true,"href":"https:\/\/eltrabajo.cl\/portal\/wp-json\/wp\/v2\/media\/76311"}],"wp:attachment":[{"href":"https:\/\/eltrabajo.cl\/portal\/wp-json\/wp\/v2\/media?parent=76310"}],"wp:term":[{"taxonomy":"category","embeddable":true,"href":"https:\/\/eltrabajo.cl\/portal\/wp-json\/wp\/v2\/categories?post=76310"},{"taxonomy":"post_tag","embeddable":true,"href":"https:\/\/eltrabajo.cl\/portal\/wp-json\/wp\/v2\/tags?post=76310"}],"curies":[{"name":"wp","href":"https:\/\/api.w.org\/{rel}","templated":true}]}}