{"id":76318,"date":"2017-01-04T08:41:19","date_gmt":"2017-01-04T08:41:19","guid":{"rendered":"http:\/\/www.eltrabajo.cl\/portal\/?p=76318"},"modified":"2017-01-04T08:41:19","modified_gmt":"2017-01-04T08:41:19","slug":"hoy-miercoles-puente-granallas-estara-inhabilitado-por-grabaciones-del-nuevo-reality-show-de-mega","status":"publish","type":"post","link":"https:\/\/eltrabajo.cl\/portal\/hoy-miercoles-puente-granallas-estara-inhabilitado-por-grabaciones-del-nuevo-reality-show-de-mega\/","title":{"rendered":"Hoy mi\u00e9rcoles Puente Granallas estar\u00e1 inhabilitado por grabaciones del nuevo Reality Show de Mega"},"content":{"rendered":"<ul>\n<li><strong><span style=\"color: #ff0000;\">El encargado comunal de emergencias, Jorge Reyes, inform\u00f3 los desv\u00edos de tr\u00e1nsito ante el cierre de viaducto:<\/span> Desde las 10 hasta las 22 horas los conductores deber\u00e1n acceder a Putaendo por el sector de Tres Puentes y calle Juan Rozas. <\/strong><\/li>\n<\/ul>\n<p><strong>PUTAENDO.-<\/strong> Durante toda la jornada de este mi\u00e9rcoles cuatro de enero el Puente Granallas, uno de los principales accesos del centro de la comuna de Putaendo, estar\u00e1 cerrado para veh\u00edculos y peatones. La raz\u00f3n radica en que ese sector estar\u00e1 ocupado por el canal de televisi\u00f3n Mega, que comenzar\u00e1 las grabaciones de su nuevo reality show, \u2018Doble Tentaci\u00f3n\u2019.<br \/>\nAs\u00ed lo mencion\u00f3 el encargado comunal de Emergencias, Jorge Reyes, enfatizando que los veh\u00edculos no podr\u00e1n usar dicho puente entre las 10 de la ma\u00f1ana y las 22 hrs, tiempo estipulado para las grabaciones. De esta forma, la Municipalidad de Putaendo ya ha destinado un plan para que los veh\u00edculos puedan ocupar otras rutas.<br \/>\n\u201cLos conductores que se dirijan hacia el norte, en direcci\u00f3n a Cabildo u otras localidades de la comuna, deber\u00e1n hacerlo por calle Juan Rozas y luego el llamado sector de Tres Puentes. Para el caso de quienes vienen desde el norte, deber\u00e1n tomar Tres Puentes y luego calle Juan Rozas, al igual quienes provengan del sector de Granallas\u201d, explic\u00f3 Jorge Reyes.<br \/>\nEl personero comunal tambi\u00e9n inform\u00f3 que, tanto el Parque Municipal como el Estadio Municipal, permanecer\u00e1n cerrados durante toda la jornada del mi\u00e9rcoles. El primer recinto ser\u00e1 utilizado como central log\u00edstica de la estaci\u00f3n televisiva y el campo deportivo estar\u00e1 destinado a otras grabaciones.<br \/>\n\u201cEsperemos que los plazos sean m\u00e1s acotados y se pueda habilitar el paso lo antes posible. Llamamos a los vecinos a entender este cierre de calles que ser\u00e1 por un lapso importante, pero que se va a abrir en caso de que exista alguna emergencia. Eso ya est\u00e1 conversado con el canal\u201d, expres\u00f3 Jorge Reyes.<br \/>\nCabe mencionar que el Puente es parte del sector rural de la comuna. Por lo tanto, fue la Direcci\u00f3n de Vialidad quien autoriz\u00f3 al canal Mega para usar dichas instalaciones y, por ende, el municipio dispuso de los correspondientes desv\u00edos.<\/p>\n<figure id=\"attachment_76319\" aria-describedby=\"caption-attachment-76319\" style=\"width: 530px\" class=\"wp-caption alignleft\"><a href=\"http:\/\/www.eltrabajo.cl\/portal\/hoy-miercoles-puente-granallas-estara-inhabilitado-por-grabaciones-del-nuevo-reality-show-de-mega\/puente-granallas-desde-avenida-alessandri\/\" rel=\"attachment wp-att-76319\"><img data-recalc-dims=\"1\" loading=\"lazy\" decoding=\"async\" class=\"size-full wp-image-76319\" src=\"https:\/\/i0.wp.com\/www.eltrabajo.cl\/2017\/wp-content\/uploads\/2017\/01\/PUENTE-GRANALLAS-DESDE-AVENIDA-ALESSANDRI.jpg?resize=530%2C349\" alt=\"Los desv\u00edos de tr\u00e1nsito ante el cierre de viaducto: Desde las 10 hasta las 22 horas los conductores deber\u00e1n acceder a Putaendo por el sector de Tres Puentes y calle Juan Rozas.\" width=\"530\" height=\"349\" srcset=\"https:\/\/i0.wp.com\/eltrabajo.cl\/portal\/wp-content\/uploads\/2017\/01\/PUENTE-GRANALLAS-DESDE-AVENIDA-ALESSANDRI.jpg?w=530&amp;ssl=1 530w, https:\/\/i0.wp.com\/eltrabajo.cl\/portal\/wp-content\/uploads\/2017\/01\/PUENTE-GRANALLAS-DESDE-AVENIDA-ALESSANDRI.jpg?resize=200%2C132&amp;ssl=1 200w, https:\/\/i0.wp.com\/eltrabajo.cl\/portal\/wp-content\/uploads\/2017\/01\/PUENTE-GRANALLAS-DESDE-AVENIDA-ALESSANDRI.jpg?resize=300%2C198&amp;ssl=1 300w, https:\/\/i0.wp.com\/eltrabajo.cl\/portal\/wp-content\/uploads\/2017\/01\/PUENTE-GRANALLAS-DESDE-AVENIDA-ALESSANDRI.jpg?resize=228%2C150&amp;ssl=1 228w, https:\/\/i0.wp.com\/eltrabajo.cl\/portal\/wp-content\/uploads\/2017\/01\/PUENTE-GRANALLAS-DESDE-AVENIDA-ALESSANDRI.jpg?resize=400%2C263&amp;ssl=1 400w\" sizes=\"auto, (max-width: 530px) 100vw, 530px\" \/><\/a><figcaption id=\"caption-attachment-76319\" class=\"wp-caption-text\">Los desv\u00edos de tr\u00e1nsito ante el cierre de viaducto: Desde las 10 hasta las 22 horas los conductores deber\u00e1n acceder a Putaendo por el sector de Tres Puentes y calle Juan Rozas.<\/figcaption><\/figure>\n","protected":false},"excerpt":{"rendered":"<p>El encargado comunal de emergencias, Jorge Reyes, inform\u00f3 los desv\u00edos de tr\u00e1nsito ante el cierre de viaducto: Desde las 10 hasta las 22 horas los conductores deber\u00e1n acceder a Putaendo por el&#8230;<\/p>\n","protected":false},"author":1,"featured_media":76319,"comment_status":"open","ping_status":"open","sticky":false,"template":"","format":"standard","meta":{"advanced_seo_description":"","jetpack_seo_html_title":"","jetpack_seo_noindex":false,"_jetpack_memberships_contains_paid_content":false,"footnotes":""},"categories":[1],"tags":[],"class_list":["post-76318","post","type-post","status-publish","format-standard","has-post-thumbnail","hentry","category-cronica"],"jetpack_featured_media_url":"https:\/\/i0.wp.com\/eltrabajo.cl\/portal\/wp-content\/uploads\/2017\/01\/PUENTE-GRANALLAS-DESDE-AVENIDA-ALESSANDRI.jpg?fit=530%2C349&ssl=1","jetpack_sharing_enabled":true,"jetpack_likes_enabled":true,"jetpack-related-posts":[],"_links":{"self":[{"href":"https:\/\/eltrabajo.cl\/portal\/wp-json\/wp\/v2\/posts\/76318","targetHints":{"allow":["GET"]}}],"collection":[{"href":"https:\/\/eltrabajo.cl\/portal\/wp-json\/wp\/v2\/posts"}],"about":[{"href":"https:\/\/eltrabajo.cl\/portal\/wp-json\/wp\/v2\/types\/post"}],"author":[{"embeddable":true,"href":"https:\/\/eltrabajo.cl\/portal\/wp-json\/wp\/v2\/users\/1"}],"replies":[{"embeddable":true,"href":"https:\/\/eltrabajo.cl\/portal\/wp-json\/wp\/v2\/comments?post=76318"}],"version-history":[{"count":0,"href":"https:\/\/eltrabajo.cl\/portal\/wp-json\/wp\/v2\/posts\/76318\/revisions"}],"wp:featuredmedia":[{"embeddable":true,"href":"https:\/\/eltrabajo.cl\/portal\/wp-json\/wp\/v2\/media\/76319"}],"wp:attachment":[{"href":"https:\/\/eltrabajo.cl\/portal\/wp-json\/wp\/v2\/media?parent=76318"}],"wp:term":[{"taxonomy":"category","embeddable":true,"href":"https:\/\/eltrabajo.cl\/portal\/wp-json\/wp\/v2\/categories?post=76318"},{"taxonomy":"post_tag","embeddable":true,"href":"https:\/\/eltrabajo.cl\/portal\/wp-json\/wp\/v2\/tags?post=76318"}],"curies":[{"name":"wp","href":"https:\/\/api.w.org\/{rel}","templated":true}]}}