{"id":76322,"date":"2017-01-04T08:42:50","date_gmt":"2017-01-04T08:42:50","guid":{"rendered":"http:\/\/www.eltrabajo.cl\/portal\/?p=76322"},"modified":"2017-01-04T08:42:50","modified_gmt":"2017-01-04T08:42:50","slug":"altas-temperaturas-se-registraran-esta-semana-en-la-provincia-de-san-felipe","status":"publish","type":"post","link":"https:\/\/eltrabajo.cl\/portal\/altas-temperaturas-se-registraran-esta-semana-en-la-provincia-de-san-felipe\/","title":{"rendered":"Altas temperaturas se registrar\u00e1n esta semana en la Provincia de San Felipe"},"content":{"rendered":"<p>Desde el lunes 2 al jueves 5 de enero 2017, se registrar\u00e1n en la provincia de San Felipe de Aconcagua, temperaturas sobre el umbral mensual, por lo cual se declar\u00f3 Alerta Temprana Preventiva para la Regi\u00f3n de Valpara\u00edso, por condiciones propicias para la propagaci\u00f3n de incendios forestales, a ra\u00edz de las altas temperaturas pronosticadas por la Direcci\u00f3n Meteorol\u00f3gica de Chile donde se esperan entre 35\u00b0 a 37\u00b0 para el Valle de Aconcagua.<br \/>\nPor esta raz\u00f3n, el director de Protecci\u00f3n Civil y Emergencia de la Gobernaci\u00f3n de San Felipe, Claudio Mart\u00ednez, manifest\u00f3 que la declaraci\u00f3n de esta alerta, se constituye como un estado de reforzamiento de las condiciones de vigilancia, mediante el monitoreo de las condiciones de riesgo. \u201cDentro de las acciones que se prev\u00e9n, preparamos coordinaciones con los encargados municipales, se resaltan los puntos cr\u00edticos para realizar un monitoreo y responder de forma r\u00e1pida ante una emergencia\u201d inform\u00f3.<br \/>\nPor su parte el gobernador Provincial de San Felipe, hizo un llamado al autocuidado \u201cse ha emitido una alerta meteorol\u00f3gica para incendio forestales se est\u00e1n dando las condiciones en nuestra zona de sobre 30 grados de temperatura, bajo 30% de humedad y sobre 30 km por hora que generan todos los elementos para que se genere un incendio forestal. Llamamos a la gente a prevenir (\u2026)\u201d.<br \/>\nA ra\u00edz de esta alerta, el gobernador inform\u00f3 que no existen quemas autorizadas, raz\u00f3n por la que hizo un llamado a no realizarlas o a denunciar cualquier avistamiento de este tipo.<\/p>\n<figure id=\"attachment_76323\" aria-describedby=\"caption-attachment-76323\" style=\"width: 530px\" class=\"wp-caption alignleft\"><a href=\"http:\/\/www.eltrabajo.cl\/portal\/altas-temperaturas-se-registraran-esta-semana-en-la-provincia-de-san-felipe\/temperaturas\/\" rel=\"attachment wp-att-76323\"><img data-recalc-dims=\"1\" loading=\"lazy\" decoding=\"async\" class=\"size-full wp-image-76323\" src=\"https:\/\/i0.wp.com\/www.eltrabajo.cl\/2017\/wp-content\/uploads\/2017\/01\/TEMPERATURAS.jpg?resize=530%2C348\" alt=\"Director de Protecci\u00f3n Civil y Emergencia de la Gobernaci\u00f3n de San Felipe, Claudio Mart\u00ednez, junto al  gobernador  Provincial Eduardo Le\u00f3n.\" width=\"530\" height=\"348\" srcset=\"https:\/\/i0.wp.com\/eltrabajo.cl\/portal\/wp-content\/uploads\/2017\/01\/TEMPERATURAS.jpg?w=530&amp;ssl=1 530w, https:\/\/i0.wp.com\/eltrabajo.cl\/portal\/wp-content\/uploads\/2017\/01\/TEMPERATURAS.jpg?resize=200%2C131&amp;ssl=1 200w, https:\/\/i0.wp.com\/eltrabajo.cl\/portal\/wp-content\/uploads\/2017\/01\/TEMPERATURAS.jpg?resize=300%2C197&amp;ssl=1 300w, https:\/\/i0.wp.com\/eltrabajo.cl\/portal\/wp-content\/uploads\/2017\/01\/TEMPERATURAS.jpg?resize=228%2C150&amp;ssl=1 228w, https:\/\/i0.wp.com\/eltrabajo.cl\/portal\/wp-content\/uploads\/2017\/01\/TEMPERATURAS.jpg?resize=400%2C263&amp;ssl=1 400w\" sizes=\"auto, (max-width: 530px) 100vw, 530px\" \/><\/a><figcaption id=\"caption-attachment-76323\" class=\"wp-caption-text\">Director de Protecci\u00f3n Civil y Emergencia de la Gobernaci\u00f3n de San Felipe, Claudio Mart\u00ednez, junto al gobernador Provincial Eduardo Le\u00f3n.<\/figcaption><\/figure>\n","protected":false},"excerpt":{"rendered":"<p>Desde el lunes 2 al jueves 5 de enero 2017, se registrar\u00e1n en la provincia de San Felipe de Aconcagua, temperaturas sobre el umbral mensual, por lo cual se declar\u00f3 Alerta Temprana&#8230;<\/p>\n","protected":false},"author":1,"featured_media":76323,"comment_status":"open","ping_status":"open","sticky":false,"template":"","format":"standard","meta":{"advanced_seo_description":"","jetpack_seo_html_title":"","jetpack_seo_noindex":false,"_jetpack_memberships_contains_paid_content":false,"footnotes":""},"categories":[1],"tags":[],"class_list":["post-76322","post","type-post","status-publish","format-standard","has-post-thumbnail","hentry","category-cronica"],"jetpack_featured_media_url":"https:\/\/i0.wp.com\/eltrabajo.cl\/portal\/wp-content\/uploads\/2017\/01\/TEMPERATURAS.jpg?fit=530%2C348&ssl=1","jetpack_sharing_enabled":true,"jetpack_likes_enabled":true,"jetpack-related-posts":[],"_links":{"self":[{"href":"https:\/\/eltrabajo.cl\/portal\/wp-json\/wp\/v2\/posts\/76322","targetHints":{"allow":["GET"]}}],"collection":[{"href":"https:\/\/eltrabajo.cl\/portal\/wp-json\/wp\/v2\/posts"}],"about":[{"href":"https:\/\/eltrabajo.cl\/portal\/wp-json\/wp\/v2\/types\/post"}],"author":[{"embeddable":true,"href":"https:\/\/eltrabajo.cl\/portal\/wp-json\/wp\/v2\/users\/1"}],"replies":[{"embeddable":true,"href":"https:\/\/eltrabajo.cl\/portal\/wp-json\/wp\/v2\/comments?post=76322"}],"version-history":[{"count":0,"href":"https:\/\/eltrabajo.cl\/portal\/wp-json\/wp\/v2\/posts\/76322\/revisions"}],"wp:featuredmedia":[{"embeddable":true,"href":"https:\/\/eltrabajo.cl\/portal\/wp-json\/wp\/v2\/media\/76323"}],"wp:attachment":[{"href":"https:\/\/eltrabajo.cl\/portal\/wp-json\/wp\/v2\/media?parent=76322"}],"wp:term":[{"taxonomy":"category","embeddable":true,"href":"https:\/\/eltrabajo.cl\/portal\/wp-json\/wp\/v2\/categories?post=76322"},{"taxonomy":"post_tag","embeddable":true,"href":"https:\/\/eltrabajo.cl\/portal\/wp-json\/wp\/v2\/tags?post=76322"}],"curies":[{"name":"wp","href":"https:\/\/api.w.org\/{rel}","templated":true}]}}