{"id":76328,"date":"2017-01-04T08:46:16","date_gmt":"2017-01-04T08:46:16","guid":{"rendered":"http:\/\/www.eltrabajo.cl\/portal\/?p=76328"},"modified":"2017-01-04T08:46:16","modified_gmt":"2017-01-04T08:46:16","slug":"el-uni-remece-el-mercado-de-la-b-incorporando-a-martin-gimenez","status":"publish","type":"post","link":"https:\/\/eltrabajo.cl\/portal\/el-uni-remece-el-mercado-de-la-b-incorporando-a-martin-gimenez\/","title":{"rendered":"El Un\u00ed remece el mercado de la B incorporando a Mart\u00edn Gim\u00e9nez"},"content":{"rendered":"<p>En la que quiz\u00e1s se convirti\u00f3 en la gran contrataci\u00f3n del semestre en toda la Primera B, Uni\u00f3n San Felipe se la jug\u00f3 por traer nuevamente a Mart\u00edn Gim\u00e9nez, jugador que hasta el a\u00f1o pasado militaba con \u00e9xito en el Club Arsenal de la Primera Divisi\u00f3n de Argentina.<br \/>\nEl volante ofensivo se incorpor\u00f3 ayer en la ma\u00f1ana al trabajo del plantel albirrojo, mostrando su satisfacci\u00f3n por retornar a la tienda sanfelipe\u00f1a, desde donde espera dar el salto a la elite del f\u00fatbol chileno. \u201cPara poder conseguirlo primero debo hacer una muy buena campa\u00f1a en San Felipe, quiero repetir ac\u00e1 lo que hice en Argentina\u201d, dijo el jugador a El Trabajo Deportivo.<br \/>\nEl jugador est\u00e1 consciente que su llegada al Valle de Aconcagua es recibida con mucha ilusi\u00f3n por parte de la hinchada, que ve con satisfacci\u00f3n como el Un\u00ed se ha reforzado de manera muy potente para este 2017. \u201cTengo que demostrar lo que soy, y tambi\u00e9n tomarme una revancha de mi paso anterior, por eso de inmediato estoy trabajando para poder ponerme a tono con el resto de mis compa\u00f1eros. Es una linda responsabilidad asumir un protagonismo para poder colaborar con este club\u201d, afirm\u00f3.<br \/>\nRespecto a lo dif\u00edcil que ser\u00e1 pelear por el ascenso, el refuerzo se\u00f1al\u00f3. \u201cEstuve atento a la campa\u00f1a, s\u00e9 que estamos a 14 puntos del l\u00edder, por eso hay que trabajar mucho para estar de la mejor manera y as\u00ed poder asumir cada partido como una final y luchar para alcanzar ese objetivo\u201d.<\/p>\n<figure id=\"attachment_76329\" aria-describedby=\"caption-attachment-76329\" style=\"width: 530px\" class=\"wp-caption alignleft\"><a href=\"http:\/\/www.eltrabajo.cl\/portal\/el-uni-remece-el-mercado-de-la-b-incorporando-a-martin-gimenez\/gimenez\/\" rel=\"attachment wp-att-76329\"><img data-recalc-dims=\"1\" loading=\"lazy\" decoding=\"async\" class=\"size-full wp-image-76329\" src=\"https:\/\/i0.wp.com\/www.eltrabajo.cl\/2017\/wp-content\/uploads\/2017\/01\/gimenez.jpg?resize=530%2C348\" alt=\"Martin Gim\u00e9nez llega al Un\u00ed luego de un provechoso paso por Arsenal de Argentina. \" width=\"530\" height=\"348\" srcset=\"https:\/\/i0.wp.com\/eltrabajo.cl\/portal\/wp-content\/uploads\/2017\/01\/gimenez.jpg?w=530&amp;ssl=1 530w, https:\/\/i0.wp.com\/eltrabajo.cl\/portal\/wp-content\/uploads\/2017\/01\/gimenez.jpg?resize=200%2C131&amp;ssl=1 200w, https:\/\/i0.wp.com\/eltrabajo.cl\/portal\/wp-content\/uploads\/2017\/01\/gimenez.jpg?resize=300%2C197&amp;ssl=1 300w, https:\/\/i0.wp.com\/eltrabajo.cl\/portal\/wp-content\/uploads\/2017\/01\/gimenez.jpg?resize=228%2C150&amp;ssl=1 228w, https:\/\/i0.wp.com\/eltrabajo.cl\/portal\/wp-content\/uploads\/2017\/01\/gimenez.jpg?resize=400%2C263&amp;ssl=1 400w\" sizes=\"auto, (max-width: 530px) 100vw, 530px\" \/><\/a><figcaption id=\"caption-attachment-76329\" class=\"wp-caption-text\">Martin Gim\u00e9nez llega al Un\u00ed luego de un provechoso paso por Arsenal de Argentina.<\/figcaption><\/figure>\n","protected":false},"excerpt":{"rendered":"<p>En la que quiz\u00e1s se convirti\u00f3 en la gran contrataci\u00f3n del semestre en toda la Primera B, Uni\u00f3n San Felipe se la jug\u00f3 por traer nuevamente a Mart\u00edn Gim\u00e9nez, jugador que hasta&#8230;<\/p>\n","protected":false},"author":1,"featured_media":76329,"comment_status":"open","ping_status":"open","sticky":false,"template":"","format":"standard","meta":{"advanced_seo_description":"","jetpack_seo_html_title":"","jetpack_seo_noindex":false,"_jetpack_memberships_contains_paid_content":false,"footnotes":""},"categories":[19],"tags":[],"class_list":["post-76328","post","type-post","status-publish","format-standard","has-post-thumbnail","hentry","category-deportes"],"jetpack_featured_media_url":"https:\/\/i0.wp.com\/eltrabajo.cl\/portal\/wp-content\/uploads\/2017\/01\/gimenez.jpg?fit=530%2C348&ssl=1","jetpack_sharing_enabled":true,"jetpack_likes_enabled":true,"jetpack-related-posts":[],"_links":{"self":[{"href":"https:\/\/eltrabajo.cl\/portal\/wp-json\/wp\/v2\/posts\/76328","targetHints":{"allow":["GET"]}}],"collection":[{"href":"https:\/\/eltrabajo.cl\/portal\/wp-json\/wp\/v2\/posts"}],"about":[{"href":"https:\/\/eltrabajo.cl\/portal\/wp-json\/wp\/v2\/types\/post"}],"author":[{"embeddable":true,"href":"https:\/\/eltrabajo.cl\/portal\/wp-json\/wp\/v2\/users\/1"}],"replies":[{"embeddable":true,"href":"https:\/\/eltrabajo.cl\/portal\/wp-json\/wp\/v2\/comments?post=76328"}],"version-history":[{"count":0,"href":"https:\/\/eltrabajo.cl\/portal\/wp-json\/wp\/v2\/posts\/76328\/revisions"}],"wp:featuredmedia":[{"embeddable":true,"href":"https:\/\/eltrabajo.cl\/portal\/wp-json\/wp\/v2\/media\/76329"}],"wp:attachment":[{"href":"https:\/\/eltrabajo.cl\/portal\/wp-json\/wp\/v2\/media?parent=76328"}],"wp:term":[{"taxonomy":"category","embeddable":true,"href":"https:\/\/eltrabajo.cl\/portal\/wp-json\/wp\/v2\/categories?post=76328"},{"taxonomy":"post_tag","embeddable":true,"href":"https:\/\/eltrabajo.cl\/portal\/wp-json\/wp\/v2\/tags?post=76328"}],"curies":[{"name":"wp","href":"https:\/\/api.w.org\/{rel}","templated":true}]}}