{"id":76347,"date":"2017-01-05T08:43:13","date_gmt":"2017-01-05T08:43:13","guid":{"rendered":"http:\/\/www.eltrabajo.cl\/portal\/?p=76347"},"modified":"2017-01-05T08:43:13","modified_gmt":"2017-01-05T08:43:13","slug":"los-chicos-de-ficks-abriran-fiesta-de-la-chaya-2017-el-miercoles-25","status":"publish","type":"post","link":"https:\/\/eltrabajo.cl\/portal\/los-chicos-de-ficks-abriran-fiesta-de-la-chaya-2017-el-miercoles-25\/","title":{"rendered":"Los chicos de Ficks abrir\u00e1n Fiesta de la Chaya 2017 el mi\u00e9rcoles 25"},"content":{"rendered":"<ul>\n<li><strong>Banda sanfelipe\u00f1a lanzar\u00e1 muy pronto su primer Single:<\/strong><\/li>\n<\/ul>\n<p>Nuevamente la banda musical Ficks, de San Felipe, volver\u00e1 a ser noticia en nuestro medio, pues ayer su director, Ricardo Campos, hizo el anuncio oficial para informar que estos chicos sanfelipe\u00f1os abrir\u00e1n la jornada de la Fiesta de la Chaya 2017 en nuestra ciudad el mi\u00e9rcoles 25 de enero a las 21:00 horas.<br \/>\n\u00abNos hemos preparado mucho en los \u00faltimos meses para esta actividad, estamos tambi\u00e9n muy contentos, porque esta actividad coincidir\u00e1 con el lanzamiento de nuestro primer Single \u2018T\u00fa me llevas al cielo\u2019, propuesta musical que ya se est\u00e1 masterizando en un estudio profesional\u00bb, dijo Campos a Diario El Trabajo.<\/p>\n<p><strong>MATERIAL FRESCO<\/strong><br \/>\nEfectivamente, se trata de un tema escrito e interpretado por la vocalista principal de esta banda sanfelipe\u00f1a, la despampanante Tamara Gallegos, quien desde hace tiempo viene sorprendiendo en Aconcagua a base de talento y su envolvente voz.<br \/>\n\u00abEste tema tiene una duraci\u00f3n de 4,14 minutos, y trata de toda la fuerza y pasi\u00f3n que una mujer puede expresar cuando est\u00e1 enamorada. Tambi\u00e9n ya estamos en conversaciones para grabar nuestro primer videoclip, el que ser\u00eda correspondiente al mismo tema\u00bb, agreg\u00f3 el joven m\u00fasico.<br \/>\nNuestro medio tambi\u00e9n habl\u00f3 con la baterista de Ficks, la joven Jennifer Rojas, de 16 a\u00f1os, y quien coment\u00f3 que \u00abdesde mis trece a\u00f1os me encanta este tema de la m\u00fasica, empec\u00e9 mis estudios en el Liceo Cordillera y actualmente estoy en el Corina Urbina, mi sue\u00f1o es poder llegar a ser la mejor baterista de Chile\u00bb, dijo Rojas.<br \/>\n<strong>Roberto Gonz\u00e1lez Short<\/strong><\/p>\n<figure id=\"attachment_76348\" aria-describedby=\"caption-attachment-76348\" style=\"width: 530px\" class=\"wp-caption alignleft\"><a href=\"http:\/\/www.eltrabajo.cl\/portal\/los-chicos-de-ficks-abriran-fiesta-de-la-chaya-2017-el-miercoles-25\/ficks33\/\" rel=\"attachment wp-att-76348\"><img data-recalc-dims=\"1\" loading=\"lazy\" decoding=\"async\" class=\"size-full wp-image-76348\" src=\"https:\/\/i0.wp.com\/www.eltrabajo.cl\/2017\/wp-content\/uploads\/2017\/01\/Ficks33.jpg?resize=530%2C349\" alt=\"NO LOS PERDAMOS DE VISTA.- Ellos son Ficks, banda musical sanfelipe\u00f1a que ya suena fuerte en todo Aconcagua, manejan un bien trabajado repertorio de seis temas, uno de ellos original.\" width=\"530\" height=\"349\" srcset=\"https:\/\/i0.wp.com\/eltrabajo.cl\/portal\/wp-content\/uploads\/2017\/01\/Ficks33.jpg?w=530&amp;ssl=1 530w, https:\/\/i0.wp.com\/eltrabajo.cl\/portal\/wp-content\/uploads\/2017\/01\/Ficks33.jpg?resize=200%2C132&amp;ssl=1 200w, https:\/\/i0.wp.com\/eltrabajo.cl\/portal\/wp-content\/uploads\/2017\/01\/Ficks33.jpg?resize=300%2C198&amp;ssl=1 300w, https:\/\/i0.wp.com\/eltrabajo.cl\/portal\/wp-content\/uploads\/2017\/01\/Ficks33.jpg?resize=228%2C150&amp;ssl=1 228w, https:\/\/i0.wp.com\/eltrabajo.cl\/portal\/wp-content\/uploads\/2017\/01\/Ficks33.jpg?resize=400%2C263&amp;ssl=1 400w\" sizes=\"auto, (max-width: 530px) 100vw, 530px\" \/><\/a><figcaption id=\"caption-attachment-76348\" class=\"wp-caption-text\">NO LOS PERDAMOS DE VISTA.- Ellos son Ficks, banda musical sanfelipe\u00f1a que ya suena fuerte en todo Aconcagua, manejan un bien trabajado repertorio de seis temas, uno de ellos original.<\/figcaption><\/figure>\n","protected":false},"excerpt":{"rendered":"<p>Banda sanfelipe\u00f1a lanzar\u00e1 muy pronto su primer Single: Nuevamente la banda musical Ficks, de San Felipe, volver\u00e1 a ser noticia en nuestro medio, pues ayer su director, Ricardo Campos, hizo el anuncio&#8230;<\/p>\n","protected":false},"author":1,"featured_media":76348,"comment_status":"open","ping_status":"open","sticky":false,"template":"","format":"standard","meta":{"advanced_seo_description":"","jetpack_seo_html_title":"","jetpack_seo_noindex":false,"_jetpack_memberships_contains_paid_content":false,"footnotes":""},"categories":[15],"tags":[],"class_list":["post-76347","post","type-post","status-publish","format-standard","has-post-thumbnail","hentry","category-comunidad"],"jetpack_featured_media_url":"https:\/\/i0.wp.com\/eltrabajo.cl\/portal\/wp-content\/uploads\/2017\/01\/Ficks33.jpg?fit=530%2C349&ssl=1","jetpack_sharing_enabled":true,"jetpack_likes_enabled":true,"jetpack-related-posts":[],"_links":{"self":[{"href":"https:\/\/eltrabajo.cl\/portal\/wp-json\/wp\/v2\/posts\/76347","targetHints":{"allow":["GET"]}}],"collection":[{"href":"https:\/\/eltrabajo.cl\/portal\/wp-json\/wp\/v2\/posts"}],"about":[{"href":"https:\/\/eltrabajo.cl\/portal\/wp-json\/wp\/v2\/types\/post"}],"author":[{"embeddable":true,"href":"https:\/\/eltrabajo.cl\/portal\/wp-json\/wp\/v2\/users\/1"}],"replies":[{"embeddable":true,"href":"https:\/\/eltrabajo.cl\/portal\/wp-json\/wp\/v2\/comments?post=76347"}],"version-history":[{"count":0,"href":"https:\/\/eltrabajo.cl\/portal\/wp-json\/wp\/v2\/posts\/76347\/revisions"}],"wp:featuredmedia":[{"embeddable":true,"href":"https:\/\/eltrabajo.cl\/portal\/wp-json\/wp\/v2\/media\/76348"}],"wp:attachment":[{"href":"https:\/\/eltrabajo.cl\/portal\/wp-json\/wp\/v2\/media?parent=76347"}],"wp:term":[{"taxonomy":"category","embeddable":true,"href":"https:\/\/eltrabajo.cl\/portal\/wp-json\/wp\/v2\/categories?post=76347"},{"taxonomy":"post_tag","embeddable":true,"href":"https:\/\/eltrabajo.cl\/portal\/wp-json\/wp\/v2\/tags?post=76347"}],"curies":[{"name":"wp","href":"https:\/\/api.w.org\/{rel}","templated":true}]}}