{"id":76351,"date":"2017-01-05T08:48:22","date_gmt":"2017-01-05T08:48:22","guid":{"rendered":"http:\/\/www.eltrabajo.cl\/portal\/?p=76351"},"modified":"2017-01-05T08:48:22","modified_gmt":"2017-01-05T08:48:22","slug":"pretenden-restaurar-carro-bomba-mercedes-benz-de-1953-apodado-el-meche","status":"publish","type":"post","link":"https:\/\/eltrabajo.cl\/portal\/pretenden-restaurar-carro-bomba-mercedes-benz-de-1953-apodado-el-meche\/","title":{"rendered":"Pretenden restaurar carro bomba Mercedes Benz de 1953 apodado el \u2018Meche\u2019"},"content":{"rendered":"<ul>\n<li><strong>Cuerpo de Bomberos de Santa Mar\u00eda y comunidad:<\/strong><\/li>\n<\/ul>\n<p><strong>SANTA MAR\u00cdA.-<\/strong> La peque\u00f1a comuna de Santa Mar\u00eda, situada a los pies de la cordillera en la Provincia San Felipe, se destaca por ser una comuna vanguardista y muy adelantada. Vencedora de litigios contra empresas mineras, es pioneras tambi\u00e9n en proyectos tales como Sendero de Chile, Carreras de Carros Locos o la Fiestas de la Chicha de tu Maire. Sin embargo, esta pujante comuna, siempre est\u00e1 en b\u00fasqueda de nuevos desaf\u00edos.<br \/>\nEsta vez, la Primera Compa\u00f1\u00eda de Bomberos de Santa Mar\u00eda, pretende incentivar al total de la comunidad para un emprendimiento tambi\u00e9n muy dif\u00edcil pero valioso, la recuperaci\u00f3n del \u00abMeche\u00bb, un carro de bomba marca Mercedes Benz de 1953 que lleg\u00f3 a la comuna nuevo y termin\u00f3 sus a\u00f1os de servicios en el cuartel de la Primera Compa\u00f1\u00eda, neg\u00e1ndose a morir como chatarra. Su carrocer\u00eda, alguna vez con plantas creciendo hasta en el motor, siempre estuvo presente hasta despertar la nostalgia de algunos voluntarios para su restauraci\u00f3n.<br \/>\nHoy el antiguo \u2018Meche\u2019, como es mejor conocido, aguarda este trabajo bajo el techo de un galp\u00f3n, se le ha limpiado y desfil\u00f3 tirado por un tractor en el desfile de aniversario de la comuna en noviembre. Sin embargo, tras una reuni\u00f3n formal al respecto, la compa\u00f1\u00eda plante\u00f3 a la comunidad iniciar una campa\u00f1a para conseguir los fondos para su restauraci\u00f3n, acto que fue plenamente respaldado por el alcalde y todos los concejales presentes. Seg\u00fan Claudio Zurita, alcalde de la comuna, juntar la cifra que se estima en alrededor de 50 millones de pesos no es algo inalcanzable: \u201cJunto al municipio, a bomberos y la comunidad vamos a buscar las instancias financieras para ver como restauramos el carro, yo estoy seguro que con el esfuerzo de toda la comunidad llegaremos a buen puerto as\u00ed es que vamos a estar informando al respecto pero hoy iniciamos un camino que llevaremos a un final exitoso\u201d, manifest\u00f3 el edil.<br \/>\nCabe destacar, que la restauraci\u00f3n cuenta con un apego estricto en cuanto a carrocer\u00eda y maderaje, que es evidencia de un trabajo artesanal alem\u00e1n, sin embargo el motor y su cuerpo de bomba podr\u00e1 recibir modificaciones debido a la antig\u00fcedad y dificultad de piezas, a modo de hacerlo funcional y que pueda representar al cuerpo de bomberos de la comuna, entidad que es muy valorizada por todos y representativa de un trabajo de voluntariado muy apreciado y profesional de largos a\u00f1os.<br \/>\n<strong>Roberto Mercado Aced<\/strong><\/p>\n<figure id=\"attachment_76352\" aria-describedby=\"caption-attachment-76352\" style=\"width: 530px\" class=\"wp-caption alignleft\"><a href=\"http:\/\/www.eltrabajo.cl\/portal\/pretenden-restaurar-carro-bomba-mercedes-benz-de-1953-apodado-el-meche\/carro-bomba-meche-1953\/\" rel=\"attachment wp-att-76352\"><img data-recalc-dims=\"1\" loading=\"lazy\" decoding=\"async\" class=\"size-full wp-image-76352\" src=\"https:\/\/i0.wp.com\/www.eltrabajo.cl\/2017\/wp-content\/uploads\/2017\/01\/carro-bomba-meche-1953.jpg?resize=530%2C350\" alt=\"El \u2018Meche\u2019, un carro de bomba marca Mercedes Benz de 1953 que lleg\u00f3 a la comuna nuevo y termin\u00f3 sus a\u00f1os de servicios en el cuartel de la Primera Compa\u00f1\u00eda.\" width=\"530\" height=\"350\" srcset=\"https:\/\/i0.wp.com\/eltrabajo.cl\/portal\/wp-content\/uploads\/2017\/01\/carro-bomba-meche-1953.jpg?w=530&amp;ssl=1 530w, https:\/\/i0.wp.com\/eltrabajo.cl\/portal\/wp-content\/uploads\/2017\/01\/carro-bomba-meche-1953.jpg?resize=200%2C132&amp;ssl=1 200w, https:\/\/i0.wp.com\/eltrabajo.cl\/portal\/wp-content\/uploads\/2017\/01\/carro-bomba-meche-1953.jpg?resize=300%2C198&amp;ssl=1 300w, https:\/\/i0.wp.com\/eltrabajo.cl\/portal\/wp-content\/uploads\/2017\/01\/carro-bomba-meche-1953.jpg?resize=227%2C150&amp;ssl=1 227w, https:\/\/i0.wp.com\/eltrabajo.cl\/portal\/wp-content\/uploads\/2017\/01\/carro-bomba-meche-1953.jpg?resize=400%2C264&amp;ssl=1 400w\" sizes=\"auto, (max-width: 530px) 100vw, 530px\" \/><\/a><figcaption id=\"caption-attachment-76352\" class=\"wp-caption-text\">El \u2018Meche\u2019, un carro de bomba marca Mercedes Benz de 1953 que lleg\u00f3 a la comuna nuevo y termin\u00f3 sus a\u00f1os de servicios en el cuartel de la Primera Compa\u00f1\u00eda.<\/figcaption><\/figure>\n<figure id=\"attachment_76353\" aria-describedby=\"caption-attachment-76353\" style=\"width: 530px\" class=\"wp-caption alignleft\"><a href=\"http:\/\/www.eltrabajo.cl\/portal\/pretenden-restaurar-carro-bomba-mercedes-benz-de-1953-apodado-el-meche\/elmeche\/\" rel=\"attachment wp-att-76353\"><img data-recalc-dims=\"1\" loading=\"lazy\" decoding=\"async\" class=\"size-full wp-image-76353\" src=\"https:\/\/i0.wp.com\/www.eltrabajo.cl\/2017\/wp-content\/uploads\/2017\/01\/ELMECHE.jpg?resize=530%2C350\" alt=\"El \u2018Meche\u2019, un carro de bomba marca Mercedes Benz de 1953 que lleg\u00f3 a la comuna nuevo y termin\u00f3 sus a\u00f1os de servicios en el cuartel de la Primera Compa\u00f1\u00eda.\" width=\"530\" height=\"350\" srcset=\"https:\/\/i0.wp.com\/eltrabajo.cl\/portal\/wp-content\/uploads\/2017\/01\/ELMECHE.jpg?w=530&amp;ssl=1 530w, https:\/\/i0.wp.com\/eltrabajo.cl\/portal\/wp-content\/uploads\/2017\/01\/ELMECHE.jpg?resize=200%2C132&amp;ssl=1 200w, https:\/\/i0.wp.com\/eltrabajo.cl\/portal\/wp-content\/uploads\/2017\/01\/ELMECHE.jpg?resize=300%2C198&amp;ssl=1 300w, https:\/\/i0.wp.com\/eltrabajo.cl\/portal\/wp-content\/uploads\/2017\/01\/ELMECHE.jpg?resize=227%2C150&amp;ssl=1 227w, https:\/\/i0.wp.com\/eltrabajo.cl\/portal\/wp-content\/uploads\/2017\/01\/ELMECHE.jpg?resize=400%2C264&amp;ssl=1 400w\" sizes=\"auto, (max-width: 530px) 100vw, 530px\" \/><\/a><figcaption id=\"caption-attachment-76353\" class=\"wp-caption-text\">El \u2018Meche\u2019, un carro de bomba marca Mercedes Benz de 1953 que lleg\u00f3 a la comuna nuevo y termin\u00f3 sus a\u00f1os de servicios en el cuartel de la Primera Compa\u00f1\u00eda.<\/figcaption><\/figure>\n<figure id=\"attachment_76354\" aria-describedby=\"caption-attachment-76354\" style=\"width: 530px\" class=\"wp-caption alignleft\"><a href=\"http:\/\/www.eltrabajo.cl\/portal\/pretenden-restaurar-carro-bomba-mercedes-benz-de-1953-apodado-el-meche\/meches3\/\" rel=\"attachment wp-att-76354\"><img data-recalc-dims=\"1\" loading=\"lazy\" decoding=\"async\" class=\"size-full wp-image-76354\" src=\"https:\/\/i0.wp.com\/www.eltrabajo.cl\/2017\/wp-content\/uploads\/2017\/01\/MECHES3.jpg?resize=530%2C350\" alt=\"Son 64 a\u00f1os de historia que guarda este carro de Bomberos.\" width=\"530\" height=\"350\" srcset=\"https:\/\/i0.wp.com\/eltrabajo.cl\/portal\/wp-content\/uploads\/2017\/01\/MECHES3.jpg?w=530&amp;ssl=1 530w, https:\/\/i0.wp.com\/eltrabajo.cl\/portal\/wp-content\/uploads\/2017\/01\/MECHES3.jpg?resize=200%2C132&amp;ssl=1 200w, https:\/\/i0.wp.com\/eltrabajo.cl\/portal\/wp-content\/uploads\/2017\/01\/MECHES3.jpg?resize=300%2C198&amp;ssl=1 300w, https:\/\/i0.wp.com\/eltrabajo.cl\/portal\/wp-content\/uploads\/2017\/01\/MECHES3.jpg?resize=227%2C150&amp;ssl=1 227w, https:\/\/i0.wp.com\/eltrabajo.cl\/portal\/wp-content\/uploads\/2017\/01\/MECHES3.jpg?resize=400%2C264&amp;ssl=1 400w\" sizes=\"auto, (max-width: 530px) 100vw, 530px\" \/><\/a><figcaption id=\"caption-attachment-76354\" class=\"wp-caption-text\">Son 64 a\u00f1os de historia que guarda este carro de Bomberos.<\/figcaption><\/figure>\n","protected":false},"excerpt":{"rendered":"<p>Cuerpo de Bomberos de Santa Mar\u00eda y comunidad: SANTA MAR\u00cdA.- La peque\u00f1a comuna de Santa Mar\u00eda, situada a los pies de la cordillera en la Provincia San Felipe, se destaca por ser&#8230;<\/p>\n","protected":false},"author":1,"featured_media":76352,"comment_status":"open","ping_status":"open","sticky":false,"template":"","format":"standard","meta":{"advanced_seo_description":"","jetpack_seo_html_title":"","jetpack_seo_noindex":false,"_jetpack_memberships_contains_paid_content":false,"footnotes":""},"categories":[15],"tags":[],"class_list":["post-76351","post","type-post","status-publish","format-standard","has-post-thumbnail","hentry","category-comunidad"],"jetpack_featured_media_url":"https:\/\/i0.wp.com\/eltrabajo.cl\/portal\/wp-content\/uploads\/2017\/01\/carro-bomba-meche-1953.jpg?fit=530%2C350&ssl=1","jetpack_sharing_enabled":true,"jetpack_likes_enabled":true,"jetpack-related-posts":[],"_links":{"self":[{"href":"https:\/\/eltrabajo.cl\/portal\/wp-json\/wp\/v2\/posts\/76351","targetHints":{"allow":["GET"]}}],"collection":[{"href":"https:\/\/eltrabajo.cl\/portal\/wp-json\/wp\/v2\/posts"}],"about":[{"href":"https:\/\/eltrabajo.cl\/portal\/wp-json\/wp\/v2\/types\/post"}],"author":[{"embeddable":true,"href":"https:\/\/eltrabajo.cl\/portal\/wp-json\/wp\/v2\/users\/1"}],"replies":[{"embeddable":true,"href":"https:\/\/eltrabajo.cl\/portal\/wp-json\/wp\/v2\/comments?post=76351"}],"version-history":[{"count":0,"href":"https:\/\/eltrabajo.cl\/portal\/wp-json\/wp\/v2\/posts\/76351\/revisions"}],"wp:featuredmedia":[{"embeddable":true,"href":"https:\/\/eltrabajo.cl\/portal\/wp-json\/wp\/v2\/media\/76352"}],"wp:attachment":[{"href":"https:\/\/eltrabajo.cl\/portal\/wp-json\/wp\/v2\/media?parent=76351"}],"wp:term":[{"taxonomy":"category","embeddable":true,"href":"https:\/\/eltrabajo.cl\/portal\/wp-json\/wp\/v2\/categories?post=76351"},{"taxonomy":"post_tag","embeddable":true,"href":"https:\/\/eltrabajo.cl\/portal\/wp-json\/wp\/v2\/tags?post=76351"}],"curies":[{"name":"wp","href":"https:\/\/api.w.org\/{rel}","templated":true}]}}