{"id":76379,"date":"2017-01-06T08:46:05","date_gmt":"2017-01-06T08:46:05","guid":{"rendered":"http:\/\/www.eltrabajo.cl\/portal\/?p=76379"},"modified":"2017-01-06T08:46:05","modified_gmt":"2017-01-06T08:46:05","slug":"comerciante-sanfelipeno-desesperado-por-cierre-de-traslavina-chacabuco","status":"publish","type":"post","link":"https:\/\/eltrabajo.cl\/portal\/comerciante-sanfelipeno-desesperado-por-cierre-de-traslavina-chacabuco\/","title":{"rendered":"Comerciante sanfelipe\u00f1o desesperado por cierre de Traslavi\u00f1a-Chacabuco"},"content":{"rendered":"<p>Todos nuestros lectores conocen al hincha m\u00e1s animado del Un\u00ed Un\u00ed, V\u00edctor Hugo \u2018Vitoko\u2019 Urbina, sanfelipe\u00f1o que tambi\u00e9n tiene su propio local, en donde vende alimentos para mascotas y otros implementos para las mismas. El problema que ahora est\u00e1 enfrentando este querido comerciante, al igual que otros de nuestra ciudad, est\u00e1 relacionado con el cierre que el Municipio est\u00e1 haciendo en varias alamedas de la ciudad, lo que gener\u00f3 una ca\u00edda casi total de las ventas para este comerciante en particular.<\/p>\n<p><strong>EST\u00c1 DESESPERADO<\/strong><br \/>\nDiario El Trabajo habl\u00f3 con este comerciante, \u00abestoy desesperado, llevo ya m\u00e1s de dos semanas que no vendo un solo producto, pero igual tengo que pagar alquiler, luz y agua, no es posible que las autoridades nos hagan esto. Con este cierre de alamedas nos est\u00e1n afectando, soy de pocos recursos y tal parece que hasta el mes de marzo estar\u00e1n habilitando esta v\u00eda, ning\u00fan auto pasa frente a mi local, estos clientes prefieren ir a comprara otras partes\u00bb, coment\u00f3 angustiado \u2018Vitoko\u2019 Urbina.<\/p>\n<p><strong>SON TRES SEMANAS<\/strong><br \/>\nEfectivamente, las c\u00e1maras de Diario El Trabajo tomaron registro del cierre de alameda en Traslavi\u00f1a con Chacabuco, bloqueo impide el paso vehicular en direcci\u00f3n del tr\u00e1nsito. Nuestro medio habl\u00f3 ayer con Claudio Paredes, Secpla del Municipio, \u00abefectivamente, hace pocos d\u00edas cerramos esa esquina en Chacabuco, en este caso en particular las obras contemplan s\u00f3lo el romper el cuello de las v\u00edas, est\u00e1 programado que en tres semanas, o en menos tiempo si nos es posible, estaremos habilitando el paso por esta v\u00eda, ofrecemos disculpas por los inconvenientes del caso\u00bb, asegur\u00f3 Paredes.<br \/>\n<strong>Roberto Gonz\u00e1lez Short<\/strong><\/p>\n<figure id=\"attachment_76380\" aria-describedby=\"caption-attachment-76380\" style=\"width: 530px\" class=\"wp-caption alignleft\"><a href=\"http:\/\/www.eltrabajo.cl\/portal\/comerciante-sanfelipeno-desesperado-por-cierre-de-traslavina-chacabuco\/vitoko3\/\" rel=\"attachment wp-att-76380\"><img data-recalc-dims=\"1\" loading=\"lazy\" decoding=\"async\" class=\"size-full wp-image-76380\" src=\"https:\/\/i0.wp.com\/www.eltrabajo.cl\/2017\/wp-content\/uploads\/2017\/01\/Vitoko3.jpg?resize=530%2C350\" alt=\"SIN PASO.- Efectivamente, este cierre de alameda en Traslavi\u00f1a con Chacabuco, impide el paso vehicular en direcci\u00f3n del tr\u00e1nsito.\" width=\"530\" height=\"350\" srcset=\"https:\/\/i0.wp.com\/eltrabajo.cl\/portal\/wp-content\/uploads\/2017\/01\/Vitoko3.jpg?w=530&amp;ssl=1 530w, https:\/\/i0.wp.com\/eltrabajo.cl\/portal\/wp-content\/uploads\/2017\/01\/Vitoko3.jpg?resize=200%2C132&amp;ssl=1 200w, https:\/\/i0.wp.com\/eltrabajo.cl\/portal\/wp-content\/uploads\/2017\/01\/Vitoko3.jpg?resize=300%2C198&amp;ssl=1 300w, https:\/\/i0.wp.com\/eltrabajo.cl\/portal\/wp-content\/uploads\/2017\/01\/Vitoko3.jpg?resize=227%2C150&amp;ssl=1 227w, https:\/\/i0.wp.com\/eltrabajo.cl\/portal\/wp-content\/uploads\/2017\/01\/Vitoko3.jpg?resize=400%2C264&amp;ssl=1 400w\" sizes=\"auto, (max-width: 530px) 100vw, 530px\" \/><\/a><figcaption id=\"caption-attachment-76380\" class=\"wp-caption-text\">SIN PASO.- Efectivamente, este cierre de alameda en Traslavi\u00f1a con Chacabuco, impide el paso vehicular en direcci\u00f3n del tr\u00e1nsito.<\/figcaption><\/figure>\n<figure id=\"attachment_76381\" aria-describedby=\"caption-attachment-76381\" style=\"width: 530px\" class=\"wp-caption alignleft\"><a href=\"http:\/\/www.eltrabajo.cl\/portal\/comerciante-sanfelipeno-desesperado-por-cierre-de-traslavina-chacabuco\/vitiko2\/\" rel=\"attachment wp-att-76381\"><img data-recalc-dims=\"1\" loading=\"lazy\" decoding=\"async\" class=\"size-full wp-image-76381\" src=\"https:\/\/i0.wp.com\/www.eltrabajo.cl\/2017\/wp-content\/uploads\/2017\/01\/Vitiko2.jpg?resize=530%2C349\" alt=\"ESPERANDO.- Este comerciante sanfelipe\u00f1o espera que muy pronto abran esta importante v\u00eda de la ciudad.\" width=\"530\" height=\"349\" srcset=\"https:\/\/i0.wp.com\/eltrabajo.cl\/portal\/wp-content\/uploads\/2017\/01\/Vitiko2.jpg?w=530&amp;ssl=1 530w, https:\/\/i0.wp.com\/eltrabajo.cl\/portal\/wp-content\/uploads\/2017\/01\/Vitiko2.jpg?resize=200%2C132&amp;ssl=1 200w, https:\/\/i0.wp.com\/eltrabajo.cl\/portal\/wp-content\/uploads\/2017\/01\/Vitiko2.jpg?resize=300%2C198&amp;ssl=1 300w, https:\/\/i0.wp.com\/eltrabajo.cl\/portal\/wp-content\/uploads\/2017\/01\/Vitiko2.jpg?resize=228%2C150&amp;ssl=1 228w, https:\/\/i0.wp.com\/eltrabajo.cl\/portal\/wp-content\/uploads\/2017\/01\/Vitiko2.jpg?resize=400%2C263&amp;ssl=1 400w\" sizes=\"auto, (max-width: 530px) 100vw, 530px\" \/><\/a><figcaption id=\"caption-attachment-76381\" class=\"wp-caption-text\">ESPERANDO.- Este comerciante sanfelipe\u00f1o espera que muy pronto abran esta importante v\u00eda de la ciudad.<\/figcaption><\/figure>\n","protected":false},"excerpt":{"rendered":"<p>Todos nuestros lectores conocen al hincha m\u00e1s animado del Un\u00ed Un\u00ed, V\u00edctor Hugo \u2018Vitoko\u2019 Urbina, sanfelipe\u00f1o que tambi\u00e9n tiene su propio local, en donde vende alimentos para mascotas y otros implementos para&#8230;<\/p>\n","protected":false},"author":1,"featured_media":76381,"comment_status":"open","ping_status":"open","sticky":false,"template":"","format":"standard","meta":{"advanced_seo_description":"","jetpack_seo_html_title":"","jetpack_seo_noindex":false,"_jetpack_memberships_contains_paid_content":false,"footnotes":""},"categories":[15],"tags":[],"class_list":["post-76379","post","type-post","status-publish","format-standard","has-post-thumbnail","hentry","category-comunidad"],"jetpack_featured_media_url":"https:\/\/i0.wp.com\/eltrabajo.cl\/portal\/wp-content\/uploads\/2017\/01\/Vitiko2.jpg?fit=530%2C349&ssl=1","jetpack_sharing_enabled":true,"jetpack_likes_enabled":true,"jetpack-related-posts":[],"_links":{"self":[{"href":"https:\/\/eltrabajo.cl\/portal\/wp-json\/wp\/v2\/posts\/76379","targetHints":{"allow":["GET"]}}],"collection":[{"href":"https:\/\/eltrabajo.cl\/portal\/wp-json\/wp\/v2\/posts"}],"about":[{"href":"https:\/\/eltrabajo.cl\/portal\/wp-json\/wp\/v2\/types\/post"}],"author":[{"embeddable":true,"href":"https:\/\/eltrabajo.cl\/portal\/wp-json\/wp\/v2\/users\/1"}],"replies":[{"embeddable":true,"href":"https:\/\/eltrabajo.cl\/portal\/wp-json\/wp\/v2\/comments?post=76379"}],"version-history":[{"count":0,"href":"https:\/\/eltrabajo.cl\/portal\/wp-json\/wp\/v2\/posts\/76379\/revisions"}],"wp:featuredmedia":[{"embeddable":true,"href":"https:\/\/eltrabajo.cl\/portal\/wp-json\/wp\/v2\/media\/76381"}],"wp:attachment":[{"href":"https:\/\/eltrabajo.cl\/portal\/wp-json\/wp\/v2\/media?parent=76379"}],"wp:term":[{"taxonomy":"category","embeddable":true,"href":"https:\/\/eltrabajo.cl\/portal\/wp-json\/wp\/v2\/categories?post=76379"},{"taxonomy":"post_tag","embeddable":true,"href":"https:\/\/eltrabajo.cl\/portal\/wp-json\/wp\/v2\/tags?post=76379"}],"curies":[{"name":"wp","href":"https:\/\/api.w.org\/{rel}","templated":true}]}}