{"id":76399,"date":"2017-01-09T08:44:14","date_gmt":"2017-01-09T08:44:14","guid":{"rendered":"http:\/\/www.eltrabajo.cl\/portal\/?p=76399"},"modified":"2017-01-09T08:44:14","modified_gmt":"2017-01-09T08:44:14","slug":"preocupacion-despierta-caida-de-anoso-arbol-en-plena-plaza-de-armas","status":"publish","type":"post","link":"https:\/\/eltrabajo.cl\/portal\/preocupacion-despierta-caida-de-anoso-arbol-en-plena-plaza-de-armas\/","title":{"rendered":"Preocupaci\u00f3n despierta ca\u00edda de a\u00f1oso \u00e1rbol en plena Plaza de Armas"},"content":{"rendered":"<ul>\n<li><strong>Con el fin de evitar una tragedia, la Direcci\u00f3n de Medio Ambiente tendr\u00e1 que liderar la realizaci\u00f3n de un estudio que permita conocer en detalle, la condici\u00f3n de los distintos tipos de \u00e1rboles, cu\u00e1les deben ser talados y reemplazados con urgencia.<\/strong><\/li>\n<\/ul>\n<p>S\u00f3lo un milagro, de esos que por obra y gracia de la divina providencia, nos entrega de vez en cuando la naturaleza, San Felipe hoy no est\u00e1 lamentando una tragedia de proporciones. Y es que la ca\u00edda de un a\u00f1oso \u00e1rbol en plena Plaza de Armas durante la madrugada del s\u00e1bado, pudo tener consecuencias fatales si es que se hubiese producido en un horario de mayor flujo peatonal y vehicular.<br \/>\nDesde su aposento, al costado norte del Ode\u00f3n Municipal, justo frente al municipio, con casi 200 a\u00f1os, la enorme especie dej\u00f3 sus ra\u00edces, cayendo sobre uno de los bancos de la plaza y atravesando su tronco sobre calle Salinas. Inicialmente se puede pensar que fue su longevidad, la causa de su ca\u00edda, pero al margen de las causas, es necesario tomar acciones desde ya para que no se repita un hecho similar que ponga en riesgo la vida de los transe\u00fantes.<br \/>\nAs\u00ed lo decret\u00f3 el alcalde de San Felipe, Patricio Freire Canto, quien afirm\u00f3 que afortunadamente este hecho s\u00f3lo se transform\u00f3 en una alarma que pone en advertencia la necesidad de realizar cuanto antes un estudio acabado de las distintas especies arb\u00f3reas del principal centro c\u00edvico de la ciudad.<br \/>\n\u201cEs urgente hacer un diagn\u00f3stico total de los \u00e1rboles de nuestra plaza, este lugar es nuestro oasis, nuestro pulm\u00f3n verde, el cual es muy necesario para los vecinos, as\u00ed que vamos a tener que hacer tambi\u00e9n una reforestaci\u00f3n que no signifiquen un peligro para los ciudadanos\u201d, sentenci\u00f3 Freire, anticipando que ser\u00e1 la Direcci\u00f3n de Medio Ambiente la que asuma la responsabilidad de realizar este estudio.<br \/>\nDe acuerdo a lo manifestado por el jefe comunal, este hecho gener\u00f3 mucha preocupaci\u00f3n en el municipio y adem\u00e1s les permiti\u00f3 darse cuenta que el estudio que anteriormente hab\u00eda realizado la Universidad Cat\u00f3lica era demasiado superficial: \u201cNo ten\u00edamos un scanner de cada \u00e1rbol, sino solo la parte externa de las especies, pero esto nos da un aviso de lo que tenemos que realizar\u201d, insisti\u00f3 el edil.<br \/>\nSeg\u00fan el concejal de la comuna, Dr. Christian Beals, en diciembre de 2016, \u00e9l present\u00f3 un proyecto que fue aprobado por el Concejo Municipal, para realizar un estudio de la arborizaci\u00f3n de San Felipe, en el cual debe determinarse qu\u00e9 tipo de especies son las adecuadas para la zona; considerando las temperatura reinantes, que se mantengan verde durante gran parte del a\u00f1o y que no produzca alergias.<br \/>\nEn esta misma investigaci\u00f3n, debiera conocerse el tiempo que tienen algunas especies sobre sus ra\u00edces, para determinar cu\u00e1les son las especies que deben ser taladas. \u201cEsos \u00e1rboles que el estudio arroje que est\u00e1n deteriorados, que no tienen consistencia y que est\u00e1n sin posibilidad de sostenerse, hay que sacarlos, ah\u00ed es donde pedimos el entendimiento del p\u00fablico, que muchas veces reclama que estamos sacando \u00e1rboles centenarios, pero que la verdad son un peligro y no se puede permitir mantenerlos\u201d, enfatiz\u00f3.<br \/>\nSin embargo, para el concejal, la tarea no concluye al momento de eliminar los \u00e1rboles a\u00f1osos y es necesario acompa\u00f1arla de un adecuado plan de reforestaci\u00f3n, pues seg\u00fan afirm\u00f3, \u201cde las 49 manzanas debi\u00e9ramos tener 4600 \u00e1rboles, hay un d\u00e9ficit del 48 por ciento y muchas de las zonas donde debiera haber \u00e1rboles est\u00e1n tapadas con cemento\u201d, se\u00f1al\u00f3 el galeno, asegurando que desde ya, es urgente acelerar este estudio para\u201creemplazar aqu\u00e9llos \u00e1rboles que por altura, por tiempo y las sequ\u00edas prolongadas que hemos tenido, han creado problemas en sus ra\u00edces\u201d, argument\u00f3 Beals.<br \/>\nFinalmente, el concejal asegur\u00f3 que este estudio no s\u00f3lo debe limitarse a la Plaza de Armas, sino que hay que extenderlo hacia las alamedas y otras avenidas que presentan especies de larga data, que en cualquier momento pueden desencadenar una tragedia.<\/p>\n<figure id=\"attachment_76401\" aria-describedby=\"caption-attachment-76401\" style=\"width: 530px\" class=\"wp-caption alignleft\"><a href=\"http:\/\/www.eltrabajo.cl\/portal\/preocupacion-despierta-caida-de-anoso-arbol-en-plena-plaza-de-armas\/arbol-caido-plaza-de-armas\/\" rel=\"attachment wp-att-76401\"><img data-recalc-dims=\"1\" loading=\"lazy\" decoding=\"async\" class=\"size-full wp-image-76401\" src=\"https:\/\/i0.wp.com\/www.eltrabajo.cl\/2017\/wp-content\/uploads\/2017\/01\/arbol-caido-plaza-de-armas.jpg?resize=530%2C349\" alt=\"Un inmenso \u00e1rbol cay\u00f3 la madrugada frente a la Municipalidad de San Felipe, destruyendo esca\u00f1os aunque sin dejar personas heridas.\" width=\"530\" height=\"349\" srcset=\"https:\/\/i0.wp.com\/eltrabajo.cl\/portal\/wp-content\/uploads\/2017\/01\/arbol-caido-plaza-de-armas.jpg?w=530&amp;ssl=1 530w, https:\/\/i0.wp.com\/eltrabajo.cl\/portal\/wp-content\/uploads\/2017\/01\/arbol-caido-plaza-de-armas.jpg?resize=200%2C132&amp;ssl=1 200w, https:\/\/i0.wp.com\/eltrabajo.cl\/portal\/wp-content\/uploads\/2017\/01\/arbol-caido-plaza-de-armas.jpg?resize=300%2C198&amp;ssl=1 300w, https:\/\/i0.wp.com\/eltrabajo.cl\/portal\/wp-content\/uploads\/2017\/01\/arbol-caido-plaza-de-armas.jpg?resize=228%2C150&amp;ssl=1 228w, https:\/\/i0.wp.com\/eltrabajo.cl\/portal\/wp-content\/uploads\/2017\/01\/arbol-caido-plaza-de-armas.jpg?resize=400%2C263&amp;ssl=1 400w\" sizes=\"auto, (max-width: 530px) 100vw, 530px\" \/><\/a><figcaption id=\"caption-attachment-76401\" class=\"wp-caption-text\">Un inmenso \u00e1rbol cay\u00f3 la madrugada frente a la Municipalidad de San Felipe, destruyendo esca\u00f1os aunque sin dejar personas heridas.<\/figcaption><\/figure>\n<figure id=\"attachment_76400\" aria-describedby=\"caption-attachment-76400\" style=\"width: 300px\" class=\"wp-caption alignleft\"><a href=\"http:\/\/www.eltrabajo.cl\/portal\/preocupacion-despierta-caida-de-anoso-arbol-en-plena-plaza-de-armas\/alcalde-de-san-felipe-patricio-freire-canto-6\/\" rel=\"attachment wp-att-76400\"><img data-recalc-dims=\"1\" loading=\"lazy\" decoding=\"async\" class=\"size-medium wp-image-76400\" src=\"https:\/\/i0.wp.com\/www.eltrabajo.cl\/2017\/wp-content\/uploads\/2017\/01\/ALCALDE-DE-SAN-FELIPE-PATRICIO-FREIRE-CANTO-6-300x198.jpg?resize=300%2C198\" alt=\"Patricio Freire Canto, Alcalde de San Felipe.\" width=\"300\" height=\"198\" srcset=\"https:\/\/i0.wp.com\/eltrabajo.cl\/portal\/wp-content\/uploads\/2017\/01\/ALCALDE-DE-SAN-FELIPE-PATRICIO-FREIRE-CANTO-6.jpg?resize=300%2C198&amp;ssl=1 300w, https:\/\/i0.wp.com\/eltrabajo.cl\/portal\/wp-content\/uploads\/2017\/01\/ALCALDE-DE-SAN-FELIPE-PATRICIO-FREIRE-CANTO-6.jpg?resize=200%2C132&amp;ssl=1 200w, https:\/\/i0.wp.com\/eltrabajo.cl\/portal\/wp-content\/uploads\/2017\/01\/ALCALDE-DE-SAN-FELIPE-PATRICIO-FREIRE-CANTO-6.jpg?resize=228%2C150&amp;ssl=1 228w, https:\/\/i0.wp.com\/eltrabajo.cl\/portal\/wp-content\/uploads\/2017\/01\/ALCALDE-DE-SAN-FELIPE-PATRICIO-FREIRE-CANTO-6.jpg?resize=400%2C263&amp;ssl=1 400w, https:\/\/i0.wp.com\/eltrabajo.cl\/portal\/wp-content\/uploads\/2017\/01\/ALCALDE-DE-SAN-FELIPE-PATRICIO-FREIRE-CANTO-6.jpg?w=530&amp;ssl=1 530w\" sizes=\"auto, (max-width: 300px) 100vw, 300px\" \/><\/a><figcaption id=\"caption-attachment-76400\" class=\"wp-caption-text\">Patricio Freire Canto, Alcalde de San Felipe.<\/figcaption><\/figure>\n<figure id=\"attachment_76402\" aria-describedby=\"caption-attachment-76402\" style=\"width: 300px\" class=\"wp-caption alignleft\"><a href=\"http:\/\/www.eltrabajo.cl\/portal\/preocupacion-despierta-caida-de-anoso-arbol-en-plena-plaza-de-armas\/christian-beals\/\" rel=\"attachment wp-att-76402\"><img data-recalc-dims=\"1\" loading=\"lazy\" decoding=\"async\" class=\"wp-image-76402 size-medium\" src=\"https:\/\/i0.wp.com\/www.eltrabajo.cl\/2017\/wp-content\/uploads\/2017\/01\/christian-beals-300x197.jpg?resize=300%2C197\" alt=\"Dr. Christian Beals Campos, Concejal.\" width=\"300\" height=\"197\" srcset=\"https:\/\/i0.wp.com\/eltrabajo.cl\/portal\/wp-content\/uploads\/2017\/01\/christian-beals.jpg?resize=300%2C197&amp;ssl=1 300w, https:\/\/i0.wp.com\/eltrabajo.cl\/portal\/wp-content\/uploads\/2017\/01\/christian-beals.jpg?resize=200%2C131&amp;ssl=1 200w, https:\/\/i0.wp.com\/eltrabajo.cl\/portal\/wp-content\/uploads\/2017\/01\/christian-beals.jpg?resize=228%2C150&amp;ssl=1 228w, https:\/\/i0.wp.com\/eltrabajo.cl\/portal\/wp-content\/uploads\/2017\/01\/christian-beals.jpg?resize=400%2C263&amp;ssl=1 400w, https:\/\/i0.wp.com\/eltrabajo.cl\/portal\/wp-content\/uploads\/2017\/01\/christian-beals.jpg?w=530&amp;ssl=1 530w\" sizes=\"auto, (max-width: 300px) 100vw, 300px\" \/><\/a><figcaption id=\"caption-attachment-76402\" class=\"wp-caption-text\">Dr. Christian Beals Campos, Concejal.<\/figcaption><\/figure>\n","protected":false},"excerpt":{"rendered":"<p>Con el fin de evitar una tragedia, la Direcci\u00f3n de Medio Ambiente tendr\u00e1 que liderar la realizaci\u00f3n de un estudio que permita conocer en detalle, la condici\u00f3n de los distintos tipos de&#8230;<\/p>\n","protected":false},"author":1,"featured_media":76401,"comment_status":"open","ping_status":"open","sticky":false,"template":"","format":"standard","meta":{"advanced_seo_description":"","jetpack_seo_html_title":"","jetpack_seo_noindex":false,"_jetpack_memberships_contains_paid_content":false,"footnotes":""},"categories":[1],"tags":[],"class_list":["post-76399","post","type-post","status-publish","format-standard","has-post-thumbnail","hentry","category-cronica"],"jetpack_featured_media_url":"https:\/\/i0.wp.com\/eltrabajo.cl\/portal\/wp-content\/uploads\/2017\/01\/arbol-caido-plaza-de-armas.jpg?fit=530%2C349&ssl=1","jetpack_sharing_enabled":true,"jetpack_likes_enabled":true,"jetpack-related-posts":[],"_links":{"self":[{"href":"https:\/\/eltrabajo.cl\/portal\/wp-json\/wp\/v2\/posts\/76399","targetHints":{"allow":["GET"]}}],"collection":[{"href":"https:\/\/eltrabajo.cl\/portal\/wp-json\/wp\/v2\/posts"}],"about":[{"href":"https:\/\/eltrabajo.cl\/portal\/wp-json\/wp\/v2\/types\/post"}],"author":[{"embeddable":true,"href":"https:\/\/eltrabajo.cl\/portal\/wp-json\/wp\/v2\/users\/1"}],"replies":[{"embeddable":true,"href":"https:\/\/eltrabajo.cl\/portal\/wp-json\/wp\/v2\/comments?post=76399"}],"version-history":[{"count":0,"href":"https:\/\/eltrabajo.cl\/portal\/wp-json\/wp\/v2\/posts\/76399\/revisions"}],"wp:featuredmedia":[{"embeddable":true,"href":"https:\/\/eltrabajo.cl\/portal\/wp-json\/wp\/v2\/media\/76401"}],"wp:attachment":[{"href":"https:\/\/eltrabajo.cl\/portal\/wp-json\/wp\/v2\/media?parent=76399"}],"wp:term":[{"taxonomy":"category","embeddable":true,"href":"https:\/\/eltrabajo.cl\/portal\/wp-json\/wp\/v2\/categories?post=76399"},{"taxonomy":"post_tag","embeddable":true,"href":"https:\/\/eltrabajo.cl\/portal\/wp-json\/wp\/v2\/tags?post=76399"}],"curies":[{"name":"wp","href":"https:\/\/api.w.org\/{rel}","templated":true}]}}