{"id":76405,"date":"2017-01-09T08:47:13","date_gmt":"2017-01-09T08:47:13","guid":{"rendered":"http:\/\/www.eltrabajo.cl\/portal\/?p=76405"},"modified":"2017-01-09T08:47:13","modified_gmt":"2017-01-09T08:47:13","slug":"vecinos-de-poblacion-puerta-del-inca-con-utensilios-de-cocina-nuevos","status":"publish","type":"post","link":"https:\/\/eltrabajo.cl\/portal\/vecinos-de-poblacion-puerta-del-inca-con-utensilios-de-cocina-nuevos\/","title":{"rendered":"Vecinos de poblaci\u00f3n Puerta del Inca con utensilios de cocina nuevos"},"content":{"rendered":"<ul>\n<li><strong>Gracias a Fondo Presidente de la Rep\u00fablica:<\/strong><\/li>\n<\/ul>\n<p>Durante este fin de semana la junta vecinal de Poblaci\u00f3n Puerta del Inca, regente de 154 familias, present\u00f3 a sus vecinos los implementos de cocina que compraron para su beneficio gracias a un proyecto Fondo Presidente de la Rep\u00fablica, el que les fue adjudicado en septiembre de 2016, por un monto de $582.700.<\/p>\n<p><strong>VECINOS CONTENTOS<\/strong><br \/>\nLas c\u00e1maras de Diario El Trabajo, fueron invitadas para hacer registro de este acto formal, \u00abcon este dinero pudimos comprar un fog\u00f3n; una notebook; un regulador; un freidor; un termo; un fondo; un sart\u00e9n; una picadora y un hervidor. Estas mejoras en nuestra sede vecinal nos permitir\u00e1 poder elaborar comidas y platillos para el beneficio de nuestras familias, especialmente cuando realicemos actividades como Bingos solidarios; Fiestas Patrias y cumplea\u00f1os o aniversarios\u00bb, dijo a nuestro medio, el presidente de esa junta vecinal, don Armando Silva.<\/p>\n<p><strong>CON AUTONOM\u00cdA<\/strong><br \/>\nA la actividad, concurrieron familias de la poblaci\u00f3n y el dideco Pablo Silva, quien en calidad de invitado asegur\u00f3 a nuestro medio que \u00abpara m\u00ed, a t\u00edtulo personal, es bueno ver c\u00f3mo estas juntas vecinales se han apoderado de sus propios proyectos, no son familias que dependan s\u00f3lo de que alguien les tramite sus propuestas, ellos han aprendido en la Escuela del Dirigente a elaborar sus propios proyectos de manera aut\u00f3noma, eso deber\u00edan hacer el resto de juntas vecinales de nuestra comuna, impulsar y gestionar de manera aut\u00f3noma, obvio que en el Municipio seguiremos apoy\u00e1ndoles en lo que nos sea posible\u00bb.<br \/>\n<strong>Roberto Gonz\u00e1lez Short<\/strong><\/p>\n<figure id=\"attachment_76406\" aria-describedby=\"caption-attachment-76406\" style=\"width: 530px\" class=\"wp-caption alignleft\"><a href=\"http:\/\/www.eltrabajo.cl\/portal\/vecinos-de-poblacion-puerta-del-inca-con-utensilios-de-cocina-nuevos\/vecinos-puerta-del-inca\/\" rel=\"attachment wp-att-76406\"><img data-recalc-dims=\"1\" loading=\"lazy\" decoding=\"async\" class=\"size-full wp-image-76406\" src=\"https:\/\/i0.wp.com\/www.eltrabajo.cl\/2017\/wp-content\/uploads\/2017\/01\/Vecinos-puerta-del-inca.jpg?resize=530%2C350\" alt=\"M\u00c1S AUTONOM\u00cdA- Los vecinos de Poblaci\u00f3n Puerta del Inca, se mostraron m\u00e1s que satisfechos con este nuevo proyecto.\" width=\"530\" height=\"350\" srcset=\"https:\/\/i0.wp.com\/eltrabajo.cl\/portal\/wp-content\/uploads\/2017\/01\/Vecinos-puerta-del-inca.jpg?w=530&amp;ssl=1 530w, https:\/\/i0.wp.com\/eltrabajo.cl\/portal\/wp-content\/uploads\/2017\/01\/Vecinos-puerta-del-inca.jpg?resize=200%2C132&amp;ssl=1 200w, https:\/\/i0.wp.com\/eltrabajo.cl\/portal\/wp-content\/uploads\/2017\/01\/Vecinos-puerta-del-inca.jpg?resize=300%2C198&amp;ssl=1 300w, https:\/\/i0.wp.com\/eltrabajo.cl\/portal\/wp-content\/uploads\/2017\/01\/Vecinos-puerta-del-inca.jpg?resize=227%2C150&amp;ssl=1 227w, https:\/\/i0.wp.com\/eltrabajo.cl\/portal\/wp-content\/uploads\/2017\/01\/Vecinos-puerta-del-inca.jpg?resize=400%2C264&amp;ssl=1 400w\" sizes=\"auto, (max-width: 530px) 100vw, 530px\" \/><\/a><figcaption id=\"caption-attachment-76406\" class=\"wp-caption-text\">M\u00c1S AUTONOM\u00cdA- Los vecinos de Poblaci\u00f3n Puerta del Inca, se mostraron m\u00e1s que satisfechos con este nuevo proyecto.<\/figcaption><\/figure>\n<figure id=\"attachment_76407\" aria-describedby=\"caption-attachment-76407\" style=\"width: 530px\" class=\"wp-caption alignleft\"><a href=\"http:\/\/www.eltrabajo.cl\/portal\/vecinos-de-poblacion-puerta-del-inca-con-utensilios-de-cocina-nuevos\/vecinos-puerta-del-inca-cocina\/\" rel=\"attachment wp-att-76407\"><img data-recalc-dims=\"1\" loading=\"lazy\" decoding=\"async\" class=\"size-full wp-image-76407\" src=\"https:\/\/i0.wp.com\/www.eltrabajo.cl\/2017\/wp-content\/uploads\/2017\/01\/Vecinos-puerta-del-inca-cocina.jpg?resize=530%2C350\" alt=\"TODO NUEVO.- Todos estos utensilios de cocina son nuevos, y de gran calidad para el uso de todos los vecinos.\" width=\"530\" height=\"350\" srcset=\"https:\/\/i0.wp.com\/eltrabajo.cl\/portal\/wp-content\/uploads\/2017\/01\/Vecinos-puerta-del-inca-cocina.jpg?w=530&amp;ssl=1 530w, https:\/\/i0.wp.com\/eltrabajo.cl\/portal\/wp-content\/uploads\/2017\/01\/Vecinos-puerta-del-inca-cocina.jpg?resize=200%2C132&amp;ssl=1 200w, https:\/\/i0.wp.com\/eltrabajo.cl\/portal\/wp-content\/uploads\/2017\/01\/Vecinos-puerta-del-inca-cocina.jpg?resize=300%2C198&amp;ssl=1 300w, https:\/\/i0.wp.com\/eltrabajo.cl\/portal\/wp-content\/uploads\/2017\/01\/Vecinos-puerta-del-inca-cocina.jpg?resize=227%2C150&amp;ssl=1 227w, https:\/\/i0.wp.com\/eltrabajo.cl\/portal\/wp-content\/uploads\/2017\/01\/Vecinos-puerta-del-inca-cocina.jpg?resize=400%2C264&amp;ssl=1 400w\" sizes=\"auto, (max-width: 530px) 100vw, 530px\" \/><\/a><figcaption id=\"caption-attachment-76407\" class=\"wp-caption-text\">TODO NUEVO.- Todos estos utensilios de cocina son nuevos, y de gran calidad para el uso de todos los vecinos.<\/figcaption><\/figure>\n","protected":false},"excerpt":{"rendered":"<p>Gracias a Fondo Presidente de la Rep\u00fablica: Durante este fin de semana la junta vecinal de Poblaci\u00f3n Puerta del Inca, regente de 154 familias, present\u00f3 a sus vecinos los implementos de cocina&#8230;<\/p>\n","protected":false},"author":1,"featured_media":76406,"comment_status":"open","ping_status":"open","sticky":false,"template":"","format":"standard","meta":{"advanced_seo_description":"","jetpack_seo_html_title":"","jetpack_seo_noindex":false,"_jetpack_memberships_contains_paid_content":false,"footnotes":""},"categories":[15],"tags":[],"class_list":["post-76405","post","type-post","status-publish","format-standard","has-post-thumbnail","hentry","category-comunidad"],"jetpack_featured_media_url":"https:\/\/i0.wp.com\/eltrabajo.cl\/portal\/wp-content\/uploads\/2017\/01\/Vecinos-puerta-del-inca.jpg?fit=530%2C350&ssl=1","jetpack_sharing_enabled":true,"jetpack_likes_enabled":true,"jetpack-related-posts":[],"_links":{"self":[{"href":"https:\/\/eltrabajo.cl\/portal\/wp-json\/wp\/v2\/posts\/76405","targetHints":{"allow":["GET"]}}],"collection":[{"href":"https:\/\/eltrabajo.cl\/portal\/wp-json\/wp\/v2\/posts"}],"about":[{"href":"https:\/\/eltrabajo.cl\/portal\/wp-json\/wp\/v2\/types\/post"}],"author":[{"embeddable":true,"href":"https:\/\/eltrabajo.cl\/portal\/wp-json\/wp\/v2\/users\/1"}],"replies":[{"embeddable":true,"href":"https:\/\/eltrabajo.cl\/portal\/wp-json\/wp\/v2\/comments?post=76405"}],"version-history":[{"count":0,"href":"https:\/\/eltrabajo.cl\/portal\/wp-json\/wp\/v2\/posts\/76405\/revisions"}],"wp:featuredmedia":[{"embeddable":true,"href":"https:\/\/eltrabajo.cl\/portal\/wp-json\/wp\/v2\/media\/76406"}],"wp:attachment":[{"href":"https:\/\/eltrabajo.cl\/portal\/wp-json\/wp\/v2\/media?parent=76405"}],"wp:term":[{"taxonomy":"category","embeddable":true,"href":"https:\/\/eltrabajo.cl\/portal\/wp-json\/wp\/v2\/categories?post=76405"},{"taxonomy":"post_tag","embeddable":true,"href":"https:\/\/eltrabajo.cl\/portal\/wp-json\/wp\/v2\/tags?post=76405"}],"curies":[{"name":"wp","href":"https:\/\/api.w.org\/{rel}","templated":true}]}}