{"id":76427,"date":"2017-01-09T08:57:39","date_gmt":"2017-01-09T08:57:39","guid":{"rendered":"http:\/\/www.eltrabajo.cl\/portal\/?p=76427"},"modified":"2017-01-09T08:57:39","modified_gmt":"2017-01-09T08:57:39","slug":"monjes-shaolin-conquistaron-con-su-kung-fu-a-7-000-sanfelipenos","status":"publish","type":"post","link":"https:\/\/eltrabajo.cl\/portal\/monjes-shaolin-conquistaron-con-su-kung-fu-a-7-000-sanfelipenos\/","title":{"rendered":"Monjes Shaol\u00edn conquistaron con su Kung Fu a 7.000 sanfelipe\u00f1os"},"content":{"rendered":"<ul>\n<li><strong>Dinero recaudado lo destinan a su templo en las monta\u00f1as de China:<\/strong><\/li>\n<\/ul>\n<p>Cerca de 7.000 personas fueron las que se dieron cita al filo de las 21:00 horas en las inmediaciones de la Plaza C\u00edvica de San Felipe para disfrutar, asombrarse y aplaudir de las destrezas marciales de los 20 monjes Shaol\u00edn que visitaron nuestra comuna el pasado s\u00e1bado, \u00fanica presentaci\u00f3n que se desarroll\u00f3 en Aconcagua de estos religiosos orientales, en el marco de Teatro A Mil, reflejando as\u00ed un esfuerzo que el alcalde Patricio Freire; el concejo municipal y el departamento de Cultura desean seguir impulsando en beneficio del regocijo familiar en nuestra comuna.<\/p>\n<p><strong>SHAOL\u00cdN VERDADEROS<\/strong><br \/>\nLas c\u00e1maras de Diario El Trabajo tomaron un registro detallado de esta colosal actividad para nuestros lectores que no pudieron asistir, tambi\u00e9n hablamos con Cristopher Sayago, productor general de Monjes Shaol\u00edn para Teatro A Mil, \u00abnuestra propuesta de Monjes Shaol\u00edn es una muestra de Artes Marciales, puntualmente Kung Fu, ellos son monjes de verdad, desde sus ocho a\u00f1os han estado en su templo en las monta\u00f1as de China, hasta el mayor, de 28 a\u00f1os. Todo el dinero que ellos generen por medio de su trabajo, es destinado a su templo en China, as\u00ed lo vienen haciendo hace ya casi medio siglo, estamos muy contentos que en San Felipe los hayan recibido tan bien\u00bb.<\/p>\n<p><strong>CLAROS FRUTOS<\/strong><br \/>\nPor su parte, el alcalde Patricio Freire, principal promotor de esta clase de iniciativas en la comuna, coment\u00f3 que \u00abmuy contentos de cosechar los frutos de este convenio del Municipio con Fundaci\u00f3n Teatro A Mil, porque antes nuestros vecinos ten\u00edan que ir a otras ciudades y pa\u00edses para poder disfrutar de un espect\u00e1culo internacional como el que vimos este s\u00e1bado, aqu\u00ed hay cultura, aqu\u00ed tenemos una propuesta de excelencia art\u00edstica\u00bb, dijo Freire a Diario El Trabajo.<br \/>\n<strong>Roberto Gonz\u00e1lez Short<\/strong><\/p>\n<figure id=\"attachment_76428\" aria-describedby=\"caption-attachment-76428\" style=\"width: 300px\" class=\"wp-caption alignleft\"><a href=\"http:\/\/www.eltrabajo.cl\/portal\/monjes-shaolin-conquistaron-con-su-kung-fu-a-7-000-sanfelipenos\/shaolin-cristopher-sayago\/\" rel=\"attachment wp-att-76428\"><img data-recalc-dims=\"1\" loading=\"lazy\" decoding=\"async\" class=\"size-medium wp-image-76428\" src=\"https:\/\/i0.wp.com\/www.eltrabajo.cl\/2017\/wp-content\/uploads\/2017\/01\/shaolin-Cristopher-Sayago-300x198.jpg?resize=300%2C198\" alt=\"Cristopher Sayago, productor general de Monjes Shaol\u00edn para Teatro A Mil.\" width=\"300\" height=\"198\" srcset=\"https:\/\/i0.wp.com\/eltrabajo.cl\/portal\/wp-content\/uploads\/2017\/01\/shaolin-Cristopher-Sayago.jpg?resize=300%2C198&amp;ssl=1 300w, https:\/\/i0.wp.com\/eltrabajo.cl\/portal\/wp-content\/uploads\/2017\/01\/shaolin-Cristopher-Sayago.jpg?resize=200%2C132&amp;ssl=1 200w, https:\/\/i0.wp.com\/eltrabajo.cl\/portal\/wp-content\/uploads\/2017\/01\/shaolin-Cristopher-Sayago.jpg?resize=228%2C150&amp;ssl=1 228w, https:\/\/i0.wp.com\/eltrabajo.cl\/portal\/wp-content\/uploads\/2017\/01\/shaolin-Cristopher-Sayago.jpg?resize=400%2C263&amp;ssl=1 400w, https:\/\/i0.wp.com\/eltrabajo.cl\/portal\/wp-content\/uploads\/2017\/01\/shaolin-Cristopher-Sayago.jpg?w=530&amp;ssl=1 530w\" sizes=\"auto, (max-width: 300px) 100vw, 300px\" \/><\/a><figcaption id=\"caption-attachment-76428\" class=\"wp-caption-text\">Cristopher Sayago, productor general de Monjes Shaol\u00edn para Teatro A Mil.<\/figcaption><\/figure>\n<figure id=\"attachment_76429\" aria-describedby=\"caption-attachment-76429\" style=\"width: 530px\" class=\"wp-caption alignleft\"><a href=\"http:\/\/www.eltrabajo.cl\/portal\/monjes-shaolin-conquistaron-con-su-kung-fu-a-7-000-sanfelipenos\/shaolin-guerreros\/\" rel=\"attachment wp-att-76429\"><img data-recalc-dims=\"1\" loading=\"lazy\" decoding=\"async\" class=\"size-full wp-image-76429\" src=\"https:\/\/i0.wp.com\/www.eltrabajo.cl\/2017\/wp-content\/uploads\/2017\/01\/Shaolin-guerreros.jpg?resize=530%2C350\" alt=\"GUERREROS DEL KUNG FU.- Los 20 monjes presentaron combates de alta complejidad, dejando con la boca abierta a todos los presentes.\" width=\"530\" height=\"350\" srcset=\"https:\/\/i0.wp.com\/eltrabajo.cl\/portal\/wp-content\/uploads\/2017\/01\/Shaolin-guerreros.jpg?w=530&amp;ssl=1 530w, https:\/\/i0.wp.com\/eltrabajo.cl\/portal\/wp-content\/uploads\/2017\/01\/Shaolin-guerreros.jpg?resize=200%2C132&amp;ssl=1 200w, https:\/\/i0.wp.com\/eltrabajo.cl\/portal\/wp-content\/uploads\/2017\/01\/Shaolin-guerreros.jpg?resize=300%2C198&amp;ssl=1 300w, https:\/\/i0.wp.com\/eltrabajo.cl\/portal\/wp-content\/uploads\/2017\/01\/Shaolin-guerreros.jpg?resize=227%2C150&amp;ssl=1 227w, https:\/\/i0.wp.com\/eltrabajo.cl\/portal\/wp-content\/uploads\/2017\/01\/Shaolin-guerreros.jpg?resize=400%2C264&amp;ssl=1 400w\" sizes=\"auto, (max-width: 530px) 100vw, 530px\" \/><\/a><figcaption id=\"caption-attachment-76429\" class=\"wp-caption-text\">GUERREROS DEL KUNG FU.- Los 20 monjes presentaron combates de alta complejidad, dejando con la boca abierta a todos los presentes.<\/figcaption><\/figure>\n<figure id=\"attachment_76430\" aria-describedby=\"caption-attachment-76430\" style=\"width: 530px\" class=\"wp-caption alignleft\"><a href=\"http:\/\/www.eltrabajo.cl\/portal\/monjes-shaolin-conquistaron-con-su-kung-fu-a-7-000-sanfelipenos\/shaolin-principal\/\" rel=\"attachment wp-att-76430\"><img data-recalc-dims=\"1\" loading=\"lazy\" decoding=\"async\" class=\"size-full wp-image-76430\" src=\"https:\/\/i0.wp.com\/www.eltrabajo.cl\/2017\/wp-content\/uploads\/2017\/01\/shaolin-Principal.jpg?resize=530%2C350\" alt=\"DESTREZA MAGISTRAL.- Aqu\u00ed tenemos a este monje Shaol\u00edn, suspendido en el aire haciendo gala del manejo de sus armas.\" width=\"530\" height=\"350\" srcset=\"https:\/\/i0.wp.com\/eltrabajo.cl\/portal\/wp-content\/uploads\/2017\/01\/shaolin-Principal.jpg?w=530&amp;ssl=1 530w, https:\/\/i0.wp.com\/eltrabajo.cl\/portal\/wp-content\/uploads\/2017\/01\/shaolin-Principal.jpg?resize=200%2C132&amp;ssl=1 200w, https:\/\/i0.wp.com\/eltrabajo.cl\/portal\/wp-content\/uploads\/2017\/01\/shaolin-Principal.jpg?resize=300%2C198&amp;ssl=1 300w, https:\/\/i0.wp.com\/eltrabajo.cl\/portal\/wp-content\/uploads\/2017\/01\/shaolin-Principal.jpg?resize=227%2C150&amp;ssl=1 227w, https:\/\/i0.wp.com\/eltrabajo.cl\/portal\/wp-content\/uploads\/2017\/01\/shaolin-Principal.jpg?resize=400%2C264&amp;ssl=1 400w\" sizes=\"auto, (max-width: 530px) 100vw, 530px\" \/><\/a><figcaption id=\"caption-attachment-76430\" class=\"wp-caption-text\">DESTREZA MAGISTRAL.- Aqu\u00ed tenemos a este monje Shaol\u00edn, suspendido en el aire haciendo gala del manejo de sus armas.<\/figcaption><\/figure>\n<figure id=\"attachment_76431\" aria-describedby=\"caption-attachment-76431\" style=\"width: 530px\" class=\"wp-caption alignleft\"><a href=\"http:\/\/www.eltrabajo.cl\/portal\/monjes-shaolin-conquistaron-con-su-kung-fu-a-7-000-sanfelipenos\/shaolin-publico\/\" rel=\"attachment wp-att-76431\"><img data-recalc-dims=\"1\" loading=\"lazy\" decoding=\"async\" class=\"size-full wp-image-76431\" src=\"https:\/\/i0.wp.com\/www.eltrabajo.cl\/2017\/wp-content\/uploads\/2017\/01\/shaolin-publico.jpg?resize=530%2C348\" alt=\"MULTITUDINARIA.- M\u00e1s de 7.000 personas inundaron toda la cuadra y las dos plazas centrales de nuestra ciudad.\" width=\"530\" height=\"348\" srcset=\"https:\/\/i0.wp.com\/eltrabajo.cl\/portal\/wp-content\/uploads\/2017\/01\/shaolin-publico.jpg?w=530&amp;ssl=1 530w, https:\/\/i0.wp.com\/eltrabajo.cl\/portal\/wp-content\/uploads\/2017\/01\/shaolin-publico.jpg?resize=200%2C131&amp;ssl=1 200w, https:\/\/i0.wp.com\/eltrabajo.cl\/portal\/wp-content\/uploads\/2017\/01\/shaolin-publico.jpg?resize=300%2C197&amp;ssl=1 300w, https:\/\/i0.wp.com\/eltrabajo.cl\/portal\/wp-content\/uploads\/2017\/01\/shaolin-publico.jpg?resize=228%2C150&amp;ssl=1 228w, https:\/\/i0.wp.com\/eltrabajo.cl\/portal\/wp-content\/uploads\/2017\/01\/shaolin-publico.jpg?resize=400%2C263&amp;ssl=1 400w\" sizes=\"auto, (max-width: 530px) 100vw, 530px\" \/><\/a><figcaption id=\"caption-attachment-76431\" class=\"wp-caption-text\">MULTITUDINARIA.- M\u00e1s de 7.000 personas inundaron toda la cuadra y las dos plazas centrales de nuestra ciudad.<\/figcaption><\/figure>\n","protected":false},"excerpt":{"rendered":"<p>Dinero recaudado lo destinan a su templo en las monta\u00f1as de China: Cerca de 7.000 personas fueron las que se dieron cita al filo de las 21:00 horas en las inmediaciones de&#8230;<\/p>\n","protected":false},"author":1,"featured_media":76430,"comment_status":"open","ping_status":"open","sticky":false,"template":"","format":"standard","meta":{"advanced_seo_description":"","jetpack_seo_html_title":"","jetpack_seo_noindex":false,"_jetpack_memberships_contains_paid_content":false,"footnotes":""},"categories":[1],"tags":[],"class_list":["post-76427","post","type-post","status-publish","format-standard","has-post-thumbnail","hentry","category-cronica"],"jetpack_featured_media_url":"https:\/\/i0.wp.com\/eltrabajo.cl\/portal\/wp-content\/uploads\/2017\/01\/shaolin-Principal.jpg?fit=530%2C350&ssl=1","jetpack_sharing_enabled":true,"jetpack_likes_enabled":true,"jetpack-related-posts":[],"_links":{"self":[{"href":"https:\/\/eltrabajo.cl\/portal\/wp-json\/wp\/v2\/posts\/76427","targetHints":{"allow":["GET"]}}],"collection":[{"href":"https:\/\/eltrabajo.cl\/portal\/wp-json\/wp\/v2\/posts"}],"about":[{"href":"https:\/\/eltrabajo.cl\/portal\/wp-json\/wp\/v2\/types\/post"}],"author":[{"embeddable":true,"href":"https:\/\/eltrabajo.cl\/portal\/wp-json\/wp\/v2\/users\/1"}],"replies":[{"embeddable":true,"href":"https:\/\/eltrabajo.cl\/portal\/wp-json\/wp\/v2\/comments?post=76427"}],"version-history":[{"count":0,"href":"https:\/\/eltrabajo.cl\/portal\/wp-json\/wp\/v2\/posts\/76427\/revisions"}],"wp:featuredmedia":[{"embeddable":true,"href":"https:\/\/eltrabajo.cl\/portal\/wp-json\/wp\/v2\/media\/76430"}],"wp:attachment":[{"href":"https:\/\/eltrabajo.cl\/portal\/wp-json\/wp\/v2\/media?parent=76427"}],"wp:term":[{"taxonomy":"category","embeddable":true,"href":"https:\/\/eltrabajo.cl\/portal\/wp-json\/wp\/v2\/categories?post=76427"},{"taxonomy":"post_tag","embeddable":true,"href":"https:\/\/eltrabajo.cl\/portal\/wp-json\/wp\/v2\/tags?post=76427"}],"curies":[{"name":"wp","href":"https:\/\/api.w.org\/{rel}","templated":true}]}}