{"id":76434,"date":"2017-01-10T08:48:16","date_gmt":"2017-01-10T08:48:16","guid":{"rendered":"http:\/\/www.eltrabajo.cl\/portal\/?p=76434"},"modified":"2017-01-10T08:48:16","modified_gmt":"2017-01-10T08:48:16","slug":"hija-de-trabajador-de-andina-egresa-como-mejor-alferez-de-la-fuerza-aerea","status":"publish","type":"post","link":"https:\/\/eltrabajo.cl\/portal\/hija-de-trabajador-de-andina-egresa-como-mejor-alferez-de-la-fuerza-aerea\/","title":{"rendered":"Hija de trabajador de Andina egresa como \u2018mejor alf\u00e9rez\u2019 de la Fuerza A\u00e9rea"},"content":{"rendered":"<ul>\n<li><strong><span style=\"color: #ff0000;\">Vannia Aburto, de 22 a\u00f1os:<\/span>\u00a0La distinci\u00f3n fue entregada por la presidenta Michelle Bachelet y puso a la joven como la primera antig\u00fcedad de su generaci\u00f3n, integrada por 72 cadetes \u2013hombres y mujeres\u2013 provenientes de todo Chile. Su padre, el operador de la Planta Concentradora Glinnis Aburto, no oculta su emoci\u00f3n y orgullo por este logro: \u00abes el premio a su esfuerzo\u00bb.<\/strong><\/li>\n<\/ul>\n<p><strong>LOS ANDES.-<\/strong> Mientras cursaba ense\u00f1anza media, Vannia Aburto ten\u00eda las dudas l\u00f3gicas de un estudiante. Pens\u00f3 en ingenier\u00eda, tambi\u00e9n en medicina, pero su padre y hermano la ayudaron a tomar una decisi\u00f3n acertada. En esas conversaciones familiares surgi\u00f3 la opci\u00f3n de una vida militar. \u00abY yo me enamor\u00e9 de la Fuerza A\u00e9rea. Mi pap\u00e1 me ayud\u00f3 a conocer un poco m\u00e1s y a averiguar. Ah\u00ed descubr\u00ed mi vocaci\u00f3n\u00bb, dice la mejor alf\u00e9rez de la generaci\u00f3n 2017 de la Escuela de Aviaci\u00f3n Capit\u00e1n Manuel \u00c1valos Prado de la Fach.<br \/>\nVannia, hija del operador de la Planta Don Luis de Andina, Glinnis Aburto, fue premiada por la presidenta Michelle Bachelet y el comandante en jefe de la Fach, Jorge Robles, como la primera antig\u00fcedad de la denominada generaci\u00f3n Bleriot, compuesta por 72 cadetes (entre ellos diez mujeres), provenientes de todo Chile.<br \/>\nGracias a un esfuerzo de cuatro a\u00f1os, la joven egres\u00f3 como oficial y fue condecorada con la Medalla y la Espada de Honor de la Fuerza A\u00e9rea de Chile, adem\u00e1s del premio Ministerio de Educaci\u00f3n, las medallas de Defensa al M\u00e9rito Acad\u00e9mico y al M\u00e9rito C\u00e1mara de Diputados, y las condecoraciones al M\u00e9rito del Senado y Presidente de la Rep\u00fablica, en el grado de Caballero.<br \/>\nSu padre, quien es trabajador de Andina hace 18 a\u00f1os, comenta que el reconocimiento le signific\u00f3 una emoci\u00f3n indescriptible. \u00abFue una gran satisfacci\u00f3n para la familia. Ella tuvo un m\u00e9rito doble porque destac\u00f3 en un mundo donde la mayor\u00eda son hombres. Nosotros estamos detr\u00e1s de ella, somos muy unidos, pero son sus m\u00e9ritos los que van empezando a marcar su carrera\u00bb.<br \/>\nLaura Navarro, madre de la nueva oficial, cree que la perseverancia de su hija fue determinante en la obtenci\u00f3n del reconocimiento. \u00abEstoy orgullosa no solo por el premio, sino por lo que realiz\u00f3 para ser reconocida. Ya era un triunfo egresar, pero el reconocimiento de su alto mando no tiene precio\u00bb. Sus hermanos Glinnis, de 17 a\u00f1os, y \u00c1lvaro, de 14 a\u00f1os, tambi\u00e9n est\u00e1n felices. \u00abElla me dio un ejemplo de c\u00f3mo cumplir las metas con esfuerzo y sacrificio\u00bb, se\u00f1ala Glinnis.<br \/>\n<strong>\u00abMI PAP\u00c1 ME ENSE\u00d1\u00d3 EL ESFUERZO\u00bb<\/strong><br \/>\nDesde el a\u00f1o 2012, m\u00e1s de 130 cadetes pasaron por la generaci\u00f3n Bleriot, de la cual Vannia logr\u00f3 ser la primera antig\u00fcedad por sus buenas calificaciones acad\u00e9micas y de aptitudes militares, entre otros atributos. Ahora, la nueva oficial de la Fuerza A\u00e9rea viajar\u00e1 a Puerto Montt para cursar durante 2017 su especialidad como piloto. Ser\u00e1 un nuevo reto para el que asegura estar preparada.<br \/>\n\u00abSab\u00eda que entraba a un mundo de hombres, pero as\u00ed como en cualquier desaf\u00edo hay que hacer un gran esfuerzo. Y creo que todo esto es resultado de mi esfuerzo y voluntad. Una a veces dice \u2018no quiero m\u00e1s\u2019 y es dif\u00edcil estando lejos de la familia. Pero desde muy peque\u00f1a mi pap\u00e1 me ense\u00f1\u00f3 que nada es imposible. \u00c9l me demostr\u00f3 que era capaz de hacer todo, y por eso he tenido siempre grandes aspiraciones\u201d.<\/p>\n<figure id=\"attachment_76435\" aria-describedby=\"caption-attachment-76435\" style=\"width: 530px\" class=\"wp-caption alignleft\"><a href=\"http:\/\/www.eltrabajo.cl\/portal\/hija-de-trabajador-de-andina-egresa-como-mejor-alferez-de-la-fuerza-aerea\/familia-egreso\/\" rel=\"attachment wp-att-76435\"><img data-recalc-dims=\"1\" loading=\"lazy\" decoding=\"async\" class=\"size-full wp-image-76435\" src=\"https:\/\/i0.wp.com\/www.eltrabajo.cl\/2017\/wp-content\/uploads\/2017\/01\/Familia-egreso.jpg?resize=530%2C348\" alt=\"Gracias a un esfuerzo de cuatro a\u00f1os, la joven egres\u00f3 como oficial y fue condecorada con la Medalla y la Espada de Honor de la Fuerza A\u00e9rea de Chile, siendo un gran orgullo para su familia.\" width=\"530\" height=\"348\" srcset=\"https:\/\/i0.wp.com\/eltrabajo.cl\/portal\/wp-content\/uploads\/2017\/01\/Familia-egreso.jpg?w=530&amp;ssl=1 530w, https:\/\/i0.wp.com\/eltrabajo.cl\/portal\/wp-content\/uploads\/2017\/01\/Familia-egreso.jpg?resize=200%2C131&amp;ssl=1 200w, https:\/\/i0.wp.com\/eltrabajo.cl\/portal\/wp-content\/uploads\/2017\/01\/Familia-egreso.jpg?resize=300%2C197&amp;ssl=1 300w, https:\/\/i0.wp.com\/eltrabajo.cl\/portal\/wp-content\/uploads\/2017\/01\/Familia-egreso.jpg?resize=228%2C150&amp;ssl=1 228w, https:\/\/i0.wp.com\/eltrabajo.cl\/portal\/wp-content\/uploads\/2017\/01\/Familia-egreso.jpg?resize=400%2C263&amp;ssl=1 400w\" sizes=\"auto, (max-width: 530px) 100vw, 530px\" \/><\/a><figcaption id=\"caption-attachment-76435\" class=\"wp-caption-text\">Gracias a un esfuerzo de cuatro a\u00f1os, la joven egres\u00f3 como oficial y fue condecorada con la Medalla y la Espada de Honor de la Fuerza A\u00e9rea de Chile, siendo un gran orgullo para su familia.<\/figcaption><\/figure>\n<figure id=\"attachment_76436\" aria-describedby=\"caption-attachment-76436\" style=\"width: 530px\" class=\"wp-caption alignleft\"><a href=\"http:\/\/www.eltrabajo.cl\/portal\/hija-de-trabajador-de-andina-egresa-como-mejor-alferez-de-la-fuerza-aerea\/vannia-avion\/\" rel=\"attachment wp-att-76436\"><img data-recalc-dims=\"1\" loading=\"lazy\" decoding=\"async\" class=\"size-full wp-image-76436\" src=\"https:\/\/i0.wp.com\/www.eltrabajo.cl\/2017\/wp-content\/uploads\/2017\/01\/VANNIA-AVION.jpg?resize=530%2C348\" alt=\"Vannia Aburto, hija de trabajador de Andina egresa como  \u2018mejor alf\u00e9rez\u2019 de la Escuela de Aviaci\u00f3n de la Fach.\" width=\"530\" height=\"348\" srcset=\"https:\/\/i0.wp.com\/eltrabajo.cl\/portal\/wp-content\/uploads\/2017\/01\/VANNIA-AVION.jpg?w=530&amp;ssl=1 530w, https:\/\/i0.wp.com\/eltrabajo.cl\/portal\/wp-content\/uploads\/2017\/01\/VANNIA-AVION.jpg?resize=200%2C131&amp;ssl=1 200w, https:\/\/i0.wp.com\/eltrabajo.cl\/portal\/wp-content\/uploads\/2017\/01\/VANNIA-AVION.jpg?resize=300%2C197&amp;ssl=1 300w, https:\/\/i0.wp.com\/eltrabajo.cl\/portal\/wp-content\/uploads\/2017\/01\/VANNIA-AVION.jpg?resize=228%2C150&amp;ssl=1 228w, https:\/\/i0.wp.com\/eltrabajo.cl\/portal\/wp-content\/uploads\/2017\/01\/VANNIA-AVION.jpg?resize=400%2C263&amp;ssl=1 400w\" sizes=\"auto, (max-width: 530px) 100vw, 530px\" \/><\/a><figcaption id=\"caption-attachment-76436\" class=\"wp-caption-text\">Vannia Aburto, hija de trabajador de Andina egresa como \u2018mejor alf\u00e9rez\u2019 de la Escuela de Aviaci\u00f3n de la Fach.<\/figcaption><\/figure>\n","protected":false},"excerpt":{"rendered":"<p>Vannia Aburto, de 22 a\u00f1os:\u00a0La distinci\u00f3n fue entregada por la presidenta Michelle Bachelet y puso a la joven como la primera antig\u00fcedad de su generaci\u00f3n, integrada por 72 cadetes \u2013hombres y mujeres\u2013&#8230;<\/p>\n","protected":false},"author":1,"featured_media":76435,"comment_status":"open","ping_status":"open","sticky":false,"template":"","format":"standard","meta":{"advanced_seo_description":"","jetpack_seo_html_title":"","jetpack_seo_noindex":false,"_jetpack_memberships_contains_paid_content":false,"footnotes":""},"categories":[15],"tags":[],"class_list":["post-76434","post","type-post","status-publish","format-standard","has-post-thumbnail","hentry","category-comunidad"],"jetpack_featured_media_url":"https:\/\/i0.wp.com\/eltrabajo.cl\/portal\/wp-content\/uploads\/2017\/01\/Familia-egreso.jpg?fit=530%2C348&ssl=1","jetpack_sharing_enabled":true,"jetpack_likes_enabled":true,"jetpack-related-posts":[],"_links":{"self":[{"href":"https:\/\/eltrabajo.cl\/portal\/wp-json\/wp\/v2\/posts\/76434","targetHints":{"allow":["GET"]}}],"collection":[{"href":"https:\/\/eltrabajo.cl\/portal\/wp-json\/wp\/v2\/posts"}],"about":[{"href":"https:\/\/eltrabajo.cl\/portal\/wp-json\/wp\/v2\/types\/post"}],"author":[{"embeddable":true,"href":"https:\/\/eltrabajo.cl\/portal\/wp-json\/wp\/v2\/users\/1"}],"replies":[{"embeddable":true,"href":"https:\/\/eltrabajo.cl\/portal\/wp-json\/wp\/v2\/comments?post=76434"}],"version-history":[{"count":0,"href":"https:\/\/eltrabajo.cl\/portal\/wp-json\/wp\/v2\/posts\/76434\/revisions"}],"wp:featuredmedia":[{"embeddable":true,"href":"https:\/\/eltrabajo.cl\/portal\/wp-json\/wp\/v2\/media\/76435"}],"wp:attachment":[{"href":"https:\/\/eltrabajo.cl\/portal\/wp-json\/wp\/v2\/media?parent=76434"}],"wp:term":[{"taxonomy":"category","embeddable":true,"href":"https:\/\/eltrabajo.cl\/portal\/wp-json\/wp\/v2\/categories?post=76434"},{"taxonomy":"post_tag","embeddable":true,"href":"https:\/\/eltrabajo.cl\/portal\/wp-json\/wp\/v2\/tags?post=76434"}],"curies":[{"name":"wp","href":"https:\/\/api.w.org\/{rel}","templated":true}]}}