{"id":76439,"date":"2017-01-10T08:51:08","date_gmt":"2017-01-10T08:51:08","guid":{"rendered":"http:\/\/www.eltrabajo.cl\/portal\/?p=76439"},"modified":"2017-01-10T08:51:08","modified_gmt":"2017-01-10T08:51:08","slug":"titulan-a-la-primera-generacion-del-programa-de-licenciatura-en-trabajo-social","status":"publish","type":"post","link":"https:\/\/eltrabajo.cl\/portal\/titulan-a-la-primera-generacion-del-programa-de-licenciatura-en-trabajo-social\/","title":{"rendered":"Titulan a la primera generaci\u00f3n del programa de Licenciatura en Trabajo Social"},"content":{"rendered":"<ul>\n<li><strong><span style=\"color: #ff0000;\">Universidad de Aconcagua:<\/span>\u00a0Los nuevos profesionales pertenecen en su mayor\u00eda a los servicios p\u00fablicos y municipalidades de las diferentes comunas del Valle de Aconcagua. <\/strong><\/li>\n<\/ul>\n<p>\u201cCuando creamos este programa, lo hicimos para que aquellos trabajadores sociales que no ten\u00edan su grado de licenciado, pudieran obtenerlo y con ello mejorar sus perspectivas laborales. Adem\u00e1s, esto naci\u00f3 de ellos mismos, por lo que realmente podemos decir que ha sido un gran trabajo conjunto y una gran experiencia para nuestra Universidad\u201d. Con estas palabras, el director de la sede San Felipe de la Universidad de Aconcagua, Javier Cerda, expres\u00f3 su satisfacci\u00f3n al cabo de la ceremonia de titulaci\u00f3n de la primera generaci\u00f3n del programa de Licenciatura en Trabajo Social.<br \/>\nLa actividad fue presidida por el decano de Humanidades y Ciencias Sociales, Marco Medina y cont\u00f3 con la presencia del consejero regional, Rolando Stevenson y del alcalde de San Felipe, Patricio Freire, quien entreg\u00f3 un reconocimiento a los seis estudiantes que forman parte del equipo de la Municipalidad de San Felipe, todo en medio de los aplausos de las cerca de 200 personas que llegaron hasta el Teatro Municipal y que disfrutaron tambi\u00e9n con la presencia del cantante Roberto Adasme, quien tambi\u00e9n es estudiante de la casa de estudios.<br \/>\nA nombre de los nuevos titulados, Mar\u00eda Elisa Mu\u00f1oz agradeci\u00f3 el trabajo de todo el personal de la Universidad para sacar adelante este programa, destacando tambi\u00e9n las caracter\u00edsticas personales de cada uno de sus compa\u00f1eros y de los diferentes esfuerzos que debieron hacer para continuar sus estudios superiores y obtener su t\u00edtulo.<br \/>\n\u201cUna de nuestra caracter\u00edsticas como Universidad es estar constantemente innovando en nuestros programas de acuerdo con las diferentes necesidades que el mercado laboral le exige a los profesionales y t\u00e9cnicos. Esto lo hacemos en el \u00e1rea de las ingenier\u00edas, de la salud y en este caso de las humanidades, lo que nos tiene absolutamente satisfechos\u201d, concluy\u00f3 Javier Cerda.<\/p>\n<figure id=\"attachment_76440\" aria-describedby=\"caption-attachment-76440\" style=\"width: 530px\" class=\"wp-caption alignleft\"><a href=\"http:\/\/www.eltrabajo.cl\/portal\/titulan-a-la-primera-generacion-del-programa-de-licenciatura-en-trabajo-social\/grupal-3\/\" rel=\"attachment wp-att-76440\"><img data-recalc-dims=\"1\" loading=\"lazy\" decoding=\"async\" class=\"size-full wp-image-76440\" src=\"https:\/\/i0.wp.com\/www.eltrabajo.cl\/2017\/wp-content\/uploads\/2017\/01\/GRUPAL-3.jpg?resize=530%2C349\" alt=\"Ceremonia de titulaci\u00f3n de la primera generaci\u00f3n del programa de Licenciatura en Trabajo Social.\" width=\"530\" height=\"349\" srcset=\"https:\/\/i0.wp.com\/eltrabajo.cl\/portal\/wp-content\/uploads\/2017\/01\/GRUPAL-3.jpg?w=530&amp;ssl=1 530w, https:\/\/i0.wp.com\/eltrabajo.cl\/portal\/wp-content\/uploads\/2017\/01\/GRUPAL-3.jpg?resize=200%2C132&amp;ssl=1 200w, https:\/\/i0.wp.com\/eltrabajo.cl\/portal\/wp-content\/uploads\/2017\/01\/GRUPAL-3.jpg?resize=300%2C198&amp;ssl=1 300w, https:\/\/i0.wp.com\/eltrabajo.cl\/portal\/wp-content\/uploads\/2017\/01\/GRUPAL-3.jpg?resize=228%2C150&amp;ssl=1 228w, https:\/\/i0.wp.com\/eltrabajo.cl\/portal\/wp-content\/uploads\/2017\/01\/GRUPAL-3.jpg?resize=400%2C263&amp;ssl=1 400w\" sizes=\"auto, (max-width: 530px) 100vw, 530px\" \/><\/a><figcaption id=\"caption-attachment-76440\" class=\"wp-caption-text\">Ceremonia de titulaci\u00f3n de la primera generaci\u00f3n del programa de Licenciatura en Trabajo Social.<\/figcaption><\/figure>\n<figure id=\"attachment_76441\" aria-describedby=\"caption-attachment-76441\" style=\"width: 530px\" class=\"wp-caption alignleft\"><a href=\"http:\/\/www.eltrabajo.cl\/portal\/titulan-a-la-primera-generacion-del-programa-de-licenciatura-en-trabajo-social\/grupal-2\/\" rel=\"attachment wp-att-76441\"><img data-recalc-dims=\"1\" loading=\"lazy\" decoding=\"async\" class=\"size-full wp-image-76441\" src=\"https:\/\/i0.wp.com\/www.eltrabajo.cl\/2017\/wp-content\/uploads\/2017\/01\/Grupal.jpg?resize=530%2C350\" alt=\"Los nuevos profesionales pertenecen en su mayor\u00eda a los servicios p\u00fablicos y municipalidades de las diferentes comunas del Valle de Aconcagua\" width=\"530\" height=\"350\" srcset=\"https:\/\/i0.wp.com\/eltrabajo.cl\/portal\/wp-content\/uploads\/2017\/01\/Grupal.jpg?w=530&amp;ssl=1 530w, https:\/\/i0.wp.com\/eltrabajo.cl\/portal\/wp-content\/uploads\/2017\/01\/Grupal.jpg?resize=200%2C132&amp;ssl=1 200w, https:\/\/i0.wp.com\/eltrabajo.cl\/portal\/wp-content\/uploads\/2017\/01\/Grupal.jpg?resize=300%2C198&amp;ssl=1 300w, https:\/\/i0.wp.com\/eltrabajo.cl\/portal\/wp-content\/uploads\/2017\/01\/Grupal.jpg?resize=227%2C150&amp;ssl=1 227w, https:\/\/i0.wp.com\/eltrabajo.cl\/portal\/wp-content\/uploads\/2017\/01\/Grupal.jpg?resize=400%2C264&amp;ssl=1 400w\" sizes=\"auto, (max-width: 530px) 100vw, 530px\" \/><\/a><figcaption id=\"caption-attachment-76441\" class=\"wp-caption-text\">Los nuevos profesionales pertenecen en su mayor\u00eda a los servicios p\u00fablicos y municipalidades de las diferentes comunas del Valle de Aconcagua<\/figcaption><\/figure>\n<figure id=\"attachment_76442\" aria-describedby=\"caption-attachment-76442\" style=\"width: 530px\" class=\"wp-caption alignleft\"><a href=\"http:\/\/www.eltrabajo.cl\/portal\/titulan-a-la-primera-generacion-del-programa-de-licenciatura-en-trabajo-social\/grupal2-6\/\" rel=\"attachment wp-att-76442\"><img data-recalc-dims=\"1\" loading=\"lazy\" decoding=\"async\" class=\"size-full wp-image-76442\" src=\"https:\/\/i0.wp.com\/www.eltrabajo.cl\/2017\/wp-content\/uploads\/2017\/01\/Grupal2.jpg?resize=530%2C350\" alt=\"La actividad fue presidida por el decano de Humanidades y Ciencias Sociales, Marco Medina y cont\u00f3 con la presencia del consejero regional, Rolando Stevenson y del alcalde de San Felipe, Patricio Freire.\" width=\"530\" height=\"350\" srcset=\"https:\/\/i0.wp.com\/eltrabajo.cl\/portal\/wp-content\/uploads\/2017\/01\/Grupal2.jpg?w=530&amp;ssl=1 530w, https:\/\/i0.wp.com\/eltrabajo.cl\/portal\/wp-content\/uploads\/2017\/01\/Grupal2.jpg?resize=200%2C132&amp;ssl=1 200w, https:\/\/i0.wp.com\/eltrabajo.cl\/portal\/wp-content\/uploads\/2017\/01\/Grupal2.jpg?resize=300%2C198&amp;ssl=1 300w, https:\/\/i0.wp.com\/eltrabajo.cl\/portal\/wp-content\/uploads\/2017\/01\/Grupal2.jpg?resize=227%2C150&amp;ssl=1 227w, https:\/\/i0.wp.com\/eltrabajo.cl\/portal\/wp-content\/uploads\/2017\/01\/Grupal2.jpg?resize=400%2C264&amp;ssl=1 400w\" sizes=\"auto, (max-width: 530px) 100vw, 530px\" \/><\/a><figcaption id=\"caption-attachment-76442\" class=\"wp-caption-text\">La actividad fue presidida por el decano de Humanidades y Ciencias Sociales, Marco Medina y cont\u00f3 con la presencia del consejero regional, Rolando Stevenson y del alcalde de San Felipe, Patricio Freire.<\/figcaption><\/figure>\n","protected":false},"excerpt":{"rendered":"<p>Universidad de Aconcagua:\u00a0Los nuevos profesionales pertenecen en su mayor\u00eda a los servicios p\u00fablicos y municipalidades de las diferentes comunas del Valle de Aconcagua. \u201cCuando creamos este programa, lo hicimos para que aquellos&#8230;<\/p>\n","protected":false},"author":1,"featured_media":76440,"comment_status":"open","ping_status":"open","sticky":false,"template":"","format":"standard","meta":{"advanced_seo_description":"","jetpack_seo_html_title":"","jetpack_seo_noindex":false,"_jetpack_memberships_contains_paid_content":false,"footnotes":""},"categories":[15],"tags":[],"class_list":["post-76439","post","type-post","status-publish","format-standard","has-post-thumbnail","hentry","category-comunidad"],"jetpack_featured_media_url":"https:\/\/i0.wp.com\/eltrabajo.cl\/portal\/wp-content\/uploads\/2017\/01\/GRUPAL-3.jpg?fit=530%2C349&ssl=1","jetpack_sharing_enabled":true,"jetpack_likes_enabled":true,"jetpack-related-posts":[],"_links":{"self":[{"href":"https:\/\/eltrabajo.cl\/portal\/wp-json\/wp\/v2\/posts\/76439","targetHints":{"allow":["GET"]}}],"collection":[{"href":"https:\/\/eltrabajo.cl\/portal\/wp-json\/wp\/v2\/posts"}],"about":[{"href":"https:\/\/eltrabajo.cl\/portal\/wp-json\/wp\/v2\/types\/post"}],"author":[{"embeddable":true,"href":"https:\/\/eltrabajo.cl\/portal\/wp-json\/wp\/v2\/users\/1"}],"replies":[{"embeddable":true,"href":"https:\/\/eltrabajo.cl\/portal\/wp-json\/wp\/v2\/comments?post=76439"}],"version-history":[{"count":0,"href":"https:\/\/eltrabajo.cl\/portal\/wp-json\/wp\/v2\/posts\/76439\/revisions"}],"wp:featuredmedia":[{"embeddable":true,"href":"https:\/\/eltrabajo.cl\/portal\/wp-json\/wp\/v2\/media\/76440"}],"wp:attachment":[{"href":"https:\/\/eltrabajo.cl\/portal\/wp-json\/wp\/v2\/media?parent=76439"}],"wp:term":[{"taxonomy":"category","embeddable":true,"href":"https:\/\/eltrabajo.cl\/portal\/wp-json\/wp\/v2\/categories?post=76439"},{"taxonomy":"post_tag","embeddable":true,"href":"https:\/\/eltrabajo.cl\/portal\/wp-json\/wp\/v2\/tags?post=76439"}],"curies":[{"name":"wp","href":"https:\/\/api.w.org\/{rel}","templated":true}]}}